{"id":135788,"date":"2026-01-13T14:38:21","date_gmt":"2026-01-13T14:38:21","guid":{"rendered":"https:\/\/www.europesays.com\/no\/135788\/"},"modified":"2026-01-13T14:38:21","modified_gmt":"2026-01-13T14:38:21","slug":"containerinnbrudd-dagen-for-konkursen-kraftige-beskyldninger-bergensavisen","status":"publish","type":"post","link":"https:\/\/www.europesays.com\/no\/135788\/","title":{"rendered":"Containerinnbrudd dagen f\u00f8r konkursen: Kraftige beskyldninger &#8211; Bergensavisen"},"content":{"rendered":"<ol>\n<li><a href=\"https:\/\/news.google.com\/rss\/articles\/CBMirwFBVV95cUxOYWFFOHFKM3NhSEZmMjVxTTdYMWhTNGt3VlBUaXhmbnNYR1BXNDlqYngydWtCU3VmdDdZeVdHV21RLWtTN3RLUXB0M3B2T3NOM1VxMFduSlFrOHJWRjVpd2VDTEZ6aG1fVExIeldZZ2JGak5OaTRLZV9XdDB1Q0RmWXFKTEt3TXpwN2ZKTlU2bDdxaThIY3hXVlM1YUNDZmktTkR3Uk1MdTk4X2ZVczQw?oc=5\" target=\"_blank\" rel=\"nofollow noopener\">Containerinnbrudd dagen f\u00f8r konkursen: Kraftige beskyldninger<\/a>&nbsp;&nbsp;Bergensavisen<\/li>\n<li><a href=\"https:\/\/news.google.com\/rss\/articles\/CBMisgFBVV95cUxOWktaU21qMFhHZGZEcGpua3FVQ2FRTVBCZEFqRkJObXRWNUhyak54TWhDWHJ2WG1jYjRJZnl3WlN6S1paRG11SkF3b2toRzdVdXlucDgxN1JzbFpPZkl6d1BZcWg4QUgyekZsY09SZl9wOFlFR25YTkY5WVBrQVdSV1psbmNEeEFZOFZTUjFoYi1YaXFHNkpwUFJnZzhJNTdkcUhMY0lfQnA5akFfTXVpTm5B?oc=5\" target=\"_blank\" rel=\"nofollow noopener\">(+) Anleggs\u00adentrepren\u00f8r sl\u00e5s konkurs \u2013 30 mister jobben<\/a>&nbsp;&nbsp;Anlegg.no<\/li>\n<li><a href=\"https:\/\/news.google.com\/rss\/articles\/CBMijgFBVV95cUxOUGJzZTdMN3lPSHJienpLUzUxcUdOb1FDUjJOMEhiZWZVeFpaTDh3RTRuMEg1Z3ZyWkhJb3VVUVVQLXJVZkxWSW43RWhDQmV3Tkg2d1JIZjRoQzBUcUV3cld6VFpzQUMxTzJibWZCbk9DUGlGb3dQdjlQQjVRZnZGbjMxYVJ3QS0zSElDRGx3?oc=5\" target=\"_blank\" rel=\"nofollow noopener\">(+) Anlegg Vest beskylder bergensfirma for innbrudd<\/a>&nbsp;&nbsp;askoy24<\/li>\n<li><a href=\"https:\/\/news.google.com\/rss\/articles\/CBMijwFBVV95cUxQaTVYY2pNcVlpZGY1a3B3X1k4NFVQeUFIeVBtN3Z4ZHY1QWUybzcwS3lHa0l4dFZMLWdLRXVTTHViUzgyaEhMc25BVjYwWWZDT0hLVDhoVG9PWFBNSzk3T1J1UDVvUzFOWGFyTUtPZVFnYmVGcVpWbW9mZmR0VGdKeHdDRzBRdC1aR2JaTmk3OA?oc=5\" target=\"_blank\" rel=\"nofollow noopener\">Tyveri fra Anlegg Vest dagen f\u00f8r beskjeden om konkurs<\/a>&nbsp;&nbsp;Bergens Tidende<\/li>\n<li><a href=\"https:\/\/news.google.com\/rss\/articles\/CBMisgFBVV95cUxNcEdjREJvY1dyRjc0SE9oSWxtaEhmRFJ1V1FCbDh6eS01X3NaV2syQ01ZU3VXTnhkN3BpX3NhdzNycm9rY1JZbVk2QjZfYjlRbjRLcy1Obkk1VmtNdll4dHlNVDUwdmhNRl9wdVVVVmFRbjFmMFVGeEVfa3lZVEhZTlNOZDI4dkVfejhLWVE1UVRqczdWM1VqSWRmUFFHY3hWcldqeXpoTzRlYUtDZEVqUVhR?oc=5\" target=\"_blank\" rel=\"nofollow noopener\">30 ansatte mister jobben: \u2013 En j\u00e6vlig nyhet \u00e5 f\u00e5<\/a>&nbsp;&nbsp;FriFagbevegelse<\/li>\n<\/ol>\n","protected":false},"excerpt":{"rendered":"Containerinnbrudd dagen f\u00f8r konkursen: Kraftige beskyldninger&nbsp;&nbsp;Bergensavisen (+) Anleggs\u00adentrepren\u00f8r sl\u00e5s konkurs \u2013 30 mister jobben&nbsp;&nbsp;Anlegg.no (+) Anlegg Vest beskylder&hellip;\n","protected":false},"author":2,"featured_media":135789,"comment_status":"","ping_status":"","sticky":false,"template":"","format":"standard","meta":{"footnotes":""},"categories":[10],"tags":[20,21,24,25,15,22,23,13,30,28,29,14,16,26,27],"class_list":{"0":"post-135788","1":"post","2":"type-post","3":"status-publish","4":"format-standard","5":"has-post-thumbnail","7":"category-norge","8":"tag-breaking-news","9":"tag-breakingnews","10":"tag-featured-news","11":"tag-featurednews","12":"tag-headlines","13":"tag-latest-news","14":"tag-latestnews","15":"tag-news","16":"tag-no","17":"tag-norge","18":"tag-norway","19":"tag-nyheter","20":"tag-overskrifter","21":"tag-top-stories","22":"tag-topstories"},"share_on_mastodon":{"url":"https:\/\/pubeurope.com\/@no\/115888305133536985","error":""},"_links":{"self":[{"href":"https:\/\/www.europesays.com\/no\/wp-json\/wp\/v2\/posts\/135788","targetHints":{"allow":["GET"]}}],"collection":[{"href":"https:\/\/www.europesays.com\/no\/wp-json\/wp\/v2\/posts"}],"about":[{"href":"https:\/\/www.europesays.com\/no\/wp-json\/wp\/v2\/types\/post"}],"author":[{"embeddable":true,"href":"https:\/\/www.europesays.com\/no\/wp-json\/wp\/v2\/users\/2"}],"replies":[{"embeddable":true,"href":"https:\/\/www.europesays.com\/no\/wp-json\/wp\/v2\/comments?post=135788"}],"version-history":[{"count":0,"href":"https:\/\/www.europesays.com\/no\/wp-json\/wp\/v2\/posts\/135788\/revisions"}],"wp:featuredmedia":[{"embeddable":true,"href":"https:\/\/www.europesays.com\/no\/wp-json\/wp\/v2\/media\/135789"}],"wp:attachment":[{"href":"https:\/\/www.europesays.com\/no\/wp-json\/wp\/v2\/media?parent=135788"}],"wp:term":[{"taxonomy":"category","embeddable":true,"href":"https:\/\/www.europesays.com\/no\/wp-json\/wp\/v2\/categories?post=135788"},{"taxonomy":"post_tag","embeddable":true,"href":"https:\/\/www.europesays.com\/no\/wp-json\/wp\/v2\/tags?post=135788"}],"curies":[{"name":"wp","href":"https:\/\/api.w.org\/{rel}","templated":true}]}}