{"id":135792,"date":"2026-01-13T14:48:09","date_gmt":"2026-01-13T14:48:09","guid":{"rendered":"https:\/\/www.europesays.com\/no\/135792\/"},"modified":"2026-01-13T14:48:09","modified_gmt":"2026-01-13T14:48:09","slug":"kalles-tilbake-fra-lan-stor-interesse","status":"publish","type":"post","link":"https:\/\/www.europesays.com\/no\/135792\/","title":{"rendered":"Kalles tilbake fra l\u00e5n: \u2013 Stor interesse"},"content":{"rendered":"<p>Manchester United melder mandag at Ethan Wheatley er blitt kalt tilbake fra sitt utl\u00e5n i Northampton Town.<\/p>\n<p>Den 19 \u00e5r gamle spissen fikk 25 kamper for League One-klubben og noterte seg for tre m\u00e5l og fire m\u00e5lgivende pasninger.<\/p>\n<p>Han er dermed den fjerde unggutten som returnerer til klubben i januar, etter Toby Collyer (West Bromwich), Sonny Aljofree (Notts County) og Louis Jackson (Solihull Moors).<\/p>\n<p>Wheatley st\u00e5r med fire kamper for Uniteds f\u00f8rstelag \u2013 alle korte innhopp p\u00e5 til sammen 18 minutter.<\/p>\n<p>Sannsynligvis blir han ikke v\u00e6rende p\u00e5 Carrington lenge i vinter.<\/p>\n<p>If\u00f8lge BBC-journalist <a href=\"https:\/\/x.com\/sistoney67\/status\/2010698768140644562\" rel=\"nofollow\">Simon Stone<\/a> er det stor interesse for spissen, og planen skal v\u00e6re \u00e5 sende ham ut p\u00e5 et nytt utl\u00e5n for resten av sesongen.<\/p>\n","protected":false},"excerpt":{"rendered":"Manchester United melder mandag at Ethan Wheatley er blitt kalt tilbake fra sitt utl\u00e5n i Northampton Town. Den&hellip;\n","protected":false},"author":2,"featured_media":135793,"comment_status":"","ping_status":"","sticky":false,"template":"","format":"standard","meta":{"footnotes":""},"categories":[59],"tags":[30,28,29,83,82],"class_list":{"0":"post-135792","1":"post","2":"type-post","3":"status-publish","4":"format-standard","5":"has-post-thumbnail","7":"category-sport","8":"tag-no","9":"tag-norge","10":"tag-norway","11":"tag-sport","12":"tag-sports"},"share_on_mastodon":{"url":"https:\/\/pubeurope.com\/@no\/115888344452501473","error":""},"_links":{"self":[{"href":"https:\/\/www.europesays.com\/no\/wp-json\/wp\/v2\/posts\/135792","targetHints":{"allow":["GET"]}}],"collection":[{"href":"https:\/\/www.europesays.com\/no\/wp-json\/wp\/v2\/posts"}],"about":[{"href":"https:\/\/www.europesays.com\/no\/wp-json\/wp\/v2\/types\/post"}],"author":[{"embeddable":true,"href":"https:\/\/www.europesays.com\/no\/wp-json\/wp\/v2\/users\/2"}],"replies":[{"embeddable":true,"href":"https:\/\/www.europesays.com\/no\/wp-json\/wp\/v2\/comments?post=135792"}],"version-history":[{"count":0,"href":"https:\/\/www.europesays.com\/no\/wp-json\/wp\/v2\/posts\/135792\/revisions"}],"wp:featuredmedia":[{"embeddable":true,"href":"https:\/\/www.europesays.com\/no\/wp-json\/wp\/v2\/media\/135793"}],"wp:attachment":[{"href":"https:\/\/www.europesays.com\/no\/wp-json\/wp\/v2\/media?parent=135792"}],"wp:term":[{"taxonomy":"category","embeddable":true,"href":"https:\/\/www.europesays.com\/no\/wp-json\/wp\/v2\/categories?post=135792"},{"taxonomy":"post_tag","embeddable":true,"href":"https:\/\/www.europesays.com\/no\/wp-json\/wp\/v2\/tags?post=135792"}],"curies":[{"name":"wp","href":"https:\/\/api.w.org\/{rel}","templated":true}]}}