{"id":135794,"date":"2026-01-13T14:51:06","date_gmt":"2026-01-13T14:51:06","guid":{"rendered":"https:\/\/www.europesays.com\/no\/135794\/"},"modified":"2026-01-13T14:51:06","modified_gmt":"2026-01-13T14:51:06","slug":"donald-trump-usa-ferske-inflasjonstall-fra-usa","status":"publish","type":"post","link":"https:\/\/www.europesays.com\/no\/135794\/","title":{"rendered":"Donald Trump, USA | Ferske inflasjonstall fra USA"},"content":{"rendered":"\n<p>Ferske inflasjonstall fra USA ble presentert tirsdag ettermiddag norsk tid. Prisveksten \u00f8kte med 0,3 prosent fra november til desember og med 2,7 prosent de siste tolv m\u00e5nedene.<\/p>\n<p>Det melder <a href=\"https:\/\/www.bls.gov\/\" rel=\"Follow nofollow noopener\" target=\"_blank\">Bureau of Labor Statistics<\/a>.<\/p>\n<p><b>Les ogs\u00e5: <a href=\"https:\/\/www.nettavisen.no\/okonomi\/tidligere-amerikansk-rentetopp-esther-george-til-nettavisen-det-vil-vare-katastrofalt\/s\/5-95-2815030\" rel=\"Follow nofollow noopener\" target=\"_blank\">Tidligere amerikansk rentetopp til Nettavisen: \u2013 Det vil v\u00e6re katastrofalt<\/a><\/b><\/p>\n<p>Kjerneinflasjonen, som ikke tar med energiprisvekst og matprisvekst, l\u00e5 p\u00e5 0,2 prosent og 2,6 prosent.<\/p>\n<p>\u2013 Har gjort tiltak for \u00e5 redusere skadevirkninger<\/p>\n<p>Det var lavere \u00f8konomene hadde forventet, melder <a href=\"https:\/\/www.cnbc.com\/2026\/01\/12\/stock-market-today-live-updates.html\" rel=\"Follow nofollow noopener\" target=\"_blank\">CNBC. <\/a><\/p>\n<p>\u2013 Kjerneinflasjonen ble bittelitt bedre enn ventet. Den var ventet til 2,7 prosent, men endte p\u00e5 2,6 prosent og er dermed uendret fra forrige m\u00e5ned. Samlet inflasjon endte p\u00e5 2,7 prosent, akkurat som ventet, sier sjef\u00f8konom Kyrre Knudsen i SpareBank 1 S\u00f8r-Norge.<\/p>\n<p>Dette er positivt, konkluderer han.<\/p>\n<p>\u2013 Trump har gjort mange uforutsigbare grep, og vi kunne fryktet at politikken ville gi mer inflasjonspress. I sommer var kjerneinflasjonen over 3 prosent, n\u00e5 er den nede p\u00e5 2,6.<\/p>\n<p>Han peker p\u00e5 lavere l\u00f8nnsvekst.<\/p>\n<p>\u2013 I tillegg er det gjort flere tiltak for \u00e5 redusere skadevirkningene av Trumps politikk. Trump har ogs\u00e5 senket tollsatser p\u00e5 enkelte varer.<\/p>\n<p><b>Les ogs\u00e5: <a class=\"simple-relation related-teaser article--c-eRUmMG article--c-eRUmMG-fZoQSp-design-nettavisen article--c-eRUmMG-gwthdJ-cv\" href=\"https:\/\/www.nettavisen.no\/kraftig-dollarsmell-trump-er-villig-til-a-ga-langt\/s\/5-95-2819644\" rel=\"nofollow noopener\" target=\"_blank\">Kraftig dollarsmell: \u2013 Trump er villig til \u00e5 g\u00e5 langt<\/a><\/b><\/p>\n<p>\u2013 Positivt for Norge<\/p>\n<p>Men det er usikkerhet rundt tallene, som f\u00f8lge av nedstengingen av statsapparatet i USA som fant sted mot slutten av 2025, forklarer Knudsen.<\/p>\n<p>\u2013 Novembertallene ble estimert, i oktober fikk vi ikke tall, og i september var inflasjonen p\u00e5 3,0. Nedgangen i perioden med nedstenging har v\u00e6rt betydelig. Det er en spesiell situasjon, og mange er usikre p\u00e5 tallene.<\/p>\n<p>\u2013 Hvis tallene st\u00e5r seg, er det positivt for Norge. Da kan Fed kutte renten, noe som gj\u00f8r det lettere for Norges Bank ogs\u00e5, legger han til.<\/p>\n","protected":false},"excerpt":{"rendered":"Ferske inflasjonstall fra USA ble presentert tirsdag ettermiddag norsk tid. Prisveksten \u00f8kte med 0,3 prosent fra november til&hellip;\n","protected":false},"author":2,"featured_media":135795,"comment_status":"","ping_status":"","sticky":false,"template":"","format":"standard","meta":{"footnotes":""},"categories":[56],"tags":[60,61,62,30,28,29],"class_list":{"0":"post-135794","1":"post","2":"type-post","3":"status-publish","4":"format-standard","5":"has-post-thumbnail","7":"category-naeringsliv","8":"tag-business","9":"tag-economy","10":"tag-naeringsliv","11":"tag-no","12":"tag-norge","13":"tag-norway"},"share_on_mastodon":{"url":"https:\/\/pubeurope.com\/@no\/115888356403089339","error":""},"_links":{"self":[{"href":"https:\/\/www.europesays.com\/no\/wp-json\/wp\/v2\/posts\/135794","targetHints":{"allow":["GET"]}}],"collection":[{"href":"https:\/\/www.europesays.com\/no\/wp-json\/wp\/v2\/posts"}],"about":[{"href":"https:\/\/www.europesays.com\/no\/wp-json\/wp\/v2\/types\/post"}],"author":[{"embeddable":true,"href":"https:\/\/www.europesays.com\/no\/wp-json\/wp\/v2\/users\/2"}],"replies":[{"embeddable":true,"href":"https:\/\/www.europesays.com\/no\/wp-json\/wp\/v2\/comments?post=135794"}],"version-history":[{"count":0,"href":"https:\/\/www.europesays.com\/no\/wp-json\/wp\/v2\/posts\/135794\/revisions"}],"wp:featuredmedia":[{"embeddable":true,"href":"https:\/\/www.europesays.com\/no\/wp-json\/wp\/v2\/media\/135795"}],"wp:attachment":[{"href":"https:\/\/www.europesays.com\/no\/wp-json\/wp\/v2\/media?parent=135794"}],"wp:term":[{"taxonomy":"category","embeddable":true,"href":"https:\/\/www.europesays.com\/no\/wp-json\/wp\/v2\/categories?post=135794"},{"taxonomy":"post_tag","embeddable":true,"href":"https:\/\/www.europesays.com\/no\/wp-json\/wp\/v2\/tags?post=135794"}],"curies":[{"name":"wp","href":"https:\/\/api.w.org\/{rel}","templated":true}]}}