{"id":135796,"date":"2026-01-13T14:52:15","date_gmt":"2026-01-13T14:52:15","guid":{"rendered":"https:\/\/www.europesays.com\/no\/135796\/"},"modified":"2026-01-13T14:52:15","modified_gmt":"2026-01-13T14:52:15","slug":"faen-na-skjer-det","status":"publish","type":"post","link":"https:\/\/www.europesays.com\/no\/135796\/","title":{"rendered":"\u2013 Faen, n\u00e5 skjer det"},"content":{"rendered":"\n<p class=\"_paragraph_o9xde_4 _paragraph_xtcu6_10 layout-component text-serif-m layout-normal text-serif-m layout-padded\">Politisjef Brian O&#8217;Hara i Minneapolis hadde sett det komme. P\u00e5 en pressekonferanse dagen f\u00f8r Renee Good ble skutt og drept av en agent fra migrasjonsmyndighetene (ICE), advarte han om at situasjonen kunne ende i tragedie.<\/p>\n<p class=\"_paragraph_o9xde_4 _paragraph_xtcu6_10 layout-component text-serif-m layout-normal text-serif-m layout-padded\">\u2013 Dette var forutsigbart og kunne ha v\u00e6rt forhindret. Jeg hadde sagt det i ukevis. Jeg sa det bokstavelig talt p\u00e5 en pressekonferanse dagen f\u00f8r, sier O\u2019Hara til i The New York Times\u2019 podkast <a href=\"https:\/\/open.spotify.com\/episode\/2TuQnAOehpGWeGW9BSCTse?si=H5alHcVwSsm9RfOjhdfkiQ\" class=\"_link_o9xde_39\" rel=\"nofollow noopener\" target=\"_blank\">The Daily<\/a>.<\/p>\n<p class=\"_paragraph_o9xde_4 _paragraph_xtcu6_10 layout-component text-serif-m layout-normal text-serif-m layout-padded\">Da han fikk vite om skytingen, var hans f\u00f8rste tanke klar:<\/p>\n<p class=\"_paragraph_o9xde_4 _paragraph_xtcu6_10 layout-component text-serif-m layout-normal text-serif-m layout-padded\">\u2013 Faen, n\u00e5 skjer det. Dette er potensielt 2020 p\u00e5 nytt, sier politisjefen. 2020 var \u00e5ret da George Floyd ble drept under en arrestasjon i byen, noe som f\u00f8rte til store oppt\u00f8yer og protester.<\/p>\n<p><img alt=\"Foto: Seth Herald \/ Reuters \/ NTB\" class=\"_image_qp4xg_65 layout-component layout-normal\" data-fullscreen- data-track-element-type=\"Article image fullscreen\" data-track-name=\"ImageFullscreen\" decoding=\"async\" loading=\"lazy\" height=\"4000\" itemprop=\"image\"  src=\"https:\/\/www.europesays.com\/no\/wp-content\/uploads\/2026\/01\/369636d3-35eb-43a7-aa96-3df5fd661a71.jpeg\"  style=\"object-position:0% 0%\" width=\"6000\"\/>Foto: Seth Herald \/ Reuters \/ NTBKritikk av ICE-taktikk<\/p>\n<p class=\"_paragraph_o9xde_4 _paragraph_xtcu6_10 layout-component text-serif-m layout-normal text-serif-m layout-padded\">Sikkerhetsminister Kristi Noem, president Donald Trump og visepresident J.D. Vance har gjentatte ganger kalt drapet i Minneapolis selvforsvar, kalt Good en terrorist og p\u00e5st\u00e5tt at hun fors\u00f8kte \u00e5 kj\u00f8re ned Ice-agenten som pr\u00f8vde \u00e5 stanse henne.<\/p>\n<p class=\"_paragraph_o9xde_4 _paragraph_xtcu6_10 layout-component text-serif-m layout-normal text-serif-m layout-padded\">Minneapolis\u2019 borgermester Jacob Frey og Minnesotas guvern\u00f8r Tim Walz har avvist p\u00e5standene. Frey kalte Trump-administrasjonens p\u00e5stander ogs\u00e5 for s\u00f8ppel.<\/p>\n<p class=\"_paragraph_o9xde_4 _paragraph_xtcu6_10 layout-component text-serif-m layout-normal text-serif-m layout-padded\">Som politisjef med 25 \u00e5rs erfaring reagerer O&#8217;Hara sterkt p\u00e5 m\u00e5ten ICE-agenten h\u00e5ndterte situasjonen med Renee Good.<\/p>\n<p class=\"_paragraph_o9xde_4 _paragraph_xtcu6_10 layout-component text-serif-m layout-normal text-serif-m layout-padded\">\u2013 Regel nummer \u00e9n er at du ikke stiller deg i kj\u00f8ret\u00f8yets bane. Det er trafikkstans 101, sier han til The New York Times.<\/p>\n<p class=\"_paragraph_o9xde_4 _paragraph_xtcu6_10 layout-component text-serif-m layout-normal text-serif-m layout-padded\">Han stiller ogs\u00e5 sp\u00f8rsm\u00e5l ved hva m\u00e5let med aksjonen var, siden Good ikke var m\u00e5let for en planlagt arrestasjon.<\/p>\n<p class=\"_paragraph_o9xde_4 _paragraph_xtcu6_10 layout-component text-serif-m layout-normal text-serif-m layout-padded\">O&#8217;Hara sier ICE-agenten ikke fulgte grunnleggende prosedyrer for trafikkstans. Politiet skal presentere seg med rang, navn og hvilket byr\u00e5 de jobber for, samt forklare hvorfor personen blir stoppet.<\/p>\n<p class=\"_paragraph_o9xde_4 _paragraph_xtcu6_10 layout-component text-serif-m layout-normal text-serif-m layout-padded\">\u2013 Jeg s\u00e5 ikke noe av det. Det virker som det bare var forvirring, og det er ikke klart for meg om betjentene i videoen jobbet sammen og forsto hva hver enkelt fors\u00f8kte \u00e5 oppn\u00e5, sier han.<\/p>\n<p><img alt=\"Politisjef Brian O'Hara og Minneapolis ordf\u00f8rer Jacob Frey under en pressekonferanse etter drapet p\u00e5 Renee Good.  Foto: Jen Golbeck \/ AP \/ NTB\" class=\"_image_qp4xg_65 layout-component layout-normal\" data-fullscreen- data-track-element-type=\"Article image fullscreen\" data-track-name=\"ImageFullscreen\" decoding=\"async\" loading=\"lazy\" height=\"3507\" itemprop=\"image\"  src=\"https:\/\/www.europesays.com\/no\/wp-content\/uploads\/2026\/01\/1af79dbf-d62e-407e-9bfa-c802f69e4ea0.jpeg\"  style=\"object-position:0% 0%\" width=\"5260\"\/>Politisjef Brian O&#8217;Hara og Minneapolis ordf\u00f8rer Jacob Frey under en pressekonferanse etter drapet p\u00e5 Renee Good.  Foto: Jen Golbeck \/ AP \/ NTB<\/p>\n<p class=\"_paragraph_o9xde_4 _paragraph_xtcu6_10 layout-component text-serif-m layout-normal text-serif-m layout-padded\">P\u00e5 sp\u00f8rsm\u00e5l om situasjonen ville endt annerledes hvis Minneapolis-politiet hadde h\u00e5ndtert den alene, svarer O&#8217;Hara kontant:<\/p>\n<p class=\"_paragraph_o9xde_4 _paragraph_xtcu6_10 layout-component text-serif-m layout-normal text-serif-m layout-padded\">\u2013 Uten tvil.<\/p>\n<p>Kaos i gatene<\/p>\n<p class=\"_paragraph_o9xde_4 _paragraph_xtcu6_10 layout-component text-serif-m layout-normal text-serif-m layout-padded\">Siden begynnelsen av desember har Minneapolis opplevd en dramatisk \u00f8kning i n\u00f8danrop relatert til ICE-operasjoner, if\u00f8lge politisjefen.<\/p>\n<p class=\"_paragraph_o9xde_4 _paragraph_xtcu6_10 layout-component text-serif-m layout-normal text-serif-m layout-padded\">Politiet har m\u00e5ttet rykke ut til situasjoner der biler er forlatt midt i veien, noen ganger uten at de parkert og ruller nedover gaten, sier han. I ett tilfelle ble en hund forlatt i en bil.<\/p>\n<p class=\"_paragraph_o9xde_4 _paragraph_xtcu6_10 layout-component text-serif-m layout-normal text-serif-m layout-padded\">\u2013 Selv i morges har vi f\u00e5tt telefoner om personer som ble peppersprayet av ICE. Det er en rekke henvendelser vi m\u00e5 h\u00e5ndtere n\u00e5, som vi ikke fikk tidligere, forklarer O\u2019Hara.<\/p>\n<p><img alt=\"Foto: SCOTT OLSON \/ AFP \/ NTB\" class=\"_image_qp4xg_65 layout-component layout-normal\" data-fullscreen- data-track-element-type=\"Article image fullscreen\" data-track-name=\"ImageFullscreen\" decoding=\"async\" loading=\"lazy\" height=\"4126\" itemprop=\"image\"  src=\"https:\/\/www.europesays.com\/no\/wp-content\/uploads\/2026\/01\/542a3f8e-1c06-4dd1-8608-30eaf36c79eb.jpeg\"  style=\"object-position:0% 0%\" width=\"6186\"\/>Foto: SCOTT OLSON \/ AFP \/ NTB<\/p>\n<p class=\"_paragraph_o9xde_4 _paragraph_xtcu6_10 layout-component text-serif-m layout-normal text-serif-m layout-padded\">Situasjonen kompliseres av at Minneapolis politidistrikt fortsatt er kraftig underbemannet.<\/p>\n<p class=\"_paragraph_o9xde_4 _paragraph_xtcu6_10 layout-component text-serif-m layout-normal text-serif-m layout-padded\">Flertallet av politifolkene som jobbet der i 2020 har sluttet, if\u00f8lge politisjefen, og avdelingen er en tredjedel under normal bemanning.<\/p>\n<p><img alt=\"Foto: Jen Golbeck \/ AP \/ NTB\" class=\"_image_qp4xg_65 layout-component layout-normal\" data-fullscreen- data-track-element-type=\"Article image fullscreen\" data-track-name=\"ImageFullscreen\" decoding=\"async\" loading=\"lazy\" height=\"3377\" itemprop=\"image\"  src=\"https:\/\/www.europesays.com\/no\/wp-content\/uploads\/2026\/01\/b6afe84d-3c88-4a28-94c1-d67a20171d4f.jpeg\"  style=\"object-position:0% 0%\" width=\"5066\"\/>Foto: Jen Golbeck \/ AP \/ NTB<\/p>\n<p class=\"_paragraph_o9xde_4 _paragraph_xtcu6_10 layout-component text-serif-m layout-normal text-serif-m layout-padded\">O&#8217;Hara beskriver hvordan han selv havnet midt i en protest utenfor et hotell der folk trodde ICE-agenter bodde. Da politiet kom for \u00e5 h\u00e5ndtere en kvinne som hadde kj\u00f8rt bilen sin opp p\u00e5 fortauet, ble de omringet av demonstranter.<\/p>\n<p class=\"_paragraph_o9xde_4 _paragraph_xtcu6_10 layout-component text-serif-m layout-normal text-serif-m layout-padded\">\u2013 Vi m\u00e5tte raskt tilkalle mer enn 200 ekstra politifolk, og endte med \u00e5 p\u00e5gripe 30 personer for ulovlig forsamling, forteller han.<\/p>\n<p>   Frykter for fremtiden<\/p>\n<p class=\"_paragraph_o9xde_4 _paragraph_xtcu6_10 layout-component text-serif-m layout-normal text-serif-m layout-padded\">O&#8217;Hara har brukt \u00e5rene som politisjef til \u00e5 gjenoppbygge tilliten mellom politiet og lokalsamfunnet etter <a href=\"https:\/\/www.vg.no\/tag\/george-floyd\" class=\"_link_o9xde_39\" rel=\"nofollow noopener\" target=\"_blank\">George Floyd-drapet i 2020<\/a>. <\/p>\n<p class=\"_paragraph_o9xde_4 _paragraph_xtcu6_10 layout-component text-serif-m layout-normal text-serif-m layout-padded\">Han har innf\u00f8rt omfattende reformer med fokus p\u00e5 deeskalering og samfunnskontakt.<\/p>\n<p class=\"_paragraph_o9xde_4 _paragraph_xtcu6_10 layout-component text-serif-m layout-normal text-serif-m layout-padded\">N\u00e5 frykter han at alt arbeidet kan g\u00e5 tapt.<\/p>\n<p class=\"_paragraph_o9xde_4 _paragraph_xtcu6_10 layout-component text-serif-m layout-normal text-serif-m layout-padded\">\u2013 Prioritet nummer \u00e9n for meg er \u00e5 unng\u00e5 at fremgangen vi har hatt med \u00e5 gjenoppbygge avdelingen, blir visket ut, og at vi mister evnen til \u00e5 redusere kriminaliteten i byen, sier han til The New York Times.<\/p>\n<p><img alt=\"Foto: STEPHANE MAHE \/ Reuters \/ NTB\" class=\"_image_qp4xg_65 layout-component layout-normal\" data-fullscreen- data-track-element-type=\"Article image fullscreen\" data-track-name=\"ImageFullscreen\" decoding=\"async\" loading=\"lazy\" height=\"3273\" itemprop=\"image\"  src=\"https:\/\/www.europesays.com\/no\/wp-content\/uploads\/2026\/01\/b617b3d4-d0b8-4b1e-8124-f857a4bbce0c.png\"  style=\"object-position:0% 0%\" width=\"4935\"\/>Foto: STEPHANE MAHE \/ Reuters \/ NTB<\/p>\n<p class=\"_paragraph_o9xde_4 _paragraph_xtcu6_10 layout-component text-serif-m layout-normal text-serif-m layout-padded\">I juni 2020, rett etter oppt\u00f8yene, hadde Minneapolis like mange skytinger p\u00e5 \u00e9n m\u00e5ned som byen pleide \u00e5 ha i et halvt \u00e5r. Kriminaliteten har begynt \u00e5 g\u00e5 ned, til tross for mangel p\u00e5 politifolk.<\/p>\n<p class=\"_paragraph_o9xde_4 _paragraph_xtcu6_10 layout-component text-serif-m layout-normal text-serif-m layout-padded\">\u2013 Jeg er redd for at hvis det blir storskala uro \u00e9n gang til, vil vi b\u00e5de f\u00e5 en dramatisk \u00f8kning i kriminaliteten og enda en masseutvandring fra avdelingen. Det t\u00e5ler vi rett og slett ikke, advarer politisjefen.<\/p>\n<p class=\"_paragraph_o9xde_4 _paragraph_xtcu6_10 layout-component text-serif-m layout-normal text-serif-m layout-padded\">Guvern\u00f8ren <a href=\"https:\/\/edition.cnn.com\/2026\/01\/09\/us\/national-guard-control-ice-shooting\" class=\"_link_o9xde_39\" rel=\"nofollow noopener\" target=\"_blank\">har n\u00e5 sendt inn Nasjonalgarden<\/a>, samtidig som presidenten sender flere f\u00f8derale agenter til byen.<\/p>\n<p class=\"_paragraph_o9xde_4 _paragraph_xtcu6_10 layout-component text-serif-m layout-normal text-serif-m layout-padded\">\u2013 Det er bekymringsfullt, sier O&#8217;Hara om utsiktene til flere ICE-operasjoner.<\/p>\n","protected":false},"excerpt":{"rendered":"Politisjef Brian O&#8217;Hara i Minneapolis hadde sett det komme. P\u00e5 en pressekonferanse dagen f\u00f8r Renee Good ble skutt&hellip;\n","protected":false},"author":2,"featured_media":135797,"comment_status":"","ping_status":"","sticky":false,"template":"","format":"standard","meta":{"footnotes":""},"categories":[12],"tags":[1238,20,21,24,25,15,6887,22,23,13,30,28,29,14,16,26,27,50,42,43,44,45],"class_list":{"0":"post-135796","1":"post","2":"type-post","3":"status-publish","4":"format-standard","5":"has-post-thumbnail","7":"category-verden","8":"tag-amerikansk-politikk","9":"tag-breaking-news","10":"tag-breakingnews","11":"tag-featured-news","12":"tag-featurednews","13":"tag-headlines","14":"tag-ice-immigration-and-customs-enforcement","15":"tag-latest-news","16":"tag-latestnews","17":"tag-news","18":"tag-no","19":"tag-norge","20":"tag-norway","21":"tag-nyheter","22":"tag-overskrifter","23":"tag-top-stories","24":"tag-topstories","25":"tag-usa","26":"tag-verden","27":"tag-world","28":"tag-world-news","29":"tag-worldnews"},"share_on_mastodon":{"url":"https:\/\/pubeurope.com\/@no\/115888360284730302","error":""},"_links":{"self":[{"href":"https:\/\/www.europesays.com\/no\/wp-json\/wp\/v2\/posts\/135796","targetHints":{"allow":["GET"]}}],"collection":[{"href":"https:\/\/www.europesays.com\/no\/wp-json\/wp\/v2\/posts"}],"about":[{"href":"https:\/\/www.europesays.com\/no\/wp-json\/wp\/v2\/types\/post"}],"author":[{"embeddable":true,"href":"https:\/\/www.europesays.com\/no\/wp-json\/wp\/v2\/users\/2"}],"replies":[{"embeddable":true,"href":"https:\/\/www.europesays.com\/no\/wp-json\/wp\/v2\/comments?post=135796"}],"version-history":[{"count":0,"href":"https:\/\/www.europesays.com\/no\/wp-json\/wp\/v2\/posts\/135796\/revisions"}],"wp:featuredmedia":[{"embeddable":true,"href":"https:\/\/www.europesays.com\/no\/wp-json\/wp\/v2\/media\/135797"}],"wp:attachment":[{"href":"https:\/\/www.europesays.com\/no\/wp-json\/wp\/v2\/media?parent=135796"}],"wp:term":[{"taxonomy":"category","embeddable":true,"href":"https:\/\/www.europesays.com\/no\/wp-json\/wp\/v2\/categories?post=135796"},{"taxonomy":"post_tag","embeddable":true,"href":"https:\/\/www.europesays.com\/no\/wp-json\/wp\/v2\/tags?post=135796"}],"curies":[{"name":"wp","href":"https:\/\/api.w.org\/{rel}","templated":true}]}}