{"id":135800,"date":"2026-01-13T14:54:10","date_gmt":"2026-01-13T14:54:10","guid":{"rendered":"https:\/\/www.europesays.com\/no\/135800\/"},"modified":"2026-01-13T14:54:10","modified_gmt":"2026-01-13T14:54:10","slug":"bane-nor-full-stopp-pa-dovrebanen","status":"publish","type":"post","link":"https:\/\/www.europesays.com\/no\/135800\/","title":{"rendered":"Bane Nor: Full stopp p\u00e5 Dovrebanen"},"content":{"rendered":"\n<p class=\"_lead_o9xde_2 _lead_xtcu6_50 layout-component text-serif-m layout-normal text-serif-l layout-component layout-wide layout-padded _wide_17hqh_1 layout-padded\">Det er stengt mellom Eidsvoll og Hamar etter at et tog rev ned kj\u00f8reledningen.<\/p>\n<p>Aktiver kart<\/p>\n<ul aria-hidden=\"true\" class=\"_images_ntbth_112\">\n<li><a class=\"_link_ntbth_117\" href=\"https:\/\/www.vg.no\/forfatter\/bendik-hansen\" style=\"z-index:1\" title=\"Bendik Hansen\" rel=\"nofollow noopener\" target=\"_blank\"><img alt=\"Bilde av Bendik Hansen\" class=\"_image_ntbth_93\" fetchpriority=\"low\" loading=\"lazy\" decoding=\"async\" itemprop=\"image\"  src=\"https:\/\/www.europesays.com\/no\/wp-content\/uploads\/2026\/01\/1768316047_306_236bc5a3-2236-4046-b957-81f29d024aa6.jpeg\"  width=\"480\"\/><\/a><\/li>\n<\/ul>\n<p> Oppdatert tirsdag 13. januar kl. 14:33    <\/p>\n<ul class=\"_list_o9xde_3 _list_64s2r_85 _unordered_o9xde_106 text-sans-m\">\n<li class=\"_item_o9xde_30\">Dovrebanen er stengt mellom Eidsvoll og Hamar etter at et tog rev ned kj\u00f8reledningen.<\/li>\n<li class=\"_item_o9xde_30\">Hendelsen p\u00e5virker all trafikk p\u00e5 strekningen, inkludert godstrafikk.<\/li>\n<li class=\"_item_o9xde_30\">Togselskapene mobiliserer for alternativ transport.<\/li>\n<\/ul>\n<p>Vis mer <\/p>\n<p class=\"_paragraph_o9xde_4 _paragraph_xtcu6_10 layout-component text-serif-m layout-normal text-serif-m layout-padded\"><a href=\"https:\/\/www.vg.no\/tag\/bane-nor?utm_source=vg-article&amp;utm_medium=auto-tagger&amp;utm_campaign=m0BLdE\" class=\"_link_o9xde_39\" rel=\"nofollow noopener\" target=\"_blank\">Bane Nor<\/a> fikk melding om hendelsen klokken 13.07, bekrefter pressevakt Harry Korslund til VG. <\/p>\n<p class=\"_paragraph_o9xde_4 _paragraph_xtcu6_10 layout-component text-serif-m layout-normal text-serif-m layout-padded\">Hendelsen p\u00e5virker all trafikk p\u00e5 Dovrebanen, som g\u00e5r mellom Gardermoen og Trondheim, over Domb\u00e5s. <\/p>\n<p class=\"_paragraph_o9xde_4 _paragraph_xtcu6_10 layout-component text-serif-m layout-normal text-serif-m layout-padded\">\u2013 Forel\u00f8pig har ikke togleder oversikt over omfanget av skader. Vi har kalt ut mannskaper for \u00e5 ta rede p\u00e5 det, sier Korslund. <\/p>\n<p class=\"_paragraph_o9xde_4 _paragraph_xtcu6_10 layout-component text-serif-m layout-normal text-serif-m layout-padded\">Slik ser informasjonsskjermen p\u00e5 Gardermoen ut akkurat n\u00e5:<\/p>\n<p class=\"_paragraph_o9xde_4 _paragraph_xtcu6_10 layout-component text-serif-m layout-normal text-serif-m layout-padded\">De reisende er om bord p\u00e5 det aktuelle toget og vil bli ivaretatt av ansatte om bord, sier han. Bane Nor har kalt ut bergingstog for \u00e5 eventuelt kunne trekke toget videre, siden det er str\u00f8ml\u00f8st p\u00e5 strekningen. <\/p>\n<p class=\"_paragraph_o9xde_4 _paragraph_xtcu6_10 layout-component text-serif-m layout-normal text-serif-m layout-padded\">\u2013 I tillegg er det kalt ut mannskaper og maskiner for \u00e5 forberede p\u00e5 \u00e5 utbedre de skadene som vi forel\u00f8pig ikke har oversikt over omfanget av, sier pressevakten. <\/p>\n<p class=\"_paragraph_o9xde_4 _paragraph_xtcu6_10 layout-component text-serif-m layout-normal text-serif-m layout-padded\">Korslund sier at det er for tidlig \u00e5 si noe om varighet p\u00e5 problemene, som b\u00e5de ber\u00f8rer tog fra Vy og SJ. Bane Nor kan ikke utelukke at det kan komme til \u00ab\u00e5 ta en stund\u00bb f\u00f8r problemene er over. <\/p>\n<p class=\"_paragraph_o9xde_4 _paragraph_xtcu6_10 layout-component text-serif-m layout-normal text-serif-m layout-padded\"><strong class=\"_strong_o9xde_25\">\u2013 Det p\u00e5virker all trafikk, inkludert godstrafikk. Jeg vil tro at togselskapene er i gang med \u00e5 mobilisere med tanke p\u00e5 alternativ transport, sier han. <\/strong><\/p>\n<p class=\"_paragraph_o9xde_4 _paragraph_xtcu6_10 layout-component text-serif-m layout-normal text-serif-m layout-padded\">Markus Bj\u00f8rnerud Kristiansen er en av passasjerene om bord p\u00e5 toget som har kj\u00f8rt p\u00e5 kj\u00f8reledningen og som n\u00e5 venter p\u00e5 bistand. <\/p>\n<p class=\"_paragraph_o9xde_4 _paragraph_xtcu6_10 layout-component text-serif-m layout-normal text-serif-m layout-padded\"><strong class=\"_strong_o9xde_25\">\u2013 Vi har f\u00e5tt beskjed om at dette vil ta tid, sier han til VG. <\/strong><\/p>\n<p class=\"_paragraph_o9xde_4 _paragraph_xtcu6_10 layout-component text-serif-m layout-normal text-serif-m layout-padded\">Han kaller det \u00abkjedelig\u00bb \u00e5 bli sittende fast p\u00e5 toget, og sier at kondukt\u00f8ren om bord har bedt passasjerene om \u00e5 sm\u00f8re seg med t\u00e5lmodighet. <\/p>\n<p class=\"_paragraph_o9xde_4 _paragraph_xtcu6_10 layout-component text-serif-m layout-normal text-serif-m layout-padded\">\u2013 Jeg har ikke noe jeg skal rekke, men jeg regned med at andre har det!<\/p>\n<p><img alt=\"Togtrafikk langs Mj\u00f8sa. Bildet er fra 2019.  Foto: Gisle Oddstad \/ VG\" class=\"_image_qp4xg_65 layout-component layout-normal\" data-fullscreen- data-track-element-type=\"Article image fullscreen\" data-track-name=\"ImageFullscreen\" decoding=\"async\" loading=\"lazy\" height=\"3494\" itemprop=\"image\"  src=\"https:\/\/www.europesays.com\/no\/wp-content\/uploads\/2026\/01\/9cf7879d-dc36-4494-b178-db9aa949c2c9.png\"  style=\"object-position:0% 0%\" width=\"5302\"\/>Togtrafikk langs Mj\u00f8sa. Bildet er fra 2019.  Foto: Gisle Oddstad \/ VG<\/p>\n<p class=\"_paragraph_o9xde_4 _paragraph_xtcu6_10 layout-component text-serif-m layout-normal text-serif-m layout-padded\">Vy skriver p\u00e5 sine nettsider at passasjerer m\u00e5 regne med forsinkelser og at noen tog kan bli innstilt. Klokken 13.07 sier de at de vil komme med en ny oppdatering s\u00e5 snart de vet mer. <\/p>\n<p class=\"_paragraph_o9xde_4 _paragraph_xtcu6_10 layout-component text-serif-m layout-normal text-serif-m layout-padded\">SJ skriver at det er uvisst n\u00e5r strekningen kan \u00e5pne igjen. <\/p>\n<p class=\"_paragraph_o9xde_4 _paragraph_xtcu6_10 layout-component text-serif-m layout-normal text-serif-m layout-padded\"><strong class=\"_strong_o9xde_25\">\u2013 Vi bestiller buss for tog mellom Hamar og Oslo S p\u00e5 de ber\u00f8rte avgangene, opplyser de. <\/strong><\/p>\n<p class=\"_paragraph_o9xde_4 _paragraph_xtcu6_10 layout-component text-serif-m layout-normal text-serif-m layout-padded\">De beklager ulempene dette medf\u00f8rer.<\/p>\n<p>    <img decoding=\"async\" alt=\"Tips oss illustrasjon\" src=\"https:\/\/www.europesays.com\/no\/wp-content\/uploads\/2025\/10\/pssst-small.webp.webp\"\/>    <\/p>\n<p class=\"title-serif-s\">Har du tips?<\/p>\n<p class=\"text-sans-m\">Send oss informasjon, bilder eller video.<\/p>\n<p>  <a href=\"https:\/\/www.vg.no\/tips-oss\" rel=\"nofollow noopener\" target=\"_blank\"> Tips oss <\/a>      <\/p>\n","protected":false},"excerpt":{"rendered":"Det er stengt mellom Eidsvoll og Hamar etter at et tog rev ned kj\u00f8reledningen. Aktiver kart Oppdatert tirsdag&hellip;\n","protected":false},"author":2,"featured_media":135801,"comment_status":"","ping_status":"","sticky":false,"template":"","format":"standard","meta":{"footnotes":""},"categories":[5],"tags":[2532,31,20,21,9222,24,25,15,19,22,23,17,18,13,30,28,29,14,16,26,27],"class_list":{"0":"post-135800","1":"post","2":"type-post","3":"status-publish","4":"format-standard","5":"has-post-thumbnail","7":"category-overskrifter","8":"tag-bane-nor","9":"tag-breaking","10":"tag-breaking-news","11":"tag-breakingnews","12":"tag-dovrebanen","13":"tag-featured-news","14":"tag-featurednews","15":"tag-headlines","16":"tag-hovedoppslag","17":"tag-latest-news","18":"tag-latestnews","19":"tag-main-news","20":"tag-mainnews","21":"tag-news","22":"tag-no","23":"tag-norge","24":"tag-norway","25":"tag-nyheter","26":"tag-overskrifter","27":"tag-top-stories","28":"tag-topstories"},"share_on_mastodon":{"url":"https:\/\/pubeurope.com\/@no\/115888368191970004","error":""},"_links":{"self":[{"href":"https:\/\/www.europesays.com\/no\/wp-json\/wp\/v2\/posts\/135800","targetHints":{"allow":["GET"]}}],"collection":[{"href":"https:\/\/www.europesays.com\/no\/wp-json\/wp\/v2\/posts"}],"about":[{"href":"https:\/\/www.europesays.com\/no\/wp-json\/wp\/v2\/types\/post"}],"author":[{"embeddable":true,"href":"https:\/\/www.europesays.com\/no\/wp-json\/wp\/v2\/users\/2"}],"replies":[{"embeddable":true,"href":"https:\/\/www.europesays.com\/no\/wp-json\/wp\/v2\/comments?post=135800"}],"version-history":[{"count":0,"href":"https:\/\/www.europesays.com\/no\/wp-json\/wp\/v2\/posts\/135800\/revisions"}],"wp:featuredmedia":[{"embeddable":true,"href":"https:\/\/www.europesays.com\/no\/wp-json\/wp\/v2\/media\/135801"}],"wp:attachment":[{"href":"https:\/\/www.europesays.com\/no\/wp-json\/wp\/v2\/media?parent=135800"}],"wp:term":[{"taxonomy":"category","embeddable":true,"href":"https:\/\/www.europesays.com\/no\/wp-json\/wp\/v2\/categories?post=135800"},{"taxonomy":"post_tag","embeddable":true,"href":"https:\/\/www.europesays.com\/no\/wp-json\/wp\/v2\/tags?post=135800"}],"curies":[{"name":"wp","href":"https:\/\/api.w.org\/{rel}","templated":true}]}}