{"id":135808,"date":"2026-01-13T15:01:07","date_gmt":"2026-01-13T15:01:07","guid":{"rendered":"https:\/\/www.europesays.com\/no\/135808\/"},"modified":"2026-01-13T15:01:07","modified_gmt":"2026-01-13T15:01:07","slug":"mye-tyder-pa-at-det-vanskeligste-ligger-foran-oss-siste-nytt-nrk","status":"publish","type":"post","link":"https:\/\/www.europesays.com\/no\/135808\/","title":{"rendered":"\u2013 Mye tyder p\u00e5 at det vanskeligste ligger foran oss \u2013 Siste nytt \u2013\u00a0NRK"},"content":{"rendered":"<p>Danmarks statsminister kaller situasjonen rundt Gr\u00f8nland uakseptabel, og sier samtidig at det vanskeligste fortsatt gjenst\u00e5r.<\/p>\n<p>\u2013 Vi s\u00f8ker ikke en konflikt. Men budskapet er klart: Gr\u00f8nland er ikke til salgs.<\/p>\n<p>Det sier Frederiksen under en pressekonferanse om situasjonen p\u00e5 Gr\u00f8nland i ettermiddag.<\/p>\n<p>\u2013 Det handler om at man ikke kan endre grenser med makt, og at sm\u00e5 land ikke skal frykte store land. Derfor sier vi ifra, sier hun, og nevner at mange andre nasjoner ogs\u00e5 har gjort det samme, sier Frederiksen.<\/p>\n<p>\u2013 Vi st\u00e5r sammen, vi blir sammen, og vi g\u00e5r sammen.<\/p>\n<p>Ogs\u00e5 leder for Naalakkersuisut Jens-Frederik Nielsen er til stede under pressekonferansen.<\/p>\n<p>Han sier han sitt m\u00e5l og \u00f8nske er en fredelig dialog med fokus p\u00e5 samarbeid.<\/p>\n<p>\u2013 Men \u00e9n ting skal alle forst\u00e5: Gr\u00f8nland vil ikke eies av USA. Gr\u00f8nland vil ikke styres av USA, sier Nielsen.<\/p>\n<p>\u2013 Vi velger Danmark og Nato, sier han videre.<\/p>\n<p>Han sier at tiden er ikke til intern diskusjon og splittelse. Tiden er til \u00e5 bygge videre p\u00e5 det vi kjenner.<\/p>\n<p>\u2013 Vi velger EU.<\/p>\n","protected":false},"excerpt":{"rendered":"Danmarks statsminister kaller situasjonen rundt Gr\u00f8nland uakseptabel, og sier samtidig at det vanskeligste fortsatt gjenst\u00e5r. \u2013 Vi s\u00f8ker&hellip;\n","protected":false},"author":2,"featured_media":62464,"comment_status":"","ping_status":"","sticky":false,"template":"","format":"standard","meta":{"footnotes":""},"categories":[12],"tags":[20,21,24,25,15,22,23,13,30,28,29,14,16,26,27,42,43,44,45],"class_list":{"0":"post-135808","1":"post","2":"type-post","3":"status-publish","4":"format-standard","5":"has-post-thumbnail","7":"category-verden","8":"tag-breaking-news","9":"tag-breakingnews","10":"tag-featured-news","11":"tag-featurednews","12":"tag-headlines","13":"tag-latest-news","14":"tag-latestnews","15":"tag-news","16":"tag-no","17":"tag-norge","18":"tag-norway","19":"tag-nyheter","20":"tag-overskrifter","21":"tag-top-stories","22":"tag-topstories","23":"tag-verden","24":"tag-world","25":"tag-world-news","26":"tag-worldnews"},"share_on_mastodon":{"url":"https:\/\/pubeurope.com\/@no\/115888395693293160","error":""},"_links":{"self":[{"href":"https:\/\/www.europesays.com\/no\/wp-json\/wp\/v2\/posts\/135808","targetHints":{"allow":["GET"]}}],"collection":[{"href":"https:\/\/www.europesays.com\/no\/wp-json\/wp\/v2\/posts"}],"about":[{"href":"https:\/\/www.europesays.com\/no\/wp-json\/wp\/v2\/types\/post"}],"author":[{"embeddable":true,"href":"https:\/\/www.europesays.com\/no\/wp-json\/wp\/v2\/users\/2"}],"replies":[{"embeddable":true,"href":"https:\/\/www.europesays.com\/no\/wp-json\/wp\/v2\/comments?post=135808"}],"version-history":[{"count":0,"href":"https:\/\/www.europesays.com\/no\/wp-json\/wp\/v2\/posts\/135808\/revisions"}],"wp:featuredmedia":[{"embeddable":true,"href":"https:\/\/www.europesays.com\/no\/wp-json\/wp\/v2\/media\/62464"}],"wp:attachment":[{"href":"https:\/\/www.europesays.com\/no\/wp-json\/wp\/v2\/media?parent=135808"}],"wp:term":[{"taxonomy":"category","embeddable":true,"href":"https:\/\/www.europesays.com\/no\/wp-json\/wp\/v2\/categories?post=135808"},{"taxonomy":"post_tag","embeddable":true,"href":"https:\/\/www.europesays.com\/no\/wp-json\/wp\/v2\/tags?post=135808"}],"curies":[{"name":"wp","href":"https:\/\/api.w.org\/{rel}","templated":true}]}}