{"id":135811,"date":"2026-01-13T15:03:09","date_gmt":"2026-01-13T15:03:09","guid":{"rendered":"https:\/\/www.europesays.com\/no\/135811\/"},"modified":"2026-01-13T15:03:09","modified_gmt":"2026-01-13T15:03:09","slug":"sylvi-listhaug-frp-listhaug-dette-vil-fa-konsekvenser","status":"publish","type":"post","link":"https:\/\/www.europesays.com\/no\/135811\/","title":{"rendered":"Sylvi Listhaug, Frp | Listhaug: \u2013 Dette vil f\u00e5 konsekvenser"},"content":{"rendered":"\n<p>Sylvi Listhaug sier lagmannsrettens frifinnelse av tre Palestina-aktivister vil f\u00e5 konsekvenser for hvordan politikere m\u00e5 tenke sikkerhet framover.<\/p>\n<p>\u2013 Jeg tar dommen til etterretning. Den vil f\u00e5 konsekvenser for hvordan politikere m\u00e5 tenke sikkerhet i fremtiden, sier Frp-lederen i en mail til Nettavisen.<\/p>\n<p>Tre kvinner i 40-\u00e5rene er frifunnet i lagmannsretten etter at de 13. mars 2024 fulgte etter Listhaug i Oslo sentrum, fra Utenriksdepartementet ved 7. juni-plassen og ned til Stortinget.<\/p>\n<p>Listhaug har tidligere omtalt episoden som en av de verste opplevelsene hun har hatt som politiker.<\/p>\n<p>    Vil du se neste video?<\/p>\n<p>    <a href=\"https:\/\/www.nettavisen.no\/nyheter\/pete-hegseth-avbryter-plutselig-marco-rubio-klikker-pa-direkten\/v\/5-95-2813524\" class=\"recommend-poster\" data-adp-clicklabel=\"video-recommend\" data-adp-clickvalue=\"poster\" rel=\"nofollow noopener\" target=\"_blank\"><br \/>\n      <img decoding=\"async\" width=\"200\" height=\"200\" loading=\"lazy\" src=\"https:\/\/www.europesays.com\/no\/wp-content\/uploads\/2026\/01\/Hegseth+til+cue.jpg\" alt=\"\" class=\"brick-c-cFOWSL\" style=\"--brick-image-ratio: 200 \/ 200;\"\/><\/p>\n<p>Avbryter plutselig: Klikker p\u00e5 direkten1:05<\/p>\n<p>    <\/a><\/p>\n<p><b>Les ogs\u00e5:<a class=\"simple-relation related-teaser article--c-eRUmMG article--c-eRUmMG-fZoQSp-design-nettavisen article--c-eRUmMG-gwthdJ-cv\" href=\"https:\/\/www.nettavisen.no\/det-er-underlig-at-svart-oppegaende-damer-ikke-vet-at-listhaug-er-stortingsrepresentant\/s\/5-95-2308235\" rel=\"nofollow noopener\" target=\"_blank\">\u2013 Det er underlig at sv\u00e6rt oppeg\u00e5ende damer ikke vet atListhaug er stortingsrepresentant<\/a><\/b><\/p>\n<p>\u00abShame on you\u00bb<\/p>\n<p>If\u00f8lge tiltalen skal de tre kvinnene ha kommet med utsagn som: \u00abFrp h\u00f8r, barn i Gaza d\u00f8r\u00bb, \u00abBlod p\u00e5 hendene, blod p\u00e5 pengene\u00bb, \u00abShame on you\u00bb, \u00abHvordan er det \u00e5 vite at barn d\u00f8r?\u00bb, \u00abDu jobber for oss, ikke sant?\u00bb og \u00abH\u00f8rer du, eller gir du faen?\u00bb.<\/p>\n<p><b>Les ogs\u00e5: <a class=\"simple-relation related-teaser article--c-eRUmMG article--c-eRUmMG-fZoQSp-design-nettavisen article--c-eRUmMG-gwthdJ-cv\" href=\"https:\/\/www.nettavisen.no\/fotfulgte-listhaug-maskert-er-maskert\/s\/5-95-2302192\" rel=\"nofollow noopener\" target=\"_blank\">Fotfulgte Listhaug: \u2013 Maskert er maskert<\/a><\/b><\/p>\n<p>Kvinnene nektet straffskyld og mente handlingene var innenfor ytringsfriheten.<\/p>\n<p>Aktor la ned p\u00e5stand om fengsel i 75 dager, men kvinnene ble frifunnet i tingretten. N\u00e5 er det alts\u00e5 ogs\u00e5 frikjent i lagmannsretten.<\/p>\n<p><b>Les ogs\u00e5: <a class=\"simple-relation related-teaser article--c-eRUmMG article--c-eRUmMG-fZoQSp-design-nettavisen article--c-eRUmMG-gwthdJ-cv\" href=\"https:\/\/www.nettavisen.no\/listhaug-saken-i-retten-hun-virket-blid-og-uanfektet\/s\/5-95-2298508\" rel=\"nofollow noopener\" target=\"_blank\">Listhaug-saken i retten: \u2013 Hun virket blid og uanfektet<\/a><\/b><\/p>\n<p>Elden: \u2013 Klientene har skj\u00f8nt at de var uh\u00f8flige<\/p>\n<p>Forsvarer John Christian Elden sier til <a href=\"https:\/\/www.nrk.no\/nyheter\/palestina-aktivister-frifunnet-i-ankesak-etter-a-ha-fulgt-etter-sylvi-listhaug-1.17725846\" rel=\"Follow nofollow noopener\" target=\"_blank\">NRK<\/a> at retten har sl\u00e5tt fast at dette ikke var et angrep p\u00e5 demokratiet, og at dommen verner ytringsfriheten.<\/p>\n<p>\u2013 Det er en del av v\u00e5rt demokrati \u00e5 kunne uttale oss til v\u00e5re politikere s\u00e5 lenge det ikke brukes trusler, sjikane, vold eller tvang, sier Elden.<\/p>\n<p>\u2013 S\u00e5 har klientene samtidig skj\u00f8nt at de var uh\u00f8flige og ikke fulgte god folkeskikk. Derfor har de heller ikke gjentatt denne aksjonsformen, og kan ikke anbefale den videre, sier Elden.<\/p>\n","protected":false},"excerpt":{"rendered":"Sylvi Listhaug sier lagmannsrettens frifinnelse av tre Palestina-aktivister vil f\u00e5 konsekvenser for hvordan politikere m\u00e5 tenke sikkerhet framover.&hellip;\n","protected":false},"author":2,"featured_media":135812,"comment_status":"","ping_status":"","sticky":false,"template":"","format":"standard","meta":{"footnotes":""},"categories":[5],"tags":[20,21,24,25,15,19,22,23,17,18,13,30,28,29,14,16,26,27],"class_list":{"0":"post-135811","1":"post","2":"type-post","3":"status-publish","4":"format-standard","5":"has-post-thumbnail","7":"category-overskrifter","8":"tag-breaking-news","9":"tag-breakingnews","10":"tag-featured-news","11":"tag-featurednews","12":"tag-headlines","13":"tag-hovedoppslag","14":"tag-latest-news","15":"tag-latestnews","16":"tag-main-news","17":"tag-mainnews","18":"tag-news","19":"tag-no","20":"tag-norge","21":"tag-norway","22":"tag-nyheter","23":"tag-overskrifter","24":"tag-top-stories","25":"tag-topstories"},"share_on_mastodon":{"url":"https:\/\/pubeurope.com\/@no\/115888403479355588","error":""},"_links":{"self":[{"href":"https:\/\/www.europesays.com\/no\/wp-json\/wp\/v2\/posts\/135811","targetHints":{"allow":["GET"]}}],"collection":[{"href":"https:\/\/www.europesays.com\/no\/wp-json\/wp\/v2\/posts"}],"about":[{"href":"https:\/\/www.europesays.com\/no\/wp-json\/wp\/v2\/types\/post"}],"author":[{"embeddable":true,"href":"https:\/\/www.europesays.com\/no\/wp-json\/wp\/v2\/users\/2"}],"replies":[{"embeddable":true,"href":"https:\/\/www.europesays.com\/no\/wp-json\/wp\/v2\/comments?post=135811"}],"version-history":[{"count":0,"href":"https:\/\/www.europesays.com\/no\/wp-json\/wp\/v2\/posts\/135811\/revisions"}],"wp:featuredmedia":[{"embeddable":true,"href":"https:\/\/www.europesays.com\/no\/wp-json\/wp\/v2\/media\/135812"}],"wp:attachment":[{"href":"https:\/\/www.europesays.com\/no\/wp-json\/wp\/v2\/media?parent=135811"}],"wp:term":[{"taxonomy":"category","embeddable":true,"href":"https:\/\/www.europesays.com\/no\/wp-json\/wp\/v2\/categories?post=135811"},{"taxonomy":"post_tag","embeddable":true,"href":"https:\/\/www.europesays.com\/no\/wp-json\/wp\/v2\/tags?post=135811"}],"curies":[{"name":"wp","href":"https:\/\/api.w.org\/{rel}","templated":true}]}}