{"id":135813,"date":"2026-01-13T15:04:07","date_gmt":"2026-01-13T15:04:07","guid":{"rendered":"https:\/\/www.europesays.com\/no\/135813\/"},"modified":"2026-01-13T15:04:07","modified_gmt":"2026-01-13T15:04:07","slug":"glimt-sport-glimts-beste-etter-generalproven-i-spania-smaker-nok-godt-avisa-nordland","status":"publish","type":"post","link":"https:\/\/www.europesays.com\/no\/135813\/","title":{"rendered":"Glimt, Sport | Glimts beste etter generalpr\u00f8ven i Spania: &#8211; Smaker nok godt &#8211; Avisa Nordland"},"content":{"rendered":"<ol>\n<li><a href=\"https:\/\/news.google.com\/rss\/articles\/CBMikwFBVV95cUxNUTRHRnZsRmt4dFlCZDJOM2pMYzIwOEN2TWFQQUY1M1R2SVRMWDI0N2duUzdZUGlGcXN3bGtzcXBFU2V6dm9EMy1DTU9IbzRDcFJSbDA2UWY3eFlKTy1PSmxlWlU1OGlHRXFrb2s4MTN3Vk1neFVGSUl2U2F4b2tnRXRxWXhZa0oyRFE5djFkZXFYbW8?oc=5\" target=\"_blank\" rel=\"nofollow noopener\">Glimt, Sport | Glimts beste etter generalpr\u00f8ven i Spania: &#8211; Smaker nok godt<\/a>&nbsp;&nbsp;Avisa Nordland<\/li>\n<li><a href=\"https:\/\/news.google.com\/rss\/articles\/CBMilgFBVV95cUxPRUpCOW00eml0aEQ2NjlqRmtoV0pqOXU1cGJ5eFNYdUJHMHk1U2pnaTlrZGloNUcycUN4TGd2UUx5WUw1LWRlYkdTWkhKWFd0Z2hGT1pqeTY1emQ2NlpuekhCSnYyZjJxaTk3N09sRjk4ZDFSMXQ3d2NwN05BeHY3Vkh5M3BwLVA4Wm9MX0Z4Z3pXbWVzbkE?oc=5\" target=\"_blank\" rel=\"nofollow noopener\">Sport, Fotball | Mer spissing denne gang: \u2013 Vi har jobbet mest med angrepsspill<\/a>&nbsp;&nbsp;Avisa Nordland<\/li>\n<li><a href=\"https:\/\/news.google.com\/rss\/articles\/CBMitAFBVV95cUxQdDVZSlR1aDFMV2tWZDR2VFNtYTRjUGY0MXJxZjVPMUxSd05UWE5mWGlJeEtpdjdVM25IUHE1RHZnVEo3WV9udHZDVEppNkFpVlJlRUhFNzVNbW9jOU1pSFFXcFlGYVlVanNON3BEZG9yMlVTdzd3VDhXVXVRazdXbXR5R3VrUDdQOE82aE41MHlJV1dhVU9PWHVjemxiS2xjbk9LS21YbGgtdkRaa01aQ2h4dUg?oc=5\" target=\"_blank\" rel=\"nofollow noopener\">Blodig Bj\u00f8rkan og Glimt med seier f\u00f8r City-m\u00f8te<\/a>&nbsp;&nbsp;MSN<\/li>\n<li><a href=\"https:\/\/news.google.com\/rss\/articles\/CBMidkFVX3lxTE1RSlRKeWQ4dDlveEYtVUxLaGczZE54bmR0dmVnMVVQcktFVTJzeFBPLU9fN2VnMUNlSkZjNkMxcm9aY25uUlhkYTB3Ul9IMVVtMzdwcUc5UXA5bG1nZWRzaDlpeFFDRjZOV1pUcDF5Mk9lc0dVOUE?oc=5\" target=\"_blank\" rel=\"nofollow noopener\">Glimt, Sport | Disse starter i Glimts generalpr\u00f8ve<\/a>&nbsp;&nbsp;Avisa Nordland<\/li>\n<li><a href=\"https:\/\/news.google.com\/rss\/articles\/CBMikwFBVV95cUxNY091RTV6U05ZUGZaMkdET0o2UUJWdXpjc2Q4dE1wN05GMEVmZjFTRlZaRWoyVDV1Sml4UWFZTUlOZElDVE1nN3h0cWVpazNNczFkeFlxYWMzZE1XZEJlTFQtRVFkU2thWkFjSXV4V0tJUGptLVFmMTdxdHhnM0NJQXlFLVdZRks3VlBHbEN1ZUd3NUk?oc=5\" target=\"_blank\" rel=\"nofollow noopener\">Glimt, Sport | Blodig Bj\u00f8rkan startet opphentingen. Glimt seiret i generalpr\u00f8ven<\/a>&nbsp;&nbsp;Avisa Nordland<\/li>\n<\/ol>\n","protected":false},"excerpt":{"rendered":"Glimt, Sport | Glimts beste etter generalpr\u00f8ven i Spania: &#8211; Smaker nok godt&nbsp;&nbsp;Avisa Nordland Sport, Fotball | Mer&hellip;\n","protected":false},"author":2,"featured_media":4285,"comment_status":"","ping_status":"","sticky":false,"template":"","format":"standard","meta":{"footnotes":""},"categories":[59],"tags":[30,28,29,83,82],"class_list":{"0":"post-135813","1":"post","2":"type-post","3":"status-publish","4":"format-standard","5":"has-post-thumbnail","7":"category-sport","8":"tag-no","9":"tag-norge","10":"tag-norway","11":"tag-sport","12":"tag-sports"},"share_on_mastodon":{"url":"https:\/\/pubeurope.com\/@no\/115888407454689153","error":""},"_links":{"self":[{"href":"https:\/\/www.europesays.com\/no\/wp-json\/wp\/v2\/posts\/135813","targetHints":{"allow":["GET"]}}],"collection":[{"href":"https:\/\/www.europesays.com\/no\/wp-json\/wp\/v2\/posts"}],"about":[{"href":"https:\/\/www.europesays.com\/no\/wp-json\/wp\/v2\/types\/post"}],"author":[{"embeddable":true,"href":"https:\/\/www.europesays.com\/no\/wp-json\/wp\/v2\/users\/2"}],"replies":[{"embeddable":true,"href":"https:\/\/www.europesays.com\/no\/wp-json\/wp\/v2\/comments?post=135813"}],"version-history":[{"count":0,"href":"https:\/\/www.europesays.com\/no\/wp-json\/wp\/v2\/posts\/135813\/revisions"}],"wp:featuredmedia":[{"embeddable":true,"href":"https:\/\/www.europesays.com\/no\/wp-json\/wp\/v2\/media\/4285"}],"wp:attachment":[{"href":"https:\/\/www.europesays.com\/no\/wp-json\/wp\/v2\/media?parent=135813"}],"wp:term":[{"taxonomy":"category","embeddable":true,"href":"https:\/\/www.europesays.com\/no\/wp-json\/wp\/v2\/categories?post=135813"},{"taxonomy":"post_tag","embeddable":true,"href":"https:\/\/www.europesays.com\/no\/wp-json\/wp\/v2\/tags?post=135813"}],"curies":[{"name":"wp","href":"https:\/\/api.w.org\/{rel}","templated":true}]}}