{"id":135814,"date":"2026-01-13T15:05:12","date_gmt":"2026-01-13T15:05:12","guid":{"rendered":"https:\/\/www.europesays.com\/no\/135814\/"},"modified":"2026-01-13T15:05:12","modified_gmt":"2026-01-13T15:05:12","slug":"renate-reinsve-tv-vekket-oppsikt-pa-rod-loper","status":"publish","type":"post","link":"https:\/\/www.europesays.com\/no\/135814\/","title":{"rendered":"Renate Reinsve, Tv | Vekket oppsikt p\u00e5 r\u00f8d l\u00f8per"},"content":{"rendered":"\n<p><b>(Nettavisen) <\/b>Natt til s\u00f8ndag norsk tid gikk Golden Globe Awards av stabelen i Los Angeles, der \u00e5rets beste filmer og TV-serier ble hedret.<\/p>\n<p>Den norske filmen \u00abAffeksjonsverdi\u00bb var nominert til hele \u00e5tte priser. Renate Reinsve var ogs\u00e5 nominert til beste kvinnelige hovedrolle fra filmen, samt Stellan Skarsg\u00e5rd, Elle Fanning og Inga Ibsdotter Lilleaas i biroller.<\/p>\n<p>Det ble ingen storeslem for Reinsve eller Lilleaas denne kvelden, men <a href=\"https:\/\/www.nettavisen.no\/kjendis\/stellan-skarsgard-vant-golden-globe-for-affeksjonsverdi\/s\/5-95-2819423\" rel=\"Follow nofollow noopener\" target=\"_blank\">Stellan Skarsg\u00e5rd sikret seg prisen for beste mannlige birolle.<\/a><\/p>\n<p>Samtidig vakte Renate Reinsve (38) stor oppmerksomhet p\u00e5 den r\u00f8de l\u00f8peren, ikledd en spesialsydd kjole fra Louis Vuitton.<\/p>\n<p>800.000 perler p\u00e5 kjolen<\/p>\n<p>Flere internasjonale medier har omtalt den norske skuespillerens kjole. I en overskrift skrev <a href=\"https:\/\/www.vogue.co.uk\/gallery\/renate-reinsve-golden-globes-2026\" rel=\"Follow nofollow noopener\" target=\"_blank\">britiske Vogue<\/a>: \u00abRenate Reinsve glitret i 800.000 perler p\u00e5 Golden Globe-utdelingen i 2026\u00bb.<\/p>\n<p>\u00abFrynser var det som gjaldt: Reinsves antrekk var utsmykket med over 800.000 stavperler, hver eneste \u00e9n h\u00e5ndsydd i 2900 frynser\u00bb, skriver Magasinet om antrekket.<\/p>\n<p>   <img decoding=\"async\" width=\"1818\" height=\"2736\" fetchpriority=\"low\"  loading=\"lazy\"  src=\"https:\/\/www.europesays.com\/no\/wp-content\/uploads\/2026\/01\/NTB_OgNgu69wyw8.jpg\" alt=\"Renate Reinsve arrives at the 83rd Golden Globes on Sunday, Jan. 11, 2026, at the Beverly Hilton in Beverly Hills, Calif. (Photo by Richard Shotwell\/Invision\/AP)\" class=\"brick-c-cFOWSL\" style=\"--brick-image-ratio: 1818 \/ 2736;\"\/><\/p>\n<p>      H\u00c5NDSYDD: Renate Reinsve gikk i en h\u00e5ndsydd kjole fra Louis Vuitton.<br \/>\n      Foto: Richard Shotwell \/ NTB\n    <\/p>\n<p>If\u00f8lge Vogue brukte ogs\u00e5 motehuset 2840 timer, noe som tilsvarer 118 dager, p\u00e5 \u00e5 ferdigstille kjolen.<\/p>\n<p>\u00abDet er ingen overraskelse at med et slikt omfang av broderi, var antrekket et ekte kj\u00e6rlighetsarbeid. Det tok over 2840 timer for Louis Vuitton-teamet \u00e5 f\u00f8re kjolen fra skisseblokken til ferdig resultat \u2013 og det er trygt \u00e5 si at innsatsen var verdt det\u00bb. <\/p>\n<p>Ogs\u00e5 <a href=\"https:\/\/www.elle.com\/culture\/celebrities\/a69960261\/renate-reinsve-red-carpet-photos-golden-globes-2026\/\" rel=\"Follow nofollow noopener\" target=\"_blank\">Elle<\/a> har omtalt kjolen, og bruker tittelen \u00abRenate Reinsves glitrende, metalliske kjole er sl\u00e5ende\u00bb.<\/p>\n<p>Flere av Reinsves kjoler fra fjor\u00e5ret f\u00e5r ogs\u00e5 oppmerksomhet i magasinet.<\/p>\n<p>\u00abReinsve har ogs\u00e5 vist fram noen av sesongens mest imponerende r\u00f8de l\u00f8per-antrekk. Under ELLEs feiring av Women in Hollywood 2025 bar hun en rosa, drapert Louis Vuitton-kjole fra v\u00e5r\/sommer 2026-kolleksjonen\u00bb.<\/p>\n<p>    Vil du se neste video?<\/p>\n<p>    <a href=\"https:\/\/www.dt.no\/hva-har-du-i-kjoleskapet-kokken\/v\/5-57-2635487\" class=\"recommend-poster\" data-adp-clicklabel=\"video-recommend\" data-adp-clickvalue=\"poster\" rel=\"nofollow noopener\" target=\"_blank\"><br \/>\n      <img decoding=\"async\" width=\"200\" height=\"200\" loading=\"lazy\" src=\"https:\/\/www.europesays.com\/no\/wp-content\/uploads\/2026\/01\/Kokken.00_00_00_00.Still027.png\" alt=\"\" class=\"brick-c-cFOWSL\" style=\"--brick-image-ratio: 200 \/ 200;\"\/><\/p>\n<p>Hva har du i kj\u00f8leskapet, Kokken?1:30<\/p>\n<p>    <\/a><\/p>\n","protected":false},"excerpt":{"rendered":"(Nettavisen) Natt til s\u00f8ndag norsk tid gikk Golden Globe Awards av stabelen i Los Angeles, der \u00e5rets beste&hellip;\n","protected":false},"author":2,"featured_media":135815,"comment_status":"","ping_status":"","sticky":false,"template":"","format":"standard","meta":{"footnotes":""},"categories":[58],"tags":[36,71,460,30,28,29,3243,1510,207,72],"class_list":{"0":"post-135814","1":"post","2":"type-post","3":"status-publish","4":"format-standard","5":"has-post-thumbnail","7":"category-underholdning","8":"tag-art","9":"tag-entertainment","10":"tag-film","11":"tag-no","12":"tag-norge","13":"tag-norway","14":"tag-renate-reinsve","15":"tag-story","16":"tag-tv","17":"tag-underholdning"},"share_on_mastodon":{"url":"https:\/\/pubeurope.com\/@no\/115888411319230840","error":""},"_links":{"self":[{"href":"https:\/\/www.europesays.com\/no\/wp-json\/wp\/v2\/posts\/135814","targetHints":{"allow":["GET"]}}],"collection":[{"href":"https:\/\/www.europesays.com\/no\/wp-json\/wp\/v2\/posts"}],"about":[{"href":"https:\/\/www.europesays.com\/no\/wp-json\/wp\/v2\/types\/post"}],"author":[{"embeddable":true,"href":"https:\/\/www.europesays.com\/no\/wp-json\/wp\/v2\/users\/2"}],"replies":[{"embeddable":true,"href":"https:\/\/www.europesays.com\/no\/wp-json\/wp\/v2\/comments?post=135814"}],"version-history":[{"count":0,"href":"https:\/\/www.europesays.com\/no\/wp-json\/wp\/v2\/posts\/135814\/revisions"}],"wp:featuredmedia":[{"embeddable":true,"href":"https:\/\/www.europesays.com\/no\/wp-json\/wp\/v2\/media\/135815"}],"wp:attachment":[{"href":"https:\/\/www.europesays.com\/no\/wp-json\/wp\/v2\/media?parent=135814"}],"wp:term":[{"taxonomy":"category","embeddable":true,"href":"https:\/\/www.europesays.com\/no\/wp-json\/wp\/v2\/categories?post=135814"},{"taxonomy":"post_tag","embeddable":true,"href":"https:\/\/www.europesays.com\/no\/wp-json\/wp\/v2\/tags?post=135814"}],"curies":[{"name":"wp","href":"https:\/\/api.w.org\/{rel}","templated":true}]}}