{"id":135818,"date":"2026-01-13T15:10:09","date_gmt":"2026-01-13T15:10:09","guid":{"rendered":"https:\/\/www.europesays.com\/no\/135818\/"},"modified":"2026-01-13T15:10:09","modified_gmt":"2026-01-13T15:10:09","slug":"gronland-danmark-mette-frederiksen-og-jens-frederik-nielsen-kaller-inn-til-pressemote-om-situasjonen-pa-gronland","status":"publish","type":"post","link":"https:\/\/www.europesays.com\/no\/135818\/","title":{"rendered":"Gr\u00f8nland, Danmark | Mette Frederiksen og Jens-Frederik Nielsen kaller inn til pressem\u00f8te om situasjonen p\u00e5 Gr\u00f8nland"},"content":{"rendered":"\n<p>Tirsdag ettermiddag kalte Danmarks statsminister Mette Frederiksen og Gr\u00f8nlands statsminister Jens-Frederik Nielsen inn til et pressem\u00f8te om den aktuelle situasjonen.<\/p>\n<p>Det melder den danske avisen <a href=\"https:\/\/www.berlingske.dk\/indland\/kampen-om-groenland--foelg-med-her-13?directpost=10842040\" rel=\"Follow nofollow noopener\" target=\"_blank\">Berlingske<\/a>. <\/p>\n<p>Pressem\u00f8tet ble avholdt tirsdag klokken 15.00.<\/p>\n<p> \u2013 Mye tyder p\u00e5 at det vanskeligste ligger foran oss, sier hun til pressen. <\/p>\n<p><b>Les ogs\u00e5: <a href=\"https:\/\/www.nettavisen.no\/nyheter\/lars-lokke-rasmussen-om-gronland-mote-ma-komme-meg-til-usa\/s\/5-95-2822398\" rel=\"Follow nofollow noopener\" target=\"_blank\">Krisem\u00f8te om Gr\u00f8nland: \u2013 Virkelig illevarslende<\/a><\/b><\/p>\n<p>Vil ikke eies av USA<\/p>\n<p>Hun gjentar budskapet fra tidligere og gir klar beskjed til Trump om Gr\u00f8nland ikke er til salgs. <\/p>\n<p>\u2013 Alle v\u00e5re tanker er med Gr\u00f8nlands befolkning, sier Frederiksen om urolighetene som preger det gr\u00f8nlandske ordskiftet.<\/p>\n<p> Jens-Frederik Nielsen understreker Frederiksens budskap om at de har v\u00e6rt tydelige i forhandlingene hele veien p\u00e5 at Gr\u00f8nland ikke er til salgs. <\/p>\n<p>\u2013 Gr\u00f8nland vil ikke eies av USA, sier han.<\/p>\n<p>\u2013 Vi st\u00e5r i en geopolitisk krise. Og skal vi velge her og n\u00e5, s\u00e5 velger vi Danmark. Vi velger EU. Dette er ikke tiden for intern diskusjon og splittelse. Det er tiden for \u00e5 bygge videre p\u00e5 det vi kjenner, sier han.<\/p>\n<p>\u2013 Vi er en del av Kongeriket Danmark.<\/p>\n<p>Han understreker at situasjonen er alvorlig, og at den har lagt enormt press p\u00e5 Gr\u00f8nland og deres folk.<\/p>\n<p>Nekter \u00e5 m\u00f8te USA uten Danmark <\/p>\n<p>Onsdag skal Nielsen, sammen med Danmarks utenriksminister, Lars L\u00f8kke Rasmussen m\u00f8te USAs visepresident J.D. Vance og utenriksminister Marco Rubio i Washington.<\/p>\n<p>P\u00e5 sp\u00f8rsm\u00e5l fra pressen sier han at det ikke er aktuelt for Gr\u00f8nland \u00e5 m\u00f8te representanter fra USA uten at Danmark er til stede.<\/p>\n<p>Advarer: \u2013 Enorm risiko for at Danmark overkj\u00f8res<\/p>\n<p>USA-eksperten Derek Beach har uttalt til danske <a href=\"https:\/\/www.bt.dk\/politik\/usa-ekspert-reagerer-paa-jd-vance-moede-om-groenland-det-her-er-virkelig-ildevarslende\" rel=\"Follow nofollow noopener\" target=\"_blank\">B.T.<\/a> at han advarer om at det er en enorm risiko for at Danmark kan bli fullstendig overkj\u00f8rt under m\u00f8tet.<\/p>\n<p>\u2013 Det her er en kraftig indikasjon p\u00e5, hvor viktig dette emnet er for amerikanerne. Det her er \u00abno more mr. Nice-guys\u00bb.<\/p>\n<p>Han omtaler situasjonen som \u00abvirkelig illevarslende\u00bb.<\/p>\n<p>Han er ikke alene om bekymringen. USA-korrespondenten til danske TV 2, Lotte Mejlhede er en av dem som anser m\u00f8tet som d\u00e5rlig nytt for Danmark.<\/p>\n<p>\u2013 Vance representerer en ytterst kritisk linje overfor b\u00e5de Europa og Danmark. Han har v\u00e6rt sv\u00e6rt kritisk til fedrelandet, sier Lotte Mejlhede.<\/p>\n<p>\u2013 Han var ogs\u00e5 mannen som bes\u00f8kte den amerikanske basen p\u00e5 Gr\u00f8nland etter at hans kones sjarmoffensiv ble avlyst. Hva rollefordelingen mellom Rubio og Vance blir, vet vi ikke, men vi m\u00e5 n\u00e5 forvente et m\u00f8te som sikkert blir direkte og usensurert. Sp\u00f8rsm\u00e5let er om diplomatiet fortsatt har en sjanse, <a rel=\"Follow nofollow noopener\" href=\"https:\/\/nyheder.tv2.dk\/live\/2025-01-06-kampen-om-groenlands-fremtid\" target=\"_blank\">sier hun til TV-kanal<\/a><a href=\"https:\/\/nyheder.tv2.dk\/live\/2025-01-06-kampen-om-groenlands-fremtid\" rel=\"Follow nofollow noopener\" target=\"_blank\">en<\/a>.<\/p>\n","protected":false},"excerpt":{"rendered":"Tirsdag ettermiddag kalte Danmarks statsminister Mette Frederiksen og Gr\u00f8nlands statsminister Jens-Frederik Nielsen inn til et pressem\u00f8te om den&hellip;\n","protected":false},"author":2,"featured_media":135819,"comment_status":"","ping_status":"","sticky":false,"template":"","format":"standard","meta":{"footnotes":""},"categories":[12],"tags":[20,21,24,25,15,22,23,13,30,28,29,14,16,26,27,42,43,44,45],"class_list":{"0":"post-135818","1":"post","2":"type-post","3":"status-publish","4":"format-standard","5":"has-post-thumbnail","7":"category-verden","8":"tag-breaking-news","9":"tag-breakingnews","10":"tag-featured-news","11":"tag-featurednews","12":"tag-headlines","13":"tag-latest-news","14":"tag-latestnews","15":"tag-news","16":"tag-no","17":"tag-norge","18":"tag-norway","19":"tag-nyheter","20":"tag-overskrifter","21":"tag-top-stories","22":"tag-topstories","23":"tag-verden","24":"tag-world","25":"tag-world-news","26":"tag-worldnews"},"share_on_mastodon":{"url":"https:\/\/pubeurope.com\/@no\/115888431019161409","error":""},"_links":{"self":[{"href":"https:\/\/www.europesays.com\/no\/wp-json\/wp\/v2\/posts\/135818","targetHints":{"allow":["GET"]}}],"collection":[{"href":"https:\/\/www.europesays.com\/no\/wp-json\/wp\/v2\/posts"}],"about":[{"href":"https:\/\/www.europesays.com\/no\/wp-json\/wp\/v2\/types\/post"}],"author":[{"embeddable":true,"href":"https:\/\/www.europesays.com\/no\/wp-json\/wp\/v2\/users\/2"}],"replies":[{"embeddable":true,"href":"https:\/\/www.europesays.com\/no\/wp-json\/wp\/v2\/comments?post=135818"}],"version-history":[{"count":0,"href":"https:\/\/www.europesays.com\/no\/wp-json\/wp\/v2\/posts\/135818\/revisions"}],"wp:featuredmedia":[{"embeddable":true,"href":"https:\/\/www.europesays.com\/no\/wp-json\/wp\/v2\/media\/135819"}],"wp:attachment":[{"href":"https:\/\/www.europesays.com\/no\/wp-json\/wp\/v2\/media?parent=135818"}],"wp:term":[{"taxonomy":"category","embeddable":true,"href":"https:\/\/www.europesays.com\/no\/wp-json\/wp\/v2\/categories?post=135818"},{"taxonomy":"post_tag","embeddable":true,"href":"https:\/\/www.europesays.com\/no\/wp-json\/wp\/v2\/tags?post=135818"}],"curies":[{"name":"wp","href":"https:\/\/api.w.org\/{rel}","templated":true}]}}