{"id":135820,"date":"2026-01-13T15:11:07","date_gmt":"2026-01-13T15:11:07","guid":{"rendered":"https:\/\/www.europesays.com\/no\/135820\/"},"modified":"2026-01-13T15:11:07","modified_gmt":"2026-01-13T15:11:07","slug":"trafikk-assiden-melding-om-sammenstot-mellom-to-biler-drammens-tidende","status":"publish","type":"post","link":"https:\/\/www.europesays.com\/no\/135820\/","title":{"rendered":"Trafikk, \u00c5ssiden | Melding om sammenst\u00f8t mellom to biler &#8211; Drammens Tidende"},"content":{"rendered":"<ol>\n<li><a href=\"https:\/\/news.google.com\/rss\/articles\/CBMiekFVX3lxTE5QNVd0TWNYZnBBQVhTaFNhajR4TFYxSC1rOWZaeGJKM214NmhuWlJZbWdCOFc3RXNNRVJocFFiMzhfVzhzVG9oM1NEWkhGeXY5cHpYNUdsNDNrSW9sRjhlakZYZlNYLVd0T2h5RHNBR21fU1FpUy1qSnZ3?oc=5\" target=\"_blank\" rel=\"nofollow noopener\">Trafikk, \u00c5ssiden | Melding om sammenst\u00f8t mellom to biler<\/a>&nbsp;&nbsp;Drammens Tidende<\/li>\n<li><a href=\"https:\/\/news.google.com\/rss\/articles\/CBMilAFBVV95cUxNYlY0ZFcxeGNZY0pUUVVJQjZaaHM4bllnd3hsQmNrZ005dUE5bDdBTzdHNWhZRmljRC1oN0FaX0M3NVVoRG44bWJCaFhVanRfVWdWM0k3bUJTejZ4dDlFWWlkbUEyRnplZ3ViOXI5LU5CQ1ZKN3RnZUswejhreXZ4NVNmTDJkRXVJT0RGV1B2UHlyZV9L?oc=5\" target=\"_blank\" rel=\"nofollow noopener\">Sn\u00f8en laver ned &#8211; flere trafikkuhell i ettermiddagsrushet<\/a>&nbsp;&nbsp;DRM24.no<\/li>\n<li><a href=\"https:\/\/news.google.com\/rss\/articles\/CBMie0FVX3lxTE5uazlJUlpTMGg0UkFaWk00TlctcW4wdVdzQWVLalM3QWVwV2JiaGZhUm1KYmp2LWlTRDlUUjVwMlVhc0JJazBzeFhNMVdjUHA1LVFNcHNIZ0IzTTRhTXJiRkpJYi1oSXVoZ3pnTlFPS190alY0N0E0a1hETQ?oc=5\" target=\"_blank\" rel=\"nofollow noopener\">Kommer med klar beskjed: \u2013 Kj\u00f8r forsiktig<\/a>&nbsp;&nbsp;Drammens Tidende<\/li>\n<li><a href=\"https:\/\/news.google.com\/rss\/articles\/CBMiY0FVX3lxTE9vQ3g3aUdpSTR6bThoNXEwQUl3Rk9fdWZfd05HajVTZGRvdG9BUXlmT3dzT2dHSThvcWNWVmdrTV9VQ0tITGY5ODVnNEhTeDZBN3FXb1NJelBNYzhvM2lEd2ZDOA?oc=5\" target=\"_blank\" rel=\"nofollow noopener\">Trafikk, Skoger og \u00c5skollen | To biler kolliderte: \u2013 Veldig glatt<\/a>&nbsp;&nbsp;Drammens Tidende<\/li>\n<li><a href=\"https:\/\/news.google.com\/rss\/articles\/CBMikwFBVV95cUxOc0hTV2dpZm9TWEhyRmNyTGVETDVZd1FWQjhWTzRvdjRHUDFxc2JJdFRXQ2htaWcxNEJldGtZUFdJT1dlVmM0T2p6VUpucEZfaDFHamtNTVdjSFhzVGYxM283SkowbWZqSDFXV0Q1dVFsYUhMSENjZlhjMTBROXRzajNvQnc0N2xLVE5zbkd0NXhhTlU?oc=5\" target=\"_blank\" rel=\"nofollow noopener\">Flere trafikkulykker i ettermiddagsrushet &#8211; glatte veier<\/a>&nbsp;&nbsp;DRM24.no<\/li>\n<\/ol>\n","protected":false},"excerpt":{"rendered":"Trafikk, \u00c5ssiden | Melding om sammenst\u00f8t mellom to biler&nbsp;&nbsp;Drammens Tidende Sn\u00f8en laver ned &#8211; flere trafikkuhell i ettermiddagsrushet&nbsp;&nbsp;DRM24.no&hellip;\n","protected":false},"author":2,"featured_media":135821,"comment_status":"","ping_status":"","sticky":false,"template":"","format":"standard","meta":{"footnotes":""},"categories":[10],"tags":[36,3713,20,21,24,25,15,22,23,13,30,28,29,14,16,1510,26,27,224],"class_list":{"0":"post-135820","1":"post","2":"type-post","3":"status-publish","4":"format-standard","5":"has-post-thumbnail","7":"category-norge","8":"tag-art","9":"tag-assiden","10":"tag-breaking-news","11":"tag-breakingnews","12":"tag-featured-news","13":"tag-featurednews","14":"tag-headlines","15":"tag-latest-news","16":"tag-latestnews","17":"tag-news","18":"tag-no","19":"tag-norge","20":"tag-norway","21":"tag-nyheter","22":"tag-overskrifter","23":"tag-story","24":"tag-top-stories","25":"tag-topstories","26":"tag-trafikk"},"share_on_mastodon":{"url":"https:\/\/pubeurope.com\/@no\/115888435011250296","error":""},"_links":{"self":[{"href":"https:\/\/www.europesays.com\/no\/wp-json\/wp\/v2\/posts\/135820","targetHints":{"allow":["GET"]}}],"collection":[{"href":"https:\/\/www.europesays.com\/no\/wp-json\/wp\/v2\/posts"}],"about":[{"href":"https:\/\/www.europesays.com\/no\/wp-json\/wp\/v2\/types\/post"}],"author":[{"embeddable":true,"href":"https:\/\/www.europesays.com\/no\/wp-json\/wp\/v2\/users\/2"}],"replies":[{"embeddable":true,"href":"https:\/\/www.europesays.com\/no\/wp-json\/wp\/v2\/comments?post=135820"}],"version-history":[{"count":0,"href":"https:\/\/www.europesays.com\/no\/wp-json\/wp\/v2\/posts\/135820\/revisions"}],"wp:featuredmedia":[{"embeddable":true,"href":"https:\/\/www.europesays.com\/no\/wp-json\/wp\/v2\/media\/135821"}],"wp:attachment":[{"href":"https:\/\/www.europesays.com\/no\/wp-json\/wp\/v2\/media?parent=135820"}],"wp:term":[{"taxonomy":"category","embeddable":true,"href":"https:\/\/www.europesays.com\/no\/wp-json\/wp\/v2\/categories?post=135820"},{"taxonomy":"post_tag","embeddable":true,"href":"https:\/\/www.europesays.com\/no\/wp-json\/wp\/v2\/tags?post=135820"}],"curies":[{"name":"wp","href":"https:\/\/api.w.org\/{rel}","templated":true}]}}