{"id":135822,"date":"2026-01-13T15:12:12","date_gmt":"2026-01-13T15:12:12","guid":{"rendered":"https:\/\/www.europesays.com\/no\/135822\/"},"modified":"2026-01-13T15:12:12","modified_gmt":"2026-01-13T15:12:12","slug":"laver-ned-klar-melding","status":"publish","type":"post","link":"https:\/\/www.europesays.com\/no\/135822\/","title":{"rendered":"Laver ned: Klar melding"},"content":{"rendered":"<p class=\"kicker \" style=\"\">V\u00e6ret<\/p>\n<p>    Sn\u00f8en laver ned over hovedstaden. Ruter ber deg v\u00e6re forberedt.\u00a0<\/p>\n<p>\n    LAVER NED: Sn\u00f8en har tirsdag ettermiddag begynt \u00e5 lave ned. Det kan f\u00f8re til tr\u00f8bbel i kollektivfabrikken. Foto: Bj\u00f8rn Langsem \/ Dagbladet\n  <\/p>\n<p>Den bitende kulda som har preget \u00d8stlandet de siste ukene, er i ferd med \u00e5 slippe taket. Tirsdag er det fremdeles minusgrader, men fra og med natt til onsdag ligger det an til \u00e5 sl\u00e5 over til pluss.\u00a0<\/p>\n<p>    Kort fortalt<\/p>\n<ul lang=\"nb-NO\">\n<li>\u00d8stlandet opplever et v\u00e6rskifte fra kulde til mildere temperaturer, med sn\u00f8 og sludd forventet fra tirsdag kveld til onsdag morgen.<\/li>\n<li>Gult farevarsel er utstedt for Oslo, Akershus, Buskerud og \u00d8stfold, med 10-20 cm sn\u00f8 og mulige forsinkelser i transport.<\/li>\n<li>Ruter forbereder seg p\u00e5 utfordrende kj\u00f8reforhold og oppfordrer reisende til \u00e5 beregne ekstra tid og f\u00f8lge med p\u00e5 oppdateringer.<\/li>\n<li>Lengre s\u00f8r kan nedb\u00f8r komme som regn, med fare for isete veier, spesielt p\u00e5 strekninger som ikke saltes.<\/li>\n<\/ul>\n<p class=\"italic ai-disclaimer\" data-lab-italic=\"italic\">Sammendraget er laget av ChatGPT og godkjent av Dagbladet.<\/p>\n<p>      Vis mer<br \/>\n      Vis mindre<\/p>\n<p>Som om ikke det var nok, er det sendt ut gult farevarsel for sn\u00f8 for Oslo,\u00a0 Akershus, deler av Buskerud og \u00d8stfold.<\/p>\n<p>&#8211; Fra tirsdag kveld til onsdag morgen er det ventet 10-20 cm sn\u00f8. I slutten av perioden kan det g\u00e5 over til sludd i s\u00f8rlig del av omr\u00e5det.\u00a0 Noen reiser vil kunne f\u00e5 lengre reisetid. Beregn ekstra tid til transport og kj\u00f8ring. Bruk riktige dekk og kj\u00f8r etter forholdene, heter det i <a href=\"https:\/\/www.yr.no\/nb\/v%C3%A6rvarsel\/timetabell\/1-72837\/Norge\/Oslo\/Oslo\/Oslo?i=0\" rel=\"nofollow noopener\" target=\"_blank\">varselet<\/a>.<\/p>\n<p class=\"font-weight-bold m-font-weight-bold\" data-lab-font_weight=\"font-weight-bold\">Rett f\u00f8r ettermiddagsrushet tirsdag ettermiddag, har det allerede begynt \u00e5 lave ned over hovedstaden.\u00a0<\/p>\n<p>Vakthavende meteorolog Espen Biseth Granan sier at v\u00e6romslaget kan f\u00f8re til vanskeligheter for b\u00e5de g\u00e5ende og kj\u00f8rende.\u00a0<\/p>\n<p> Han ansl\u00e5r at det aller meste av nedb\u00f8ren som treffer hovedstaden, vil best\u00e5 av sn\u00f8, eventuelt sludd. <\/p>\n<p>&#8211; Det gjelder \u00e5 sko seg riktig p\u00e5 b\u00e5de hjul og f\u00f8tter, sier han.\u00a0<\/p>\n<p>        UFORSIKTIG: En sj\u00e5f\u00f8r visste tilsynelatende ikke at bilen sto i revers og f\u00f8k dermed mot en mann p\u00e5 scooter. <\/p>\n<p>Tiltak\t<\/p>\n<p class=\"font-weight-bold m-font-weight-bold\" data-lab-font_weight=\"font-weight-bold\">&#8211; Vi er veldig klar over det, sier pressevakt i Ruter \u00d8ystein Dahl Johansen n\u00e5r Dagbladet sl\u00e5r p\u00e5 tr\u00e5den tirsdag formiddag.\u00a0<\/p>\n<p>Han forteller at de har hatt m\u00f8ter med alle operat\u00f8rer, s\u00e5 alle skal v\u00e6re klare for det som kommer, men legger ikke skjul p\u00e5 at det kan bli glatte og krevende kj\u00f8reforhold for bussene onsdag morgen.\u00a0<\/p>\n<p>I forbindelse med dette gj\u00f8res det forskjellige tiltak. For eksempel er det gjort klart busser med kjettinger, som kan settes inn p\u00e5 utsatte steder.\u00a0<\/p>\n<p>Et eksempel er linje 81 som g\u00e5r langs Valhallaveien i Frogn.\u00a0<\/p>\n<p>        <img loading=\"lazy\" decoding=\"async\" src=\"https:\/\/www.europesays.com\/no\/wp-content\/uploads\/2026\/01\/84094361.webp.webp\" width=\"980\" height=\"559\" title=\"D\u00c5RLIG NYTT: Dette v\u00e6ret kan skape tr\u00f8bbel for mange onsdag morgen. Foto: Meteored.\" alt=\"\" class=\"\" style=\"--aspect-ratio-image: 1.75; \"\/><\/p>\n<p>\n        D\u00c5RLIG NYTT: Dette v\u00e6ret kan skape tr\u00f8bbel for mange onsdag morgen. Foto: Meteored.\n    <\/p>\n<p>&#8211; S\u00e5 er vi avhengige av god framkommelighet og at br\u00f8ytemannskapene f\u00e5r gjort jobben sin, sier han.\u00a0<\/p>\n<p class=\"font-weight-bold m-font-weight-bold\" data-lab-font_weight=\"font-weight-bold\">Han ber ogs\u00e5 reisende om \u00e5 passe p\u00e5, da det ogs\u00e5 kan blir glatt p\u00e5 holdeplassene.\u00a0<\/p>\n<p>Han har en klar oppfordring til alle som skal reise kollektivt onsdag morgen.\u00a0<\/p>\n<p>&#8211; Alle b\u00f8r beregne god tid, og f\u00f8lg med i reiseplanleggeren som oppdateres fortl\u00f8pende, sier han.\u00a0<\/p>\n<p>    <a itemprop=\"url\" href=\"https:\/\/www.dagbladet.no\/nyheter\/flere-flyplasser-ble-stengt\/84092472\" rel=\"nofollow noopener\" target=\"_blank\"><\/p>\n<p>        <img loading=\"lazy\" decoding=\"async\" src=\"https:\/\/www.europesays.com\/no\/wp-content\/uploads\/2026\/01\/84092482.webp.webp\" width=\"980\" height=\"441\" title=\"Flere flyplasser ble stengt\" alt=\"\" class=\"lazyload\" style=\"--aspect-ratio-image: 2.22; \"\/><\/p>\n<p>        Flere flyplasser ble stengt<\/p>\n<p>    <\/a><\/p>\n<p>Fullt omslag\t<\/p>\n<p>Lengre s\u00f8r vil imidlertid omslaget kunne bli mer dramatisk. Fra Agder og \u00f8stover langs kysten vil nattens nedb\u00f8r kunne komme som regn. I den forbindelse er det ogs\u00e5 sendt ut gult farevarsel for is, som varer fra tirsdag til onsdag morgen.\u00a0<\/p>\n<p>&#8211; Nedb\u00f8r og overgang til mildere v\u00e6r ventes \u00e5 gi fare for glatte veier fra i formiddag, tirsdag. Faren starter f\u00f8rst p\u00e5 kysten i vest. Lenger \u00f8st og i indre str\u00f8k vil sn\u00f8v\u00e6ret fortsette, og lengst \u00f8st kommer overgang til mildv\u00e6r i kveld, st\u00e5r det i <a href=\"https:\/\/www.yr.no\/nb\/v%C3%A6rvarsel\/timetabell\/10-1010848\/Norge\/Agder\/Kristiansand\/Agder%20all%C3%A9?i=0\" rel=\"nofollow noopener\" target=\"_blank\">varselet<\/a>.<\/p>\n<p>&#8211; Det kan bli spenstige forhold, kommenterer meterologen.\u00a0<\/p>\n<p class=\"font-weight-bold m-font-weight-bold\" data-lab-font_weight=\"font-weight-bold\">Trafikkoperat\u00f8r hos Vegtrafikksentralen s\u00f8r, Hans Petter Medalen, advarer mot vanskelige kj\u00f8reforhold.\u00a0<\/p>\n<p class=\"font-weight-normal m-font-weight-normal\" data-lab-font_weight=\"font-weight-normal\">&#8211; Spesielt p\u00e5 veier som ikke blir saltet, men bare str\u00f8dd, sier han.\u00a0<\/p>\n<p>Medalen legger til at de har mye mannskaper ute n\u00e5 b\u00e5de p\u00e5 br\u00f8yting og salting.\u00a0<\/p>\n","protected":false},"excerpt":{"rendered":"V\u00e6ret Sn\u00f8en laver ned over hovedstaden. Ruter ber deg v\u00e6re forberedt.\u00a0 LAVER NED: Sn\u00f8en har tirsdag ettermiddag begynt&hellip;\n","protected":false},"author":2,"featured_media":135823,"comment_status":"","ping_status":"","sticky":false,"template":"","format":"standard","meta":{"footnotes":""},"categories":[5],"tags":[20,21,24,25,15,19,2539,22,23,17,18,13,30,28,29,14,16,287,26,27,224,387],"class_list":{"0":"post-135822","1":"post","2":"type-post","3":"status-publish","4":"format-standard","5":"has-post-thumbnail","7":"category-overskrifter","8":"tag-breaking-news","9":"tag-breakingnews","10":"tag-featured-news","11":"tag-featurednews","12":"tag-headlines","13":"tag-hovedoppslag","14":"tag-innenriks","15":"tag-latest-news","16":"tag-latestnews","17":"tag-main-news","18":"tag-mainnews","19":"tag-news","20":"tag-no","21":"tag-norge","22":"tag-norway","23":"tag-nyheter","24":"tag-overskrifter","25":"tag-ruter","26":"tag-top-stories","27":"tag-topstories","28":"tag-trafikk","29":"tag-vaeret"},"share_on_mastodon":{"url":"https:\/\/pubeurope.com\/@no\/115888438895045646","error":""},"_links":{"self":[{"href":"https:\/\/www.europesays.com\/no\/wp-json\/wp\/v2\/posts\/135822","targetHints":{"allow":["GET"]}}],"collection":[{"href":"https:\/\/www.europesays.com\/no\/wp-json\/wp\/v2\/posts"}],"about":[{"href":"https:\/\/www.europesays.com\/no\/wp-json\/wp\/v2\/types\/post"}],"author":[{"embeddable":true,"href":"https:\/\/www.europesays.com\/no\/wp-json\/wp\/v2\/users\/2"}],"replies":[{"embeddable":true,"href":"https:\/\/www.europesays.com\/no\/wp-json\/wp\/v2\/comments?post=135822"}],"version-history":[{"count":0,"href":"https:\/\/www.europesays.com\/no\/wp-json\/wp\/v2\/posts\/135822\/revisions"}],"wp:featuredmedia":[{"embeddable":true,"href":"https:\/\/www.europesays.com\/no\/wp-json\/wp\/v2\/media\/135823"}],"wp:attachment":[{"href":"https:\/\/www.europesays.com\/no\/wp-json\/wp\/v2\/media?parent=135822"}],"wp:term":[{"taxonomy":"category","embeddable":true,"href":"https:\/\/www.europesays.com\/no\/wp-json\/wp\/v2\/categories?post=135822"},{"taxonomy":"post_tag","embeddable":true,"href":"https:\/\/www.europesays.com\/no\/wp-json\/wp\/v2\/tags?post=135822"}],"curies":[{"name":"wp","href":"https:\/\/api.w.org\/{rel}","templated":true}]}}