{"id":135832,"date":"2026-01-13T15:19:07","date_gmt":"2026-01-13T15:19:07","guid":{"rendered":"https:\/\/www.europesays.com\/no\/135832\/"},"modified":"2026-01-13T15:19:07","modified_gmt":"2026-01-13T15:19:07","slug":"vaer-meteorologisk-institutt-nytt-farevarsel","status":"publish","type":"post","link":"https:\/\/www.europesays.com\/no\/135832\/","title":{"rendered":"V\u00e6r, Meteorologisk institutt | Nytt farevarsel:"},"content":{"rendered":"\n<p>\u2013 Nedb\u00f8r og overgang til mildere v\u00e6r kan gi is og glatte veier fra sent tirsdag kveld, melder Meteorologisk institutt i et farevarsel. Nedb\u00f8ren kan komme b\u00e5de som sn\u00f8 og regn.<\/p>\n<p>Statens vegvesen har tirsdag sendt ut en pressemelding der de advarer for kj\u00f8reforholdene. <\/p>\n<p><b>\u2013 I Agder og p\u00e5 kysten av Telemark ventes overgang til mildv\u00e6r i l\u00f8pet av kvelden og natta, som betyr at det blir regn, og ekstra stor fare for glatte veger, skriver vegvesenet i meldingen. <\/b><\/p>\n<p>Farevarselet for is p\u00e5 veiene gjelder for Telemark sin del i f\u00f8rste omgang for Bamble og Krager\u00f8. <\/p>\n<p>If\u00f8lge varselet p\u00e5 YR starter nedb\u00f8ren som sludd i Krager\u00f8 i kveld, f\u00f8r det g\u00e5r over til regn i natt. Onsdag er det ventet 12 millimeter nedb\u00f8r. I Bamble er det meldt 17 millimeter nedb\u00f8r onsdag. <\/p>\n<p>I Porsgrunn og Skien er det noe mer uklart om nedb\u00f8ren kommer som sn\u00f8 eller regn.<\/p>\n<p>Meteorologene ber folk v\u00e6re oppmerksomme p\u00e5 at isen kan v\u00e6re vanskelig \u00e5 se.<\/p>\n<p>Det kan v\u00e6re lokalt vanskelige kj\u00f8reforhold. Transporttjenester kan ogs\u00e5 bli p\u00e5virket. Beregn ekstra tid til transport og kj\u00f8ring. Bruk riktige dekk og kj\u00f8r etter forholdene.<\/p>\n","protected":false},"excerpt":{"rendered":"\u2013 Nedb\u00f8r og overgang til mildere v\u00e6r kan gi is og glatte veier fra sent tirsdag kveld, melder&hellip;\n","protected":false},"author":2,"featured_media":135833,"comment_status":"","ping_status":"","sticky":false,"template":"","format":"standard","meta":{"footnotes":""},"categories":[10],"tags":[36,20,21,24,25,15,22,23,1202,13,30,28,29,14,16,1899,1510,26,27,224,553],"class_list":{"0":"post-135832","1":"post","2":"type-post","3":"status-publish","4":"format-standard","5":"has-post-thumbnail","7":"category-norge","8":"tag-art","9":"tag-breaking-news","10":"tag-breakingnews","11":"tag-featured-news","12":"tag-featurednews","13":"tag-headlines","14":"tag-latest-news","15":"tag-latestnews","16":"tag-meteorologisk-institutt","17":"tag-news","18":"tag-no","19":"tag-norge","20":"tag-norway","21":"tag-nyheter","22":"tag-overskrifter","23":"tag-statens-vegvesen","24":"tag-story","25":"tag-top-stories","26":"tag-topstories","27":"tag-trafikk","28":"tag-vaer"},"share_on_mastodon":{"url":"https:\/\/pubeurope.com\/@no\/115888466465904984","error":""},"_links":{"self":[{"href":"https:\/\/www.europesays.com\/no\/wp-json\/wp\/v2\/posts\/135832","targetHints":{"allow":["GET"]}}],"collection":[{"href":"https:\/\/www.europesays.com\/no\/wp-json\/wp\/v2\/posts"}],"about":[{"href":"https:\/\/www.europesays.com\/no\/wp-json\/wp\/v2\/types\/post"}],"author":[{"embeddable":true,"href":"https:\/\/www.europesays.com\/no\/wp-json\/wp\/v2\/users\/2"}],"replies":[{"embeddable":true,"href":"https:\/\/www.europesays.com\/no\/wp-json\/wp\/v2\/comments?post=135832"}],"version-history":[{"count":0,"href":"https:\/\/www.europesays.com\/no\/wp-json\/wp\/v2\/posts\/135832\/revisions"}],"wp:featuredmedia":[{"embeddable":true,"href":"https:\/\/www.europesays.com\/no\/wp-json\/wp\/v2\/media\/135833"}],"wp:attachment":[{"href":"https:\/\/www.europesays.com\/no\/wp-json\/wp\/v2\/media?parent=135832"}],"wp:term":[{"taxonomy":"category","embeddable":true,"href":"https:\/\/www.europesays.com\/no\/wp-json\/wp\/v2\/categories?post=135832"},{"taxonomy":"post_tag","embeddable":true,"href":"https:\/\/www.europesays.com\/no\/wp-json\/wp\/v2\/tags?post=135832"}],"curies":[{"name":"wp","href":"https:\/\/api.w.org\/{rel}","templated":true}]}}