{"id":135834,"date":"2026-01-13T15:20:11","date_gmt":"2026-01-13T15:20:11","guid":{"rendered":"https:\/\/www.europesays.com\/no\/135834\/"},"modified":"2026-01-13T15:20:11","modified_gmt":"2026-01-13T15:20:11","slug":"danmark-og-gronland-i-strupen-pa-donald-trump-og-usa-respektlost","status":"publish","type":"post","link":"https:\/\/www.europesays.com\/no\/135834\/","title":{"rendered":"Danmark og Gr\u00f8nland i strupen p\u00e5 Donald Trump og USA: \u2013 Respektl\u00f8st"},"content":{"rendered":"<p class=\"extendedContent hyperion-css-eyn926\" data-test-tag=\"lead-text\">Regjeringssjefene fra b\u00e5de Danmark og Gr\u00f8nland kommer med klar tale til Donald Trump: Gr\u00f8nland er ikke til salgs. Presset fra USA er uakseptabelt, sier den danske statsministeren.<\/p>\n<p><img decoding=\"async\" class=\"image-asset hyperion-css-dgcige\" data-test-tag=\"image-asset\" src=\"https:\/\/www.europesays.com\/no\/wp-content\/uploads\/2026\/01\/aa43da28-840a-486f-96f4-ce62a8011ce3.jpeg\"  alt=\"Statsminister Mette Fredriksen og den gr\u00f8nlandske regjeringssjefen Jens-Frederik Nielsen var klare p\u00e5 at Gr\u00f8nland ikke er til salgs, under pressekonferansen tirsdag.\"  loading=\"eager\" fetchpriority=\"high\" style=\"aspect-ratio:2048 \/ 1367\"\/>Statsminister Mette Fredriksen og den gr\u00f8nlandske regjeringssjefen Jens-Frederik Nielsen var klare p\u00e5 at Gr\u00f8nland ikke er til salgs, under pressekonferansen tirsdag. Foto: Liselotte Sabroe \/ Reuters \/ NTBKortversjonen<\/p>\n<ul class=\"hyperion-css-1wfq1v6\" data-test-tag=\"list\">\n<li class=\"hyperion-css-13wylk3\">Statsministrene i Danmark og Gr\u00f8nland avviser USAs \u00f8nske om \u00e5 kj\u00f8pe Gr\u00f8nland. Begge sier at Gr\u00f8nland ikke er til salgs.<\/li>\n<li class=\"hyperion-css-13wylk3\">Donald Trump har gjentatte ganger ytret \u00f8nske om \u00e5 eie Gr\u00f8nland, og har truet med drastiske tiltak. <\/li>\n<li class=\"hyperion-css-13wylk3\">Onsdag m\u00f8ter utenriksministrene fra Danmark og Gr\u00f8nland USAs Marco Rubio og J.D. Vance i Det hvite hus.<\/li>\n<\/ul>\n<p data-nosnippet=\"true\" class=\"hyperion-css-1qe9pn0\">Sammendraget er laget ved hjelp av kunstig intelligens (KI) og kvalitetssikret av Aftenpostens journalister.<\/p>\n<p>Vis mer<\/p>\n<p class=\"paywall hyperion-css-1j42uic\">\u2013 Vi s\u00f8ker ikke en konflikt. Men budskapet er klart: Gr\u00f8nland er ikke til salgs, sa statsminister Mette Fredriksen tirsdag.<\/p>\n<p class=\"paywall hyperion-css-1j42uic\">Dagen f\u00f8r USA og Danmark m\u00f8tes i Det hvite hus for \u00e5 diskutere Gr\u00f8nland, hadde Fredriksen og lederen for Gr\u00f8nlands regjering, Jens-Frederik Nilsen, kalt inn til pressekonferanse. Temaet var situasjonen p\u00e5 Gr\u00f8nland.<\/p>\n<p class=\"paywall hyperion-css-1j42uic\">M\u00f8tet med pressen kom etter uker med eskalering. <\/p>\n<p class=\"paywall hyperion-css-1j42uic\">For kampen om Gr\u00f8nland har tilspisset seg de siste ukene. USAs president Donald Trump fortsetter \u00e5 snakke om at USA m\u00e5 eie Gr\u00f8nland.<\/p>\n<ul class=\"paywall hyperion-css-1waisbu\" data-test-tag=\"list\">\n<li class=\"hyperion-css-1jomj7h\">Mandag la republikaneren Randy Fine frem et <a data-test-tag=\"internal-link\" href=\"https:\/\/www.aftenposten.no\/verden\/i\/gkW3AJ\/kongressmedlem-i-usa-har-lagt-frem-formelt-forslag-om-aa-annektere-groenland\" class=\"hyperion-css-1raymq9\" rel=\"nofollow noopener\" target=\"\" aria-label=\"formelt forslag om \u00e5 annektere verdens st\u00f8rste \u00f8y\" theme=\"breaking-short\">formelt forslag om \u00e5 annektere verdens st\u00f8rste \u00f8y<\/a>. <\/li>\n<li class=\"hyperion-css-1jomj7h\">Onsdag skal den danske utenriksministeren, Lars L\u00f8kke Rasmussen, og Gr\u00f8nlands minister for utenlandssaker, Vivian Motzfeldt, m\u00f8te i Det hvite hus. Der skal de sette seg ned med USAs utenriksminister Marco Rubio og visepresident J.D. Vance.<\/li>\n<\/ul>\n<p class=\"paywall hyperion-css-1j42uic\">Det at Vance skal v\u00e6re med, er en eskalering og d\u00e5rlig nyhet for Danmark, advarer flere danske politikere, skriver <a aria-label=\"dansk TV 2\" class=\"breaking-short hyperion-css-1raymq9\" href=\"https:\/\/nyheder.tv2.dk\/live\/2025-01-06-kampen-om-groenlands-fremtid\" target=\"_blank\" rel=\"noopener nofollow noreferrer\" data-test-tag=\"external-link\">dansk TV 2<\/a>.<\/p>\n<p><img decoding=\"async\" class=\"image-asset hyperion-css-u06ts1\" data-test-tag=\"image-asset\" src=\"https:\/\/www.europesays.com\/no\/wp-content\/uploads\/2026\/01\/63f4fb34-220b-4ff2-9ac4-43eb016f4dcf.jpeg\"  alt=\"USAs visepresident J.D. Vance bes\u00f8kte den amerikanske Pituffik-basen p\u00e5 Gr\u00f8nland i mars i fjor. \"  loading=\"eager\" fetchpriority=\"high\" style=\"aspect-ratio:2048 \/ 1289\"\/>USAs visepresident J.D. Vance bes\u00f8kte den amerikanske Pituffik-basen p\u00e5 Gr\u00f8nland i mars i fjor. Foto: JIM WATSON \/ Reuters \/ NTBDanmark: Kan ikke kj\u00f8pe land med makt<\/p>\n<p class=\"paywall hyperion-css-1j42uic\">Fredriksen innledet tirsdag med \u00e5 si at dette handler om at man ikke kan endre grenser med makt. Hun sier at \u00abnoe grunnleggende\u00bb st\u00e5r p\u00e5 spill. <\/p>\n<p class=\"paywall hyperion-css-1j42uic\">\u2013 Sm\u00e5 land skal ikke frykte store land. Derfor sier vi ifra. <\/p>\n<p class=\"paywall hyperion-css-1j42uic\">Fredriksen sa at det ikke har v\u00e6rt enkelt \u00e5 st\u00e5 i mot et \u00abuakseptbelt press\u00bb fra en av Danmarks n\u00e6rmeste allierte.<\/p>\n<p class=\"paywall hyperion-css-1j42uic\">I bakgrunnen kunne man skimte b\u00e5de det danske og gr\u00f8nlandske flagget. <\/p>\n<p><img decoding=\"async\" class=\"image-asset hyperion-css-1qzriwg\" data-test-tag=\"image-asset\" src=\"https:\/\/www.europesays.com\/no\/wp-content\/uploads\/2026\/01\/bdf4d391-d767-46cd-8d12-65282d30e5bc.jpeg\"  alt=\"Den gr\u00f8nlandske regjeringssjefen, Jens-Frederik Nielsen, mener USAs m\u00e5te \u00e5 snakke om \u00e5 kj\u00f8pe Gr\u00f8nland p\u00e5 er respektl\u00f8s.\"  loading=\"eager\" fetchpriority=\"high\" style=\"aspect-ratio:2048 \/ 1365\"\/>Den gr\u00f8nlandske regjeringssjefen, Jens-Frederik Nielsen, mener USAs m\u00e5te \u00e5 snakke om \u00e5 kj\u00f8pe Gr\u00f8nland p\u00e5 er respektl\u00f8s. Foto: Liselotte Sabroe \/ AP \/ NTBGr\u00f8nlands regjeringssjef: I stormens \u00f8ye<\/p>\n<p class=\"paywall hyperion-css-1j42uic\">Den danske statslederen fikk st\u00f8tte av Nielsen:<\/p>\n<p class=\"paywall hyperion-css-1j42uic\">\u2013 Gr\u00f8nland er en del av kongeriket. Vi er en del av konged\u00f8mmet.<\/p>\n<p class=\"paywall hyperion-css-1j42uic\">Han la til at Gr\u00f8nland ikke vil styres av USA og vil heller ikke bli en del av USA. <\/p>\n<p class=\"paywall hyperion-css-1j42uic\">\u2013 Skal vi velge mellom Danmark og USA her og n\u00e5, s\u00e5 velger vi Danmark, fortalte Nielsen.<\/p>\n<p class=\"paywall hyperion-css-1j42uic\">Gr\u00f8nlands regjeringssjef sa at de n\u00e5 st\u00e5r i \u00abstormens \u00f8ye\u00bb. <\/p>\n<p class=\"paywall hyperion-css-1j42uic\">\u2013 Den gr\u00f8nlandske befolkningen har v\u00e6rt utsatt for dette presset i lengre tid n\u00e5. Men det er ogs\u00e5 et sp\u00f8rsm\u00e5l om den verdensordenen vi kjenner.<\/p>\n<p><img decoding=\"async\" class=\"image-asset hyperion-css-u06ts1\" data-test-tag=\"image-asset\" src=\"https:\/\/www.europesays.com\/no\/wp-content\/uploads\/2026\/01\/8e1842e8-1b17-4504-9ddd-3082ed9a6302.jpeg\"  alt=\"USAs president Donald Trump har gjentatte ganger sagt at USA trenger \u00e5 ta over Gr\u00f8nland. \"  loading=\"eager\" fetchpriority=\"high\" style=\"aspect-ratio:2048 \/ 1365\"\/>USAs president Donald Trump har gjentatte ganger sagt at USA trenger \u00e5 ta over Gr\u00f8nland. Foto: Nathan Howard \/ Reuters \/ NTB\u2013 Kan ikke kj\u00f8pe et annet folk<\/p>\n<p class=\"paywall hyperion-css-1j42uic\">P\u00e5 sp\u00f8rsm\u00e5l om hva Danmark kan tilby USA, svarte Fredriksen: <\/p>\n<p class=\"paywall hyperion-css-1j42uic\">\u2013 Det vi kan tilby, er \u00e5 v\u00e6re den gode allierte som vi har v\u00e6rt i mange \u00e5r. I ti\u00e5r. <\/p>\n<p class=\"paywall hyperion-css-1j42uic\">Den danske statsministeren p\u00e5pekte at internasjonale lover og regler ogs\u00e5 gjelder i kampen om Gr\u00f8nland.<\/p>\n<p class=\"paywall hyperion-css-1j42uic\">\u2013 Man kan ikke kj\u00f8pe et annet folk, sa hun. <\/p>\n<p class=\"paywall hyperion-css-1j42uic\">\u2013 \u00c5 snakke om \u00e5 kunne kj\u00f8pe et annet folk er respektl\u00f8st, sa Nielsen. <\/p>\n<p class=\"paywall hyperion-css-1j42uic\">Fredriksen sier at mye tyder p\u00e5 at det vanskeligste ligger foran Danmark.<\/p>\n<p>Rubio: Jobbes med tilbud<\/p>\n<p class=\"paywall hyperion-css-1j42uic\">Fredag tok Donald Trump igjen til orde for at <a data-test-tag=\"internal-link\" href=\"https:\/\/www.aftenposten.no\/verden\/i\/vrAOaB\/nye-groenland-trusler-hvis-vi-ikke-gjoer-det-enkelt-gjoer-vi-det-paa-den-harde-maaten\" class=\"hyperion-css-1raymq9\" rel=\"nofollow noopener\" target=\"\" aria-label=\"USA \u00f8nsker seg kontroll over Gr\u00f8nland\" theme=\"breaking-short\">USA \u00f8nsker seg kontroll over Gr\u00f8nland<\/a>. <\/p>\n<p class=\"paywall hyperion-css-1j42uic\">\u2013 Vi skal gj\u00f8re noe med Gr\u00f8nland, uansett om de liker det eller ei, sa presidenten. <\/p>\n<p class=\"paywall hyperion-css-1j42uic\">Utenriksminister Rubio har sagt at det jobbes med \u00e5 utforme et tilbud om \u00e5 kj\u00f8pe Gr\u00f8nland. Dette skal v\u00e6re klart til m\u00f8tet onsdag. <\/p>\n<p class=\"paywall hyperion-css-1j42uic\">\u2013 Jeg vil gjerne gj\u00f8re en avtale, det er den enkleste m\u00e5ten. Men hvis vi ikke gj\u00f8r det p\u00e5 den enkle m\u00e5ten, kommer vi til \u00e5 gj\u00f8re det p\u00e5 den harde m\u00e5ten, sa Trump fredag.<\/p>\n","protected":false},"excerpt":{"rendered":"Regjeringssjefene fra b\u00e5de Danmark og Gr\u00f8nland kommer med klar tale til Donald Trump: Gr\u00f8nland er ikke til salgs.&hellip;\n","protected":false},"author":2,"featured_media":135835,"comment_status":"","ping_status":"","sticky":false,"template":"","format":"standard","meta":{"footnotes":""},"categories":[5],"tags":[20,21,24,25,15,19,22,23,17,18,13,30,28,29,14,16,26,27],"class_list":{"0":"post-135834","1":"post","2":"type-post","3":"status-publish","4":"format-standard","5":"has-post-thumbnail","7":"category-overskrifter","8":"tag-breaking-news","9":"tag-breakingnews","10":"tag-featured-news","11":"tag-featurednews","12":"tag-headlines","13":"tag-hovedoppslag","14":"tag-latest-news","15":"tag-latestnews","16":"tag-main-news","17":"tag-mainnews","18":"tag-news","19":"tag-no","20":"tag-norge","21":"tag-norway","22":"tag-nyheter","23":"tag-overskrifter","24":"tag-top-stories","25":"tag-topstories"},"share_on_mastodon":{"url":"https:\/\/pubeurope.com\/@no\/115888470389185453","error":""},"_links":{"self":[{"href":"https:\/\/www.europesays.com\/no\/wp-json\/wp\/v2\/posts\/135834","targetHints":{"allow":["GET"]}}],"collection":[{"href":"https:\/\/www.europesays.com\/no\/wp-json\/wp\/v2\/posts"}],"about":[{"href":"https:\/\/www.europesays.com\/no\/wp-json\/wp\/v2\/types\/post"}],"author":[{"embeddable":true,"href":"https:\/\/www.europesays.com\/no\/wp-json\/wp\/v2\/users\/2"}],"replies":[{"embeddable":true,"href":"https:\/\/www.europesays.com\/no\/wp-json\/wp\/v2\/comments?post=135834"}],"version-history":[{"count":0,"href":"https:\/\/www.europesays.com\/no\/wp-json\/wp\/v2\/posts\/135834\/revisions"}],"wp:featuredmedia":[{"embeddable":true,"href":"https:\/\/www.europesays.com\/no\/wp-json\/wp\/v2\/media\/135835"}],"wp:attachment":[{"href":"https:\/\/www.europesays.com\/no\/wp-json\/wp\/v2\/media?parent=135834"}],"wp:term":[{"taxonomy":"category","embeddable":true,"href":"https:\/\/www.europesays.com\/no\/wp-json\/wp\/v2\/categories?post=135834"},{"taxonomy":"post_tag","embeddable":true,"href":"https:\/\/www.europesays.com\/no\/wp-json\/wp\/v2\/tags?post=135834"}],"curies":[{"name":"wp","href":"https:\/\/api.w.org\/{rel}","templated":true}]}}