{"id":135836,"date":"2026-01-13T15:21:12","date_gmt":"2026-01-13T15:21:12","guid":{"rendered":"https:\/\/www.europesays.com\/no\/135836\/"},"modified":"2026-01-13T15:21:12","modified_gmt":"2026-01-13T15:21:12","slug":"napoli-endrer-plan-etter-amorim-sparkingen","status":"publish","type":"post","link":"https:\/\/www.europesays.com\/no\/135836\/","title":{"rendered":"&#8211; Napoli endrer plan etter Amorim-sparkingen"},"content":{"rendered":"<p>        Martin Rickett &#8211; PA Images\n    <\/p>\n<p class=\"kicker font-weight-bold m-font-weight-bold tertiary color_mobile_tertiary\" style=\"\">ITALIENSK AVIS:<\/p>\n<p>Joshua Zirkzee og Kobbie Mainoo har i m\u00e5nedsvis blitt koblet til klubber i Italia. Roma har jaktet f\u00f8rstnevnte, mens Napoli har ligget langflate etter sistnevnte.\u00a0<\/p>\n<p>Roma har <a href=\"https:\/\/www.united.no\/nyheter\/trenerbyttet-forandrer-situasjonen\/1413258\" target=\"_blank\" rel=\"nofollow noopener\">allerede innr\u00f8mt at forrige ukes sparking av R\u00faben Amorim f\u00e5r konsekvenser<\/a> for deres Zirkzee-jakt. Det f\u00e5r det ogs\u00e5 for Napolis \u00f8nske om \u00e5 signere Mainoo.\u00a0<\/p>\n<p class=\"font-weight-bold m-font-weight-bold\" data-lab-font_weight=\"font-weight-bold\">N\u00e5 retter de angivelig blikket mot en andre midtbanemenn &#8211; inkludert en midtbanespiller som har blitt hyppig koblet til Manchester United.\u00a0<\/p>\n<p>                F\u00e5 med deg alt fra Supporterklubben<\/p>\n<ul>\n<li>Tilgang til alt innhold p\u00e5 united.no<\/li>\n<li>Tilgang til podkasten Uno+<\/li>\n<li>Billetter og turer til Old Trafford<\/li>\n<li>Gode rabatter i nettbutikken<\/li>\n<li>Medlemspris p\u00e5 Viaplay Total<\/li>\n<\/ul>\n<p class=\"price_description\">Kun kr 29,- \/m\u00e5ned. Betales \u00e5rlig.<\/p>\n<p>\n                    <a style=\"\" class=\"lab-paywall-teaser-offer-button\" href=\"https:\/\/api.united.no\/paywall\/order?providerUrl=https%3A%2F%2Fminside.united.no%2Fno%2Fcheckout%2Funitedmedlemsskap&amp;siteAlias=united&amp;&amp;siteId=2&amp;contentUrl=https%3A%2F%2Fwww.united.no%2Fnyheter%2Fnapoli-endrer-plan-etter-amorim-sparkingen%2F1414627\" rel=\"nofollow noopener\" target=\"_blank\">Bli medlem n\u00e5<\/a>\n                <\/p>\n","protected":false},"excerpt":{"rendered":"Martin Rickett &#8211; PA Images ITALIENSK AVIS: Joshua Zirkzee og Kobbie Mainoo har i m\u00e5nedsvis blitt koblet til&hellip;\n","protected":false},"author":2,"featured_media":135837,"comment_status":"","ping_status":"","sticky":false,"template":"","format":"standard","meta":{"footnotes":""},"categories":[59],"tags":[30,28,29,83,82],"class_list":{"0":"post-135836","1":"post","2":"type-post","3":"status-publish","4":"format-standard","5":"has-post-thumbnail","7":"category-sport","8":"tag-no","9":"tag-norge","10":"tag-norway","11":"tag-sport","12":"tag-sports"},"share_on_mastodon":{"url":"https:\/\/pubeurope.com\/@no\/115888474250204773","error":""},"_links":{"self":[{"href":"https:\/\/www.europesays.com\/no\/wp-json\/wp\/v2\/posts\/135836","targetHints":{"allow":["GET"]}}],"collection":[{"href":"https:\/\/www.europesays.com\/no\/wp-json\/wp\/v2\/posts"}],"about":[{"href":"https:\/\/www.europesays.com\/no\/wp-json\/wp\/v2\/types\/post"}],"author":[{"embeddable":true,"href":"https:\/\/www.europesays.com\/no\/wp-json\/wp\/v2\/users\/2"}],"replies":[{"embeddable":true,"href":"https:\/\/www.europesays.com\/no\/wp-json\/wp\/v2\/comments?post=135836"}],"version-history":[{"count":0,"href":"https:\/\/www.europesays.com\/no\/wp-json\/wp\/v2\/posts\/135836\/revisions"}],"wp:featuredmedia":[{"embeddable":true,"href":"https:\/\/www.europesays.com\/no\/wp-json\/wp\/v2\/media\/135837"}],"wp:attachment":[{"href":"https:\/\/www.europesays.com\/no\/wp-json\/wp\/v2\/media?parent=135836"}],"wp:term":[{"taxonomy":"category","embeddable":true,"href":"https:\/\/www.europesays.com\/no\/wp-json\/wp\/v2\/categories?post=135836"},{"taxonomy":"post_tag","embeddable":true,"href":"https:\/\/www.europesays.com\/no\/wp-json\/wp\/v2\/tags?post=135836"}],"curies":[{"name":"wp","href":"https:\/\/api.w.org\/{rel}","templated":true}]}}