{"id":135839,"date":"2026-01-13T15:24:07","date_gmt":"2026-01-13T15:24:07","guid":{"rendered":"https:\/\/www.europesays.com\/no\/135839\/"},"modified":"2026-01-13T15:24:07","modified_gmt":"2026-01-13T15:24:07","slug":"nodetater-lyngen-fikk-melding-om-mulig-skred-var-falsk-alarm","status":"publish","type":"post","link":"https:\/\/www.europesays.com\/no\/135839\/","title":{"rendered":"N\u00f8detater, Lyngen | Fikk melding om mulig skred \u2013 var falsk alarm"},"content":{"rendered":"\n<p>N\u00f8detatene rykket tirsdag ettermiddag ut til et mulig n\u00f8doppdrag i Lyngen.<\/p>\n<p>Meldingen gikk ut p\u00e5 et mulig skred over veien ved Pollfjelltunnelen.<\/p>\n<p>\u2013 Det var en person som kj\u00f8rte bil som trodde det kom et skred og ringe n\u00f8detatene, sier Marielle Bakklund ved Hovedredningssentralen.<\/p>\n<p><b>Da kontakten ble brutt med melderen, ble det sl\u00e5tt alarm.<\/b><\/p>\n<p>\u2013 Vi sendte ut n\u00f8detatene p\u00e5 bakgrunn av dette, sier Bakklund.<\/p>\n<p>Etter relativt kort tid kunne imidlertid aksjonen avbl\u00e5ses.<\/p>\n<p>\u2013 Vi tror det kan ha falt ned sn\u00f8 p\u00e5 bilen i det den forsvant inn i tunnelen. Det kunne oppfattes som et skred, men var heldigvis falsk alarm, sier Bakklund og legger til:<\/p>\n<p>\u2013 Melder gjorde alt riktig.<\/p>\n","protected":false},"excerpt":{"rendered":"N\u00f8detatene rykket tirsdag ettermiddag ut til et mulig n\u00f8doppdrag i Lyngen. Meldingen gikk ut p\u00e5 et mulig skred&hellip;\n","protected":false},"author":2,"featured_media":2176,"comment_status":"","ping_status":"","sticky":false,"template":"","format":"standard","meta":{"footnotes":""},"categories":[56],"tags":[36,60,61,12332,62,30,28,29,1478,15582,1510],"class_list":{"0":"post-135839","1":"post","2":"type-post","3":"status-publish","4":"format-standard","5":"has-post-thumbnail","7":"category-naeringsliv","8":"tag-art","9":"tag-business","10":"tag-economy","11":"tag-lyngen","12":"tag-naeringsliv","13":"tag-no","14":"tag-norge","15":"tag-norway","16":"tag-nodetater","17":"tag-pollfjellet","18":"tag-story"},"share_on_mastodon":{"url":"https:\/\/pubeurope.com\/@no\/115888486139146431","error":""},"_links":{"self":[{"href":"https:\/\/www.europesays.com\/no\/wp-json\/wp\/v2\/posts\/135839","targetHints":{"allow":["GET"]}}],"collection":[{"href":"https:\/\/www.europesays.com\/no\/wp-json\/wp\/v2\/posts"}],"about":[{"href":"https:\/\/www.europesays.com\/no\/wp-json\/wp\/v2\/types\/post"}],"author":[{"embeddable":true,"href":"https:\/\/www.europesays.com\/no\/wp-json\/wp\/v2\/users\/2"}],"replies":[{"embeddable":true,"href":"https:\/\/www.europesays.com\/no\/wp-json\/wp\/v2\/comments?post=135839"}],"version-history":[{"count":0,"href":"https:\/\/www.europesays.com\/no\/wp-json\/wp\/v2\/posts\/135839\/revisions"}],"wp:featuredmedia":[{"embeddable":true,"href":"https:\/\/www.europesays.com\/no\/wp-json\/wp\/v2\/media\/2176"}],"wp:attachment":[{"href":"https:\/\/www.europesays.com\/no\/wp-json\/wp\/v2\/media?parent=135839"}],"wp:term":[{"taxonomy":"category","embeddable":true,"href":"https:\/\/www.europesays.com\/no\/wp-json\/wp\/v2\/categories?post=135839"},{"taxonomy":"post_tag","embeddable":true,"href":"https:\/\/www.europesays.com\/no\/wp-json\/wp\/v2\/tags?post=135839"}],"curies":[{"name":"wp","href":"https:\/\/api.w.org\/{rel}","templated":true}]}}