{"id":135840,"date":"2026-01-13T15:25:10","date_gmt":"2026-01-13T15:25:10","guid":{"rendered":"https:\/\/www.europesays.com\/no\/135840\/"},"modified":"2026-01-13T15:25:10","modified_gmt":"2026-01-13T15:25:10","slug":"clinton-paret-nekter-a-vitne-i-epstein-sak","status":"publish","type":"post","link":"https:\/\/www.europesays.com\/no\/135840\/","title":{"rendered":"Clinton-paret nekter \u00e5 vitne i Epstein-sak"},"content":{"rendered":"\n<p class=\"_lead_o9xde_2 _lead_xtcu6_50 layout-component text-serif-m layout-normal text-serif-l layout-component layout-wide layout-padded _wide_17hqh_1 layout-padded\">Flere bilder fra Epstein-filene viser tidligere president Bill Clinton.<\/p>\n<p><img alt=\" Foto: SARAH YENESEL \/ EPA \/ NTB\" class=\"_image_qp4xg_65 layout-component layout-wide\" data-fullscreen- data-track-element-type=\"Article image fullscreen\" data-track-name=\"ImageFullscreen\" fetchpriority=\"high\" decoding=\"sync\" loading=\"eager\" height=\"1826\" itemprop=\"image\"  src=\"https:\/\/www.europesays.com\/no\/wp-content\/uploads\/2026\/01\/63ff6665-3654-4ebb-a31e-c6172d5523cc.jpeg\"  style=\"object-position:0% 0%\" width=\"2738\"\/> Foto: SARAH YENESEL \/ EPA \/ NTB<\/p>\n<ul aria-hidden=\"true\" class=\"_images_ntbth_112\">\n<li><a class=\"_link_ntbth_117\" href=\"https:\/\/www.vg.no\/forfatter\/ingrid-storeboe\" style=\"z-index:2\" title=\"Ingrid Storeb\u00f8\" rel=\"nofollow noopener\" target=\"_blank\"><img alt=\"Bilde av Ingrid Storeb\u00f8\" class=\"_image_ntbth_93\" fetchpriority=\"low\" loading=\"lazy\" decoding=\"async\" itemprop=\"image\"  src=\"https:\/\/www.europesays.com\/no\/wp-content\/uploads\/2026\/01\/1768317908_430_b3fc896d-536d-4041-8257-79b6b2cd3323.jpeg\"  width=\"480\"\/><\/a><\/li>\n<li><a class=\"_link_ntbth_117\" href=\"https:\/\/www.vg.no\/forfatter\/ntb\" style=\"z-index:1\" title=\"NTB\" rel=\"nofollow noopener\" target=\"_blank\"><img alt=\"Bilde av NTB\" class=\"_image_ntbth_93\" fetchpriority=\"low\" loading=\"lazy\" decoding=\"async\" itemprop=\"image\"  src=\"https:\/\/www.europesays.com\/no\/wp-content\/uploads\/2026\/01\/1768317909_190_c33980b0-5d07-4027-84a1-813f90a7c8d6.png\"  width=\"480\"\/><\/a><\/li>\n<\/ul>\n<p> Oppdatert tirsdag 13. januar kl. 16:24     <\/p>\n<p class=\"_paragraph_o9xde_4 _paragraph_xtcu6_10 layout-component text-serif-m layout-normal text-serif-m layout-padded\">Bill og Hillary Clinton nekter \u00e5 vitne i Representanthusets gransking av Jeffrey Epstein-saken.<\/p>\n<p class=\"_paragraph_o9xde_4 _paragraph_xtcu6_10 layout-component text-serif-m layout-normal text-serif-m layout-padded\">Paret utfordrer dermed republikaneren James Comer til \u00e5 f\u00f8lge opp truslene sine om \u00e5 holde dem i forakt for kongressenholde dem i forakt for kongressen\u00c5 bli holdt i forakt for kongressen inneb\u00e6rer at man ignorerer eller nekter \u00e5 samarbeide med en kongressens etterforskning, for eksempel ved \u00e5 ikke m\u00f8te opp til en h\u00f8ring eller nekte \u00e5 gi ut dokumenter.<\/p>\n<p>S\u00e5 kort sagt: Paret nekter \u00e5 la seg true, og utfordrer James Comer til \u00e5 g\u00e5 videre med saken og vise at han virkelig mener alvor..<\/p>\n<p class=\"_paragraph_o9xde_4 _paragraph_xtcu6_10 layout-component text-serif-m layout-normal text-serif-m layout-padded\"><strong class=\"_strong_o9xde_25\">\u2013 Hver person m\u00e5 bestemme n\u00e5r de har sett eller hatt nok og er klare til \u00e5 kjempe for dette landet, uansett konsekvensene. For oss er tiden n\u00e5, skriver ekteparet i et brev til Comer, if\u00f8lge\u00a0<a href=\"https:\/\/www.nytimes.com\/2026\/01\/13\/us\/politics\/bill-hillary-clinton-testimony-epstein-inquiry-contempt.html\" class=\"_link_o9xde_39\" rel=\"nofollow noopener\" target=\"_blank\">The New York Times<\/a>.<\/strong><\/p>\n<p><img alt=\"Bilder fra innsiden av Jeffrey Epsteins hjem i New York frigitt i dokumentslippet den 19. desember 2025.  Foto: Department of Justice \/ Department of Justice\" class=\"_image_qp4xg_65 layout-component layout-normal\" data-fullscreen- data-track-element-type=\"Article image fullscreen\" data-track-name=\"ImageFullscreen\" decoding=\"async\" loading=\"lazy\" height=\"884\" itemprop=\"image\"  src=\"https:\/\/www.europesays.com\/no\/wp-content\/uploads\/2026\/01\/dd99f31d-0de3-4d9a-afd0-a67f22a99af8.jpeg\"  style=\"object-position:0% 0%\" width=\"670\"\/>Bilder fra innsiden av Jeffrey Epsteins hjem i New York frigitt i dokumentslippet den 19. desember 2025.  Foto: Department of Justice \/ Department of Justice<\/p>\n<p class=\"_paragraph_o9xde_4 _paragraph_xtcu6_10 layout-component text-serif-m layout-normal text-serif-m layout-padded\">Comer, som leder tilsynskomiteen i Representanthuset, har i m\u00e5nedsvis truet med \u00e5 holde Clinton-paret i forakt hvis de ikke m\u00f8ter til lukkede avh\u00f8r. <\/p>\n<p class=\"_paragraph_o9xde_4 _paragraph_xtcu6_10 layout-component text-serif-m layout-normal text-serif-m layout-padded\">Han hadde satt tirsdag som frist for Bill Clinton og onsdag for Hillary Clinton.<\/p>\n<p class=\"_paragraph_o9xde_4 _paragraph_xtcu6_10 layout-component text-serif-m layout-normal text-serif-m layout-padded\">Men timer f\u00f8r fristen gjorde ekteparet det klart at de ikke har til hensikt \u00e5 m\u00f8te p\u00e5 Capitol Hill. I et \u00e5ttesiders juridisk brev argumenterer de for at stevningene er \u00abugyldige og juridisk uh\u00e5ndhevbare\u00bb.<\/p>\n<p class=\"_paragraph_o9xde_4 _paragraph_xtcu6_10 layout-component text-serif-m layout-normal text-serif-m layout-padded\"><strong class=\"_strong_o9xde_25\">Clinton-paret mener granskingen er politisk motivert og \u00abbokstavelig talt designet for \u00e5 resultere i v\u00e5r fengsling\u00bb. <\/strong><\/p>\n<p><img alt=\"Dokumenter og bilder knyttet til den avd\u00f8de Jeffrey Epstein, blant annet flere bilder av tidligere president Bill Clinton og et maleri som viser ham i en bl\u00e5 kjole, er nylig offentliggjort av det amerikanske justisdepartementet. Bildene er her arrangert og fotografert av Reuters i Washington, D.C., 19. desember 2025.  Foto: Jonathan Ernst \/ Reuters \/ NTB\" class=\"_image_qp4xg_65 layout-component layout-normal\" data-fullscreen- data-track-element-type=\"Article image fullscreen\" data-track-name=\"ImageFullscreen\" decoding=\"async\" loading=\"lazy\" height=\"2380\" itemprop=\"image\"  src=\"https:\/\/www.europesays.com\/no\/wp-content\/uploads\/2026\/01\/ae453265-c472-4426-8710-cf5446271040.png\"  style=\"object-position:0% 0%\" width=\"3570\"\/>Dokumenter og bilder knyttet til den avd\u00f8de Jeffrey Epstein, blant annet flere bilder av tidligere president Bill Clinton og et maleri som viser ham i en bl\u00e5 kjole, er nylig offentliggjort av det amerikanske justisdepartementet. Bildene er her arrangert og fotografert av Reuters i Washington, D.C., 19. desember 2025.  Foto: Jonathan Ernst \/ Reuters \/ NTB<\/p>\n<p class=\"_paragraph_o9xde_4 _paragraph_xtcu6_10 layout-component text-serif-m layout-normal text-serif-m layout-padded\">De har tidligere levert skriftlige erkl\u00e6ringer under ed, som Comer har akseptert fra andre vitner.<\/p>\n<p class=\"_paragraph_o9xde_4 _paragraph_xtcu6_10 layout-component text-serif-m layout-normal text-serif-m layout-padded\">\u2013 Vi er sikre p\u00e5 at enhver fornuftig person vil se at det du gj\u00f8r er \u00e5 pr\u00f8ve \u00e5 straffe dem du ser som dine fiender, skriver de til Comer.<\/p>\n<p class=\"_paragraph_o9xde_4 _paragraph_xtcu6_10 layout-component text-serif-m layout-normal text-serif-m layout-padded\">Komiteen bekrefter at de vil starte prosessen med forakt for kongressen hvis Clinton-paret ikke m\u00f8ter.<\/p>\n","protected":false},"excerpt":{"rendered":"Flere bilder fra Epstein-filene viser tidligere president Bill Clinton. Foto: SARAH YENESEL \/ EPA \/ NTB Oppdatert tirsdag&hellip;\n","protected":false},"author":2,"featured_media":135841,"comment_status":"","ping_status":"","sticky":false,"template":"","format":"standard","meta":{"footnotes":""},"categories":[12],"tags":[20,21,24,25,15,22,23,13,30,28,29,14,16,26,27,42,43,44,45],"class_list":{"0":"post-135840","1":"post","2":"type-post","3":"status-publish","4":"format-standard","5":"has-post-thumbnail","7":"category-verden","8":"tag-breaking-news","9":"tag-breakingnews","10":"tag-featured-news","11":"tag-featurednews","12":"tag-headlines","13":"tag-latest-news","14":"tag-latestnews","15":"tag-news","16":"tag-no","17":"tag-norge","18":"tag-norway","19":"tag-nyheter","20":"tag-overskrifter","21":"tag-top-stories","22":"tag-topstories","23":"tag-verden","24":"tag-world","25":"tag-world-news","26":"tag-worldnews"},"share_on_mastodon":{"url":"https:\/\/pubeurope.com\/@no\/115888489970678946","error":""},"_links":{"self":[{"href":"https:\/\/www.europesays.com\/no\/wp-json\/wp\/v2\/posts\/135840","targetHints":{"allow":["GET"]}}],"collection":[{"href":"https:\/\/www.europesays.com\/no\/wp-json\/wp\/v2\/posts"}],"about":[{"href":"https:\/\/www.europesays.com\/no\/wp-json\/wp\/v2\/types\/post"}],"author":[{"embeddable":true,"href":"https:\/\/www.europesays.com\/no\/wp-json\/wp\/v2\/users\/2"}],"replies":[{"embeddable":true,"href":"https:\/\/www.europesays.com\/no\/wp-json\/wp\/v2\/comments?post=135840"}],"version-history":[{"count":0,"href":"https:\/\/www.europesays.com\/no\/wp-json\/wp\/v2\/posts\/135840\/revisions"}],"wp:featuredmedia":[{"embeddable":true,"href":"https:\/\/www.europesays.com\/no\/wp-json\/wp\/v2\/media\/135841"}],"wp:attachment":[{"href":"https:\/\/www.europesays.com\/no\/wp-json\/wp\/v2\/media?parent=135840"}],"wp:term":[{"taxonomy":"category","embeddable":true,"href":"https:\/\/www.europesays.com\/no\/wp-json\/wp\/v2\/categories?post=135840"},{"taxonomy":"post_tag","embeddable":true,"href":"https:\/\/www.europesays.com\/no\/wp-json\/wp\/v2\/tags?post=135840"}],"curies":[{"name":"wp","href":"https:\/\/api.w.org\/{rel}","templated":true}]}}