{"id":135842,"date":"2026-01-13T15:26:13","date_gmt":"2026-01-13T15:26:13","guid":{"rendered":"https:\/\/www.europesays.com\/no\/135842\/"},"modified":"2026-01-13T15:26:13","modified_gmt":"2026-01-13T15:26:13","slug":"stengt-for-togtrafikk-mellom-eidsvoll-og-hamar-kjoreledning-revet-ned-nrk-innlandet-lokale-nyheter-tv-og-radio","status":"publish","type":"post","link":"https:\/\/www.europesays.com\/no\/135842\/","title":{"rendered":"Stengt for togtrafikk mellom Eidsvoll og Hamar \u2013 kj\u00f8reledning revet ned \u2013 NRK Innlandet \u2013 Lokale nyheter, TV og radio"},"content":{"rendered":"<p>Togtrafikken st\u00e5r mellom Eidsvoll og Hamar.<\/p>\n<p>\u00c5rsaken er at et tog rev ned en kj\u00f8reledning p\u00e5 strekningen mellom Tangen og Steinsrud, opplyser pressevakt i Bane Nor, Harry Korslund til NRK.<\/p>\n<p>114 passasjerer var om bord i toget fra Drammen til Lillehammer da hendelsen inntraff.<\/p>\n<p>Marte Torsdatter Leland er en av dem.<\/p>\n<p><strong>I 16-tiden forteller hun til NRK at hun ser en lokf\u00f8rer haste gjennom vogna. Mens NRK snakker med henne, kommer det spredt jubel fra passasjerere i bakgrunnen. Toget har begynt \u00e5 bevege p\u00e5 seg &#8211; bakover i sakte fart, forteller Leland.<\/strong><\/p>\n<p>Hendelsen har skjedd mellom Tangen og Steinsrud stasjon.<\/p>\n<p>\u2013 Br\u00e5stopp<\/p>\n<p>NRK snakket med Leland i 15-tiden ogs\u00e5. Da sa hun f\u00f8lgende:<\/p>\n<p>\u2013 Plutselig ble det br\u00e5stopp. Vi har f\u00e5tt beskjed om at mannskap er p\u00e5 vei for \u00e5 berge oss, men ogs\u00e5 beskjed om at dette kan ta tid. Det er midt i ingenmannsland.<\/p>\n<p>Hun sa det begynte \u00e5 bli kaldt p\u00e5 toget. Dette ble bekreftet av pressevakt i VY, Siv Eger Westin.<\/p>\n<p><img decoding=\"async\"   src=\"data:image\/gif;base64,R0lGODlhAQABAIAAAAAAAP\/\/\/yH5BAEAAAAALAAAAAABAAEAAAIBRAA7\" loading=\"eager\" alt=\"Bildet viser en sn\u00f8dekt jernbanestasjon med en r\u00f8d bygning. En klokke henger p\u00e5 veggen, og det er en digital informasjonsskilt som viser avganger. Omgivelsene er vinterlige, med sn\u00f8 b\u00e5de p\u00e5 bakken og taket. Togskinner strekker seg innover, og flere bygninger kan sees i bakgrunnen.\" title=\"Foto: Frode Meskau \/ NRK\"\/><\/p>\n<p class=\"\">Det er stille p\u00e5 Tangen stasjon tirsdag ettermiddag.<\/p>\n<p>Foto: Frode Meskau \/ NRK<\/p>\n<p>Hun opplyser at de har lite utstyr som tepper og lignende \u00e5 dele ut til de ber\u00f8rte passasjerene.<\/p>\n<p>If\u00f8lge Westin er redningstoget som skal trekke toget tilbake til Tangen stasjon ikke langt unna. Passasjerene vil derfra bli kj\u00f8rt videre i maxi-taxier og eventuelt busser.<\/p>\n<p><img decoding=\"async\"   src=\"data:image\/gif;base64,R0lGODlhAQABAIAAAAAAAP\/\/\/yH5BAEAAAAALAAAAAABAAEAAAIBRAA7\" loading=\"eager\" alt=\"dd\" title=\"Foto: Tipser\"\/><\/p>\n<p>Foto: Tipser<\/p>\n<p>Sendt mannskaper<\/p>\n<p>Bane Nor har sendt mannskaper og utstyr til stedet for \u00e5 berge toget. Varighet for stengingen er h\u00f8yst usikker.<\/p>\n<p>\u2013 Vi kan ikke utelukke at det vil ta noe tid, sier Korslund.<\/p>\n<p>Bane Nor jobber med \u00e5 rette feilen.<\/p>\n<p>\u2013 Du m\u00e5 regne med forsinkelser, og at noen tog kan bli innstilt, skriver Vy p\u00e5 sin hjemmeside.<\/p>\n<p>Flere togavganger utover ettermiddagen er innstilt som f\u00f8lge av feilen. Det settes opp buss for tog for de reisende.<\/p>\n<p><img decoding=\"async\"   src=\"data:image\/gif;base64,R0lGODlhAQABAIAAAAAAAP\/\/\/yH5BAEAAAAALAAAAAABAAEAAAIBRAA7\" loading=\"eager\" alt=\"Skjermen viser avgangstider for tog med flere kanselleringer. Tog til Lillehammer kl. 15:25 og 15:53 er kansellert, samt tog til Hamar kl. 15:53. Alternativ transport er angitt for tog til Drammen kl. 15:34. Bakgrunnen viser sn\u00f8dekte omgivelser.\" title=\"Foto: Frode Meskau \/ NRK\"\/><\/p>\n<p>Foto: Frode Meskau \/ NRK<\/p>\n<p>Publisert<\/p>\n<p>13.01.2026, kl. 13.45<\/p>\n<p>Oppdatert<\/p>\n<p>13.01.2026, kl. 16.18<\/p>\n","protected":false},"excerpt":{"rendered":"Togtrafikken st\u00e5r mellom Eidsvoll og Hamar. \u00c5rsaken er at et tog rev ned en kj\u00f8reledning p\u00e5 strekningen mellom&hellip;\n","protected":false},"author":2,"featured_media":135843,"comment_status":"","ping_status":"","sticky":false,"template":"","format":"standard","meta":{"footnotes":""},"categories":[10],"tags":[20,21,24,25,15,22,23,13,30,28,29,14,16,26,27],"class_list":{"0":"post-135842","1":"post","2":"type-post","3":"status-publish","4":"format-standard","5":"has-post-thumbnail","7":"category-norge","8":"tag-breaking-news","9":"tag-breakingnews","10":"tag-featured-news","11":"tag-featurednews","12":"tag-headlines","13":"tag-latest-news","14":"tag-latestnews","15":"tag-news","16":"tag-no","17":"tag-norge","18":"tag-norway","19":"tag-nyheter","20":"tag-overskrifter","21":"tag-top-stories","22":"tag-topstories"},"share_on_mastodon":{"url":"https:\/\/pubeurope.com\/@no\/115888493911863682","error":""},"_links":{"self":[{"href":"https:\/\/www.europesays.com\/no\/wp-json\/wp\/v2\/posts\/135842","targetHints":{"allow":["GET"]}}],"collection":[{"href":"https:\/\/www.europesays.com\/no\/wp-json\/wp\/v2\/posts"}],"about":[{"href":"https:\/\/www.europesays.com\/no\/wp-json\/wp\/v2\/types\/post"}],"author":[{"embeddable":true,"href":"https:\/\/www.europesays.com\/no\/wp-json\/wp\/v2\/users\/2"}],"replies":[{"embeddable":true,"href":"https:\/\/www.europesays.com\/no\/wp-json\/wp\/v2\/comments?post=135842"}],"version-history":[{"count":0,"href":"https:\/\/www.europesays.com\/no\/wp-json\/wp\/v2\/posts\/135842\/revisions"}],"wp:featuredmedia":[{"embeddable":true,"href":"https:\/\/www.europesays.com\/no\/wp-json\/wp\/v2\/media\/135843"}],"wp:attachment":[{"href":"https:\/\/www.europesays.com\/no\/wp-json\/wp\/v2\/media?parent=135842"}],"wp:term":[{"taxonomy":"category","embeddable":true,"href":"https:\/\/www.europesays.com\/no\/wp-json\/wp\/v2\/categories?post=135842"},{"taxonomy":"post_tag","embeddable":true,"href":"https:\/\/www.europesays.com\/no\/wp-json\/wp\/v2\/tags?post=135842"}],"curies":[{"name":"wp","href":"https:\/\/api.w.org\/{rel}","templated":true}]}}