{"id":135844,"date":"2026-01-13T15:27:09","date_gmt":"2026-01-13T15:27:09","guid":{"rendered":"https:\/\/www.europesays.com\/no\/135844\/"},"modified":"2026-01-13T15:27:09","modified_gmt":"2026-01-13T15:27:09","slug":"det-gar-sakte-i-alle-retninger","status":"publish","type":"post","link":"https:\/\/www.europesays.com\/no\/135844\/","title":{"rendered":"\u2013 Det g\u00e5r sakte i alle retninger"},"content":{"rendered":"<p class=\"extendedContent hyperion-css-eyn926\" data-test-tag=\"lead-text\">Skal du ut i trafikken rundt Oslo i ettermiddag, b\u00f8r du beregne god tid, opplyser Vegtrafikksentralen \u00d8st.  Og onsdag blir det verre. <\/p>\n<p><img decoding=\"async\" class=\"image-asset hyperion-css-u06ts1\" data-test-tag=\"image-asset\" src=\"https:\/\/www.europesays.com\/no\/wp-content\/uploads\/2026\/01\/c5ac3aa3-4ba3-4558-b36f-047a6a2f2857.jpeg\"  alt=\"E6 s\u00f8r for Oslo tirsdag ettermiddag. \"  loading=\"eager\" fetchpriority=\"high\" style=\"aspect-ratio:753 \/ 565\"\/>E6 s\u00f8r for Oslo tirsdag ettermiddag. Foto: Statens vegvesen<\/p>\n<p class=\"paywall hyperion-css-1j42uic\">\u2013 Hvordan er status p\u00e5 veiene i og rundt Oslo akkurat n\u00e5?<\/p>\n<p class=\"paywall hyperion-css-1j42uic\">\u2013 Som du kanskje ser s\u00e5 sn\u00f8r det, sier trafikkoperat\u00f8r Gunnar Dovland i veitrafikksentralen \u00f8st like f\u00f8r klokken 15.30. <\/p>\n<p class=\"paywall hyperion-css-1j42uic\">Det vil si at br\u00f8ytetogenebr\u00f8ytetogeneRekker eller kolonne av br\u00f8ytebiler.  er ute for \u00e5 fjerne sn\u00f8en langs veiene. <\/p>\n<p class=\"paywall hyperion-css-1j42uic\">\u2013 Da blir det jo, i tillegg til at vi n\u00e6rmer oss rushtiden, sakteg\u00e5ende trafikk, sier Dovland. <\/p>\n<p class=\"paywall hyperion-css-1j42uic\">Det g\u00e5r sakte i alle retninger, b\u00e5de inn og ut av Oslo. Dovland trekker frem veiene vestover mot Drammen, E6 i retning Gardermoen og s\u00f8rover mot \u00d8stfold. <\/p>\n<p class=\"paywall hyperion-css-1j42uic\">\u2013 Der g\u00e5r br\u00f8ytetogene kontinuerlig. <\/p>\n<p class=\"paywall hyperion-css-1j42uic\"><strong>Se sanntidsdata om trafikken i Oslo-omr\u00e5det nederst i saken<\/strong><\/p>\n<p>Gode r\u00e5d fra trafikkoperat\u00f8ren<\/p>\n<p class=\"paywall hyperion-css-1j42uic\">\u2013 Det er meldt lurvete v\u00e6r i dag og utover kvelden, s\u00e5 det gjenst\u00e5r \u00e5 se om alle har tatt med seg bilen i dag.<\/p>\n<p class=\"paywall hyperion-css-1j42uic\">Dovland anbefaler de som skal ta bilen fatt \u00e5 beregne god tid. <\/p>\n<p class=\"paywall hyperion-css-1j42uic\">\u2013 Husk at det tar den tiden det tar \u00e5 komme seg hjem. <\/p>\n<p class=\"paywall hyperion-css-1j42uic\">I tillegg minner han om \u00e5 avpasse farten etter forholdene, og holde god avstand til andre biler der det er behov for det. <\/p>\n<p class=\"paywall hyperion-css-1j42uic\">Skal du ut p\u00e5 mindre veier er det lurt \u00e5 v\u00e6re obs p\u00e5 sn\u00f8 og slaps i veibanen som kan gj\u00f8re at du f\u00e5r u\u00f8nskede bevegelser i kj\u00f8ret\u00f8yet dersom du kj\u00f8rer for fort.<\/p>\n<p><img decoding=\"async\" class=\"image-asset hyperion-css-u06ts1\" data-test-tag=\"image-asset\" src=\"https:\/\/www.europesays.com\/no\/wp-content\/uploads\/2026\/01\/7589aba8-42d8-4e8f-82b8-ac3c0db5da1b.png\"  alt=\"Gult farevarsel for sn\u00f8 tirsdag kveld og onsdag morgen\"  loading=\"eager\" fetchpriority=\"high\" style=\"aspect-ratio:1200 \/ 675\"\/>Gult farevarsel for sn\u00f8 tirsdag kveld og onsdag morgen Foto: Meteorologisk instituttVarslet d\u00e5rlige kj\u00f8reforhold p\u00e5 onsdag<\/p>\n<p class=\"paywall hyperion-css-1j42uic\">Dovlands tips kan du ogs\u00e5 ta med deg onsdag morgen. <\/p>\n<p class=\"paywall hyperion-css-1j42uic\">Meteorologisk institutt har sendt ut et gult farevarsel for sn\u00f8 som gjelder fra tirsdag kveld, og varer til onsdag morgen. <\/p>\n<p class=\"paywall hyperion-css-1j42uic\">Ruter anbefaler reisende \u00e5 beregne god tid og holde seg oppdatert i ruters reiseplanlegger, i tillegg til \u00e5 vurdere om man kan reise utenfor rushtidene, sier pressevakt \u00d8ystein Dahl Johansen til NTB.<\/p>\n<p class=\"paywall hyperion-css-1j42uic\">P\u00e5 egne nettsider skriver Ruter at de reisende m\u00e5 regne med innstillinger og forsinkelser. <\/p>\n","protected":false},"excerpt":{"rendered":"Skal du ut i trafikken rundt Oslo i ettermiddag, b\u00f8r du beregne god tid, opplyser Vegtrafikksentralen \u00d8st. Og&hellip;\n","protected":false},"author":2,"featured_media":135845,"comment_status":"","ping_status":"","sticky":false,"template":"","format":"standard","meta":{"footnotes":""},"categories":[5],"tags":[20,21,24,25,15,19,22,23,17,18,13,30,28,29,14,16,26,27],"class_list":{"0":"post-135844","1":"post","2":"type-post","3":"status-publish","4":"format-standard","5":"has-post-thumbnail","7":"category-overskrifter","8":"tag-breaking-news","9":"tag-breakingnews","10":"tag-featured-news","11":"tag-featurednews","12":"tag-headlines","13":"tag-hovedoppslag","14":"tag-latest-news","15":"tag-latestnews","16":"tag-main-news","17":"tag-mainnews","18":"tag-news","19":"tag-no","20":"tag-norge","21":"tag-norway","22":"tag-nyheter","23":"tag-overskrifter","24":"tag-top-stories","25":"tag-topstories"},"share_on_mastodon":{"url":"https:\/\/pubeurope.com\/@no\/115888497878012621","error":""},"_links":{"self":[{"href":"https:\/\/www.europesays.com\/no\/wp-json\/wp\/v2\/posts\/135844","targetHints":{"allow":["GET"]}}],"collection":[{"href":"https:\/\/www.europesays.com\/no\/wp-json\/wp\/v2\/posts"}],"about":[{"href":"https:\/\/www.europesays.com\/no\/wp-json\/wp\/v2\/types\/post"}],"author":[{"embeddable":true,"href":"https:\/\/www.europesays.com\/no\/wp-json\/wp\/v2\/users\/2"}],"replies":[{"embeddable":true,"href":"https:\/\/www.europesays.com\/no\/wp-json\/wp\/v2\/comments?post=135844"}],"version-history":[{"count":0,"href":"https:\/\/www.europesays.com\/no\/wp-json\/wp\/v2\/posts\/135844\/revisions"}],"wp:featuredmedia":[{"embeddable":true,"href":"https:\/\/www.europesays.com\/no\/wp-json\/wp\/v2\/media\/135845"}],"wp:attachment":[{"href":"https:\/\/www.europesays.com\/no\/wp-json\/wp\/v2\/media?parent=135844"}],"wp:term":[{"taxonomy":"category","embeddable":true,"href":"https:\/\/www.europesays.com\/no\/wp-json\/wp\/v2\/categories?post=135844"},{"taxonomy":"post_tag","embeddable":true,"href":"https:\/\/www.europesays.com\/no\/wp-json\/wp\/v2\/tags?post=135844"}],"curies":[{"name":"wp","href":"https:\/\/api.w.org\/{rel}","templated":true}]}}