{"id":135850,"date":"2026-01-13T15:31:12","date_gmt":"2026-01-13T15:31:12","guid":{"rendered":"https:\/\/www.europesays.com\/no\/135850\/"},"modified":"2026-01-13T15:31:12","modified_gmt":"2026-01-13T15:31:12","slug":"rekkevidde-ladefart-og-pris-pa-nykommeren","status":"publish","type":"post","link":"https:\/\/www.europesays.com\/no\/135850\/","title":{"rendered":"Rekkevidde, ladefart og pris p\u00e5 nykommeren"},"content":{"rendered":"<p>        Saken oppsummert<\/p>\n<p>Mercedes GLB er tilbake med forbedringer fra EQB-modellen.<\/p>\n<ul>\n<li>Den nye GLB har en rekkevidde p\u00e5 601 km og kan trekke inntil to tonn.<\/li>\n<li>Bilen kommer med avansert teknologi og komfort, inkludert MBUX Superscreen.<\/li>\n<li>De f\u00f8rste bilene forventes i Norge v\u00e5ren 2026.<\/li>\n<\/ul>\n<p class=\"italic ai-disclaimer\" data-lab-italic=\"italic\">Oppsummeringen er laget med kunstig intelligens (KI) fra OpenAI. Innholdet er kvalitetssikret av TV 2s journalister. <a target=\"_blank\" href=\"https:\/\/hjelp.tv2.no\/info\/artikkel\/slik-jobber-vi-med-ki-i-tv-2\" title=\"Les om hvordan vi jobber med KI\" rel=\"nofollow noopener\">Les om hvordan vi jobber med KI<\/a><\/p>\n<p>Mercedes EQB forsvant ut i fjor, etter bare fire \u00e5r p\u00e5 markedet. Da hadde nesten 5000 norske kunder kj\u00f8pt den h\u00f8yreiste, men kompakte SUV-en.\u00a0<\/p>\n<p>Som elbil med mulighet for sju seter, hadde ikke EQB mange konkurrenter. Men temmelig begrenset rekkevidde og det faktum at du ikke kunne f\u00e5 kombinasjonen av sju seter og hengerfeste, la nok en demper p\u00e5 salget her hjemme.\u00a0<\/p>\n<p>N\u00e5 f\u00f8lger Mercedes opp med helt nye GLB og her har de luket bort svakhetene. Bilen har rekkevidde p\u00e5 inntil 601 kilometer, sv\u00e6rt rask lading \u2013 og naturligvis hengerfeste. Her kan du trekke inntil to tonn.<\/p>\n<p>Den norske import\u00f8ren har akkurat startet salget av modellen som starter p\u00e5\u00a0639.900 kroner.<\/p>\n<p>        <img class=\"image__img lazyload\" itemprop=\"image\" title=\"Foto: Mercedes\" alt=\"H\u00d8YREIST: Mercedes har g\u00e5tt for h\u00f8y SUV-faktor p\u00e5 designet. Foto: Mercedes\" width=\"675\" height=\"379\" bad-src=\"https:\/\/www.europesays.com\/no\/wp-content\/uploads\/2026\/01\/18458588.webp.jpeg\" fetchpriority=\"auto\" \/><\/p>\n<p>      H\u00d8YREIST: Mercedes har g\u00e5tt for h\u00f8y SUV-faktor p\u00e5 designet.<br \/>\n         Foto: Mercedes<\/p>\n<p>354 hestekrefter<\/p>\n<p>GLB leveres med 800\u2011volts arkitektur, det gir ladehastighet p\u00e5 inntil 320 kW.\u00a0<\/p>\n<p>GLB 350\u202f4MATIC har 354 hestekrefter og firehjulstrekk. Batterikapasiteten er p\u00e5 85 kWt.\u00a0<\/p>\n<p>En oppreist front, bratt frontrute og korte overheng preger sideprofilen. Brede hjulbuer og visuelle beskyttelseselementer foran og bak skal understreke bilens offroad-karakter. Grillen har 94 individuelt animerte LED-stjerner i krom. Bak er det en ny lyssignatur med fire opplyste stjerner.<\/p>\n<p><a href=\"https:\/\/www.tv2.no\/broom\/sa-lite-koster-luksus-suven-na\/18273435\/\" rel=\"nofollow noopener\" target=\"_blank\">S\u00e5 lite koster luksus-SUV-en n\u00e5<\/a><\/p>\n<p>        <img class=\"image__img lazyload\" itemprop=\"image\" title=\"Foto: Broom\" alt=\"LITT PLASS: GLB er 4,7 meter lang, med alle sju setene i bruk er det ikke veldig mye bagasjeplass helt bakerst. Foto: Broom\" width=\"978\" height=\"551\" bad-src=\"https:\/\/www.europesays.com\/no\/wp-content\/uploads\/2026\/01\/18458505.webp.jpeg\" fetchpriority=\"auto\" \/><\/p>\n<p>      LITT PLASS: GLB er 4,7 meter lang, med alle sju setene i bruk er det ikke veldig mye bagasjeplass helt bakerst.<br \/>\n         Foto: Broom<\/p>\n<p>Bagasjerom og frunk<\/p>\n<p>Bilen leveres som fem\u2011 eller sjuseter, og seterad to er justerbar i lengden. Sammenlignet med EQB har GLB bedre takh\u00f8yde, og beinplassen i baksetet er ogs\u00e5 st\u00f8rre. Sittekomforten p\u00e5 rad to er tydelig forbedret, blant annet ved at setene har lengre l\u00e5rst\u00f8tte.<\/p>\n<p>Bagasjerommet er p\u00e5 540\/480 liter (fem-\/sjuseter), og med bakseteryggene nedfelt \u00f8ker volumet til hele 1715 \/ 1605 liter.\u00a0Frunken foran har en kapasitet p\u00e5 127 liter, det er stort nok til flere brusbrett, alpinst\u00f8vler eller tre fotballer.\u00a0<\/p>\n<p>Totalt kan fire barneseter monteres med Isofix-fester, hvorav ett foran og de tre andre p\u00e5 andre og tredje seterad.<\/p>\n<p><a href=\"https:\/\/www.tv2.no\/broom\/ble-kalt-et-kupp-i-norge\/18198964\/\" rel=\"nofollow noopener\" target=\"_blank\">Mercedes GLC ble sett p\u00e5 som et kupp i Norge<\/a><\/p>\n<p>        <img class=\"image__img lazyload\" itemprop=\"image\" title=\"Foto: Broom\" alt=\"SKJERMER: Ikke overraskende er det h\u00f8y skjermfaktor innvendig, Men Mercedes har ogs\u00e5 g\u00e5tt tilbake til litt flere knapper og brytere. Foto: Broom\" width=\"978\" height=\"551\" bad-src=\"https:\/\/www.europesays.com\/no\/wp-content\/uploads\/2026\/01\/18458504.webp.jpeg\" fetchpriority=\"auto\" \/><\/p>\n<p>      SKJERMER: Ikke overraskende er det h\u00f8y skjermfaktor innvendig, Men Mercedes har ogs\u00e5 g\u00e5tt tilbake til litt flere knapper og brytere.<br \/>\n         Foto: Broom<\/p>\n<p>Gjeninnnf\u00f8rer bryter<\/p>\n<p>F\u00f8reren har en skjerm p\u00e5 10,25 tommer foran seg, mens skjermen i midtdisplayet er p\u00e5 14-tommer. Med tilvalget MBUX Superscreen skjuler glassflaten ogs\u00e5 en 14-tommers skjerm for passasjeren foran.<\/p>\n<p>Mercedes har for \u00f8vrig gjeninnf\u00f8rt vippebryter for hastighetsbegrenser og DISTRONIC, samt en rulle for volumkontroll.<\/p>\n<p>Standardutgaven\u00a0har blant annet panorama glasstak, tilhengerfeste, adaptiv cruisecontrol, speilpakke med innfellbare utvendige speil, parkeringspakke med ryggekamera og assistent, oppvarmede seter, ratt og vindusviskerblader, elektrisk bakluke, LED High Performance hovedlys, adaptiv fjernlysassistent, blindsoneassistent og 18-tommers felger.<\/p>\n<p><a href=\"https:\/\/www.tv2.no\/broom\/en-av-norges-dyreste-ikke-uten-grunn\/18009985\/\" rel=\"nofollow noopener\" target=\"_blank\">En av Norges dyreste \u2013 ikke uten grunn<\/a><\/p>\n<p>        <img class=\"image__img lazyload\" itemprop=\"image\" title=\"Foto: Broom\" alt=\"FIRKANTET: Hekken er bratt, det er naturligvis bra for plassutnyttelsen. Foto: Broom\" width=\"978\" height=\"551\" bad-src=\"https:\/\/www.europesays.com\/no\/wp-content\/uploads\/2026\/01\/18458502.webp.jpeg\" fetchpriority=\"auto\" \/><\/p>\n<p>      FIRKANTET: Hekken er bratt, det er naturligvis bra for plassutnyttelsen.<br \/>\n         Foto: Broom<\/p>\n<p>Kommer til v\u00e5ren<\/p>\n<p>Advanced Plus\u00a0til 689.900 kroner bygger videre p\u00e5 standardutgaven og inkluderer Multibeam LED hovedlys, 360-graders parkeringskamera, elektriske seter med minne, m\u00f8rktonet glass, Keyless GO komfortpakke, tr\u00e5dl\u00f8s lading, setetrekk i kunstskinn og Ambient lighting.<\/p>\n<p>Premium, med en pris p\u00e5 739.900 kroner, gir ytterligere l\u00f8ft i lyd, lys og design. Her f\u00e5r du Burmester lydanlegg, nattpakke, MBUX Superscreen med skjerm for passasjer, lengdejustering av baksetene, Thermotronic 2-soner klimaanlegg, utstigningslys og opplyste d\u00f8rterskler, underholdningspakke og 19 tommer aluminiumfelg.<\/p>\n<p>De f\u00f8rste kundebilene er forventet til Norge i l\u00f8pet av v\u00e5ren 2026.\u00a0<\/p>\n<p><a href=\"https:\/\/www.tv2.no\/broom\/her-er-den-arets-bil\/18447862\/\" rel=\"nofollow noopener\" target=\"_blank\">En Mercedes har akkurat blitt \u00c5rets bil 2026<\/a><\/p>\n<p class=\"bold m-bold\" data-lab-font_weight=\"bold\">En annen viktig nyhet fra Mercedes, les mer i artikkelen under:<\/p>\n<p>    <a class=\"article__link\" data-ga-active-label=\"\" data-ga-active-label-animation=\"\" href=\"https:\/\/www.tv2.no\/broom\/endelig-denne-har-vi-ventet-pa\/18310615\/\" rel=\"nofollow noopener\" target=\"_blank\"><\/p>\n<p>    <img class=\"image__img lazyload\" itemprop=\"image\" title=\"\" alt=\"\" width=\"978\" height=\"411\" bad-src=\"https:\/\/www.europesays.com\/no\/wp-content\/uploads\/2026\/01\/18310678.webp.jpeg\" fetchpriority=\"auto\" \/><\/p>\n<p>            Endelig \u2013 denne har vi ventet p\u00e5<\/p>\n<p>    <\/a><\/p>\n","protected":false},"excerpt":{"rendered":"Saken oppsummert Mercedes GLB er tilbake med forbedringer fra EQB-modellen. Den nye GLB har en rekkevidde p\u00e5 601&hellip;\n","protected":false},"author":2,"featured_media":135851,"comment_status":"","ping_status":"","sticky":false,"template":"","format":"standard","meta":{"footnotes":""},"categories":[56],"tags":[60,61,62,30,28,29],"class_list":{"0":"post-135850","1":"post","2":"type-post","3":"status-publish","4":"format-standard","5":"has-post-thumbnail","7":"category-naeringsliv","8":"tag-business","9":"tag-economy","10":"tag-naeringsliv","11":"tag-no","12":"tag-norge","13":"tag-norway"},"share_on_mastodon":{"url":"https:\/\/pubeurope.com\/@no\/115888513636736701","error":""},"_links":{"self":[{"href":"https:\/\/www.europesays.com\/no\/wp-json\/wp\/v2\/posts\/135850","targetHints":{"allow":["GET"]}}],"collection":[{"href":"https:\/\/www.europesays.com\/no\/wp-json\/wp\/v2\/posts"}],"about":[{"href":"https:\/\/www.europesays.com\/no\/wp-json\/wp\/v2\/types\/post"}],"author":[{"embeddable":true,"href":"https:\/\/www.europesays.com\/no\/wp-json\/wp\/v2\/users\/2"}],"replies":[{"embeddable":true,"href":"https:\/\/www.europesays.com\/no\/wp-json\/wp\/v2\/comments?post=135850"}],"version-history":[{"count":0,"href":"https:\/\/www.europesays.com\/no\/wp-json\/wp\/v2\/posts\/135850\/revisions"}],"wp:featuredmedia":[{"embeddable":true,"href":"https:\/\/www.europesays.com\/no\/wp-json\/wp\/v2\/media\/135851"}],"wp:attachment":[{"href":"https:\/\/www.europesays.com\/no\/wp-json\/wp\/v2\/media?parent=135850"}],"wp:term":[{"taxonomy":"category","embeddable":true,"href":"https:\/\/www.europesays.com\/no\/wp-json\/wp\/v2\/categories?post=135850"},{"taxonomy":"post_tag","embeddable":true,"href":"https:\/\/www.europesays.com\/no\/wp-json\/wp\/v2\/tags?post=135850"}],"curies":[{"name":"wp","href":"https:\/\/api.w.org\/{rel}","templated":true}]}}