{"id":135852,"date":"2026-01-13T15:32:09","date_gmt":"2026-01-13T15:32:09","guid":{"rendered":"https:\/\/www.europesays.com\/no\/135852\/"},"modified":"2026-01-13T15:32:09","modified_gmt":"2026-01-13T15:32:09","slug":"hadde-med-seg-dod-kone","status":"publish","type":"post","link":"https:\/\/www.europesays.com\/no\/135852\/","title":{"rendered":"Hadde med seg d\u00f8d kone"},"content":{"rendered":"<p class=\"kicker \" style=\"\">Tenerife:<\/p>\n<p>    Ingen reagerte f\u00f8r etter sikkerhetskontrollen: Kvinnen i rullestolen var d\u00f8d da mannen skulle g\u00e5 om bord p\u00e5 flyet.<\/p>\n<p>\n    SKJEDDE HER: Mannen tok med seg liket p\u00e5 den s\u00f8rlige flyplassen p\u00e5 Tenerife. Foto: Desiree Martin \/ NTB\n  <\/p>\n<p>    Kort fortalt<\/p>\n<ul lang=\"nb-NO\">\n<li>En eldre mann fors\u00f8kte \u00e5 g\u00e5 om bord p\u00e5 et fly p\u00e5 Tenerife S\u00f8r lufthavn med sin d\u00f8de kone i rullestol.<\/li>\n<li>Sikkerhetsvakten oppdaget at kvinnen ikke pustet og hadde lav kroppstemperatur etter sikkerhetskontrollen.<\/li>\n<li>Mannen hevdet at kona d\u00f8de noen timer tidligere og fors\u00f8kte \u00e5 legge skylden p\u00e5 flyplassen.<\/li>\n<li>Politiet har p\u00e5grepet mannen, og etterforskning p\u00e5g\u00e5r for \u00e5 fastsl\u00e5 d\u00f8ds\u00e5rsaken og eventuelt straffbart ansvar.<\/li>\n<\/ul>\n<p class=\"italic ai-disclaimer\" data-lab-italic=\"italic\">Sammendraget er laget av ChatGPT og godkjent av Dagbladet.<\/p>\n<p>      Vis mer<br \/>\n      Vis mindre<\/p>\n<p>En uvanlig og alvorlig hendelse utspilte seg p\u00e5 Tenerife lufthavn da en eldre mann fors\u00f8kte \u00e5 g\u00e5 om bord p\u00e5 et fly sammen med kona, som satt i rullestol.\u00a0<\/p>\n<p>F\u00f8rst etter sikkerhetskontrollen ble det klart at kvinnen var d\u00f8d, if\u00f8lge den spanske avisa <a href=\"https:\/\/diariodeavisos.elespanol.com\/2026\/01\/aeropuerto-tenerife-sur-fallecida\/\" rel=\"nofollow noopener\" target=\"_blank\">Diario deAvisos<\/a>.<\/p>\n<p>Avisa skriver at paret framstod som helt ordin\u00e6re passasjerer da de ankom kontrollpunktet.\u00a0<\/p>\n<p>Mannen dyttet rullestolen gjennom metalldetektoren uten at noen reagerte.<\/p>\n<p>Det var f\u00f8rst etterp\u00e5 at en sikkerhetsvakt fattet mistanke.<\/p>\n<p>        FUNNET: Her gj\u00f8r den spanske sj\u00f8redningstjenesten et utrolig funn, tre mil utenfor kysten av Arguinegu\u00edn. Reporter: Jostein Sletten \/ Dagbladet<\/p>\n<p>Pustet ikke\t<\/p>\n<p class=\"font-weight-bold m-font-weight-bold\" data-lab-font_weight=\"font-weight-bold\">&#8211; Sikkerhetsvakta gikk bort til kvinnen, og mannen overlot rullestolen til henne. Da hun tok kvinnens h\u00e5nd, oppdaget hun at hun hadde unormalt lav kroppstemperatur og ikke pustet, forklarer en flyplassansatt til avisa.<\/p>\n<p>Vaktene varslet umiddelbart sine overordnede. I l\u00f8pet av f\u00e5 minutter ble n\u00f8dprotokollen aktivert, og b\u00e5de sivilgarden og rettsmedisinsk personell rykket ut til stedet.<\/p>\n<p>If\u00f8lge ektemannens f\u00f8rste forklaring skal kona ha d\u00f8dd noen timer tidligere inne p\u00e5 flyplassomr\u00e5det.\u00a0<\/p>\n<p>Samtidig opplyser flere ansatte at mannen gjentatte ganger fors\u00f8kte \u00e5 legge ansvaret for d\u00f8dsfallet p\u00e5 flyplassens fasiliteter.<\/p>\n<p>    <a itemprop=\"url\" href=\"https:\/\/www.dagbladet.no\/nyheter\/mister-talmodigheten-med-bondi\/84090909\" rel=\"nofollow noopener\" target=\"_blank\"><\/p>\n<p>        <img loading=\"lazy\" decoding=\"async\" src=\"https:\/\/www.europesays.com\/no\/wp-content\/uploads\/2026\/01\/84090949.webp.webp\" width=\"147\" height=\"98\" title=\"Mister t\u00e5lmodigheten med Bondi\" alt=\"\" class=\"lazyload\" style=\"--aspect-ratio-image: 1.50; \"\/><\/p>\n<p>        Mister t\u00e5lmodigheten med Bondi<\/p>\n<p>    <\/a><\/p>\n<p>Har startet etterforskning\t<\/p>\n<p>Mannen ble p\u00e5grepet p\u00e5 stedet og samarbeidet med politiet mens n\u00f8dvendige prosedyrer ble gjennomf\u00f8rt.\u00a0<\/p>\n<p>Etterforskningen er fortsatt \u00e5pen for \u00e5 fastsl\u00e5 d\u00f8ds\u00e5rsaken og avklare om det foreligger straffbart ansvar.<\/p>\n<p>Hendelsen har likhetstrekk med en annen sak som nylig fant sted p\u00e5 en easyJet-flyvning fra M\u00e1laga til London, der en passasjer d\u00f8de om bord etter \u00e5 ha f\u00e5tt legeerkl\u00e6ring som tillot reisen.<\/p>\n","protected":false},"excerpt":{"rendered":"Tenerife: Ingen reagerte f\u00f8r etter sikkerhetskontrollen: Kvinnen i rullestolen var d\u00f8d da mannen skulle g\u00e5 om bord p\u00e5&hellip;\n","protected":false},"author":2,"featured_media":135853,"comment_status":"","ping_status":"","sticky":false,"template":"","format":"standard","meta":{"footnotes":""},"categories":[12],"tags":[20,21,24,25,15,22,23,13,30,28,29,14,16,26,27,412,42,43,44,45],"class_list":{"0":"post-135852","1":"post","2":"type-post","3":"status-publish","4":"format-standard","5":"has-post-thumbnail","7":"category-verden","8":"tag-breaking-news","9":"tag-breakingnews","10":"tag-featured-news","11":"tag-featurednews","12":"tag-headlines","13":"tag-latest-news","14":"tag-latestnews","15":"tag-news","16":"tag-no","17":"tag-norge","18":"tag-norway","19":"tag-nyheter","20":"tag-overskrifter","21":"tag-top-stories","22":"tag-topstories","23":"tag-utenriks","24":"tag-verden","25":"tag-world","26":"tag-world-news","27":"tag-worldnews"},"share_on_mastodon":{"url":"https:\/\/pubeurope.com\/@no\/115888517475348539","error":""},"_links":{"self":[{"href":"https:\/\/www.europesays.com\/no\/wp-json\/wp\/v2\/posts\/135852","targetHints":{"allow":["GET"]}}],"collection":[{"href":"https:\/\/www.europesays.com\/no\/wp-json\/wp\/v2\/posts"}],"about":[{"href":"https:\/\/www.europesays.com\/no\/wp-json\/wp\/v2\/types\/post"}],"author":[{"embeddable":true,"href":"https:\/\/www.europesays.com\/no\/wp-json\/wp\/v2\/users\/2"}],"replies":[{"embeddable":true,"href":"https:\/\/www.europesays.com\/no\/wp-json\/wp\/v2\/comments?post=135852"}],"version-history":[{"count":0,"href":"https:\/\/www.europesays.com\/no\/wp-json\/wp\/v2\/posts\/135852\/revisions"}],"wp:featuredmedia":[{"embeddable":true,"href":"https:\/\/www.europesays.com\/no\/wp-json\/wp\/v2\/media\/135853"}],"wp:attachment":[{"href":"https:\/\/www.europesays.com\/no\/wp-json\/wp\/v2\/media?parent=135852"}],"wp:term":[{"taxonomy":"category","embeddable":true,"href":"https:\/\/www.europesays.com\/no\/wp-json\/wp\/v2\/categories?post=135852"},{"taxonomy":"post_tag","embeddable":true,"href":"https:\/\/www.europesays.com\/no\/wp-json\/wp\/v2\/tags?post=135852"}],"curies":[{"name":"wp","href":"https:\/\/api.w.org\/{rel}","templated":true}]}}