{"id":135854,"date":"2026-01-13T15:33:07","date_gmt":"2026-01-13T15:33:07","guid":{"rendered":"https:\/\/www.europesays.com\/no\/135854\/"},"modified":"2026-01-13T15:33:07","modified_gmt":"2026-01-13T15:33:07","slug":"lillestrom-togtrafikk-trobbel-i-togtrafikken","status":"publish","type":"post","link":"https:\/\/www.europesays.com\/no\/135854\/","title":{"rendered":"Lillestr\u00f8m, Togtrafikk | Tr\u00f8bbel i togtrafikken"},"content":{"rendered":"\n<p>Stansen skyldtes en person som oppholdt seg i og ved et spor. Meldingen om personen kom 14:26. <\/p>\n<p>\u2013 Etter 20 minutter var politiet p\u00e5 plass og fikk kontroll p\u00e5 vedkommende. Trafikken er i gang igjen p\u00e5 normalt vis n\u00e5, sier Harry Korslund, pressevakt i Bane Nor. <\/p>\n<p>Han tror ikke stansen vil f\u00f8re til store forsinkelser. <\/p>\n<p>\u2013 Siden henvendelsen var s\u00e5 kortvarig blir nok ikke konsekvensene s\u00e5 store, sier Korslund. <\/p>\n<p>Han vet ikke hvorfor den aktuelle personen tok seg ned til sporet. <\/p>\n<p>\u2013 Vi stanser togtrafikken n\u00e5r slike ting skjer for \u00e5 unng\u00e5 at de som befinner seg i eller ved sporet blir p\u00e5kj\u00f8rt. Det handler om sikkerhet. <\/p>\n<p>I tillegg er deler av strekningen mellom Eidsvoll og Hamar stengt som f\u00f8lge av str\u00f8mproblemer.<\/p>\n<p>\u2013 Vi jobber med \u00e5 rette feilen. Estimert tid for l\u00f8sning er klokka 18, melder Bane Nor p\u00e5 sine sider. <\/p>\n<p>Saken oppdateres!<\/p>\n","protected":false},"excerpt":{"rendered":"Stansen skyldtes en person som oppholdt seg i og ved et spor. Meldingen om personen kom 14:26. \u2013&hellip;\n","protected":false},"author":2,"featured_media":7393,"comment_status":"","ping_status":"","sticky":false,"template":"","format":"standard","meta":{"footnotes":""},"categories":[10],"tags":[36,20,21,24,25,15,22,23,729,13,30,28,29,14,16,1510,2395,26,27],"class_list":{"0":"post-135854","1":"post","2":"type-post","3":"status-publish","4":"format-standard","5":"has-post-thumbnail","7":"category-norge","8":"tag-art","9":"tag-breaking-news","10":"tag-breakingnews","11":"tag-featured-news","12":"tag-featurednews","13":"tag-headlines","14":"tag-latest-news","15":"tag-latestnews","16":"tag-lillestrom","17":"tag-news","18":"tag-no","19":"tag-norge","20":"tag-norway","21":"tag-nyheter","22":"tag-overskrifter","23":"tag-story","24":"tag-togtrafikk","25":"tag-top-stories","26":"tag-topstories"},"share_on_mastodon":{"url":"https:\/\/pubeurope.com\/@no\/115888521558172006","error":""},"_links":{"self":[{"href":"https:\/\/www.europesays.com\/no\/wp-json\/wp\/v2\/posts\/135854","targetHints":{"allow":["GET"]}}],"collection":[{"href":"https:\/\/www.europesays.com\/no\/wp-json\/wp\/v2\/posts"}],"about":[{"href":"https:\/\/www.europesays.com\/no\/wp-json\/wp\/v2\/types\/post"}],"author":[{"embeddable":true,"href":"https:\/\/www.europesays.com\/no\/wp-json\/wp\/v2\/users\/2"}],"replies":[{"embeddable":true,"href":"https:\/\/www.europesays.com\/no\/wp-json\/wp\/v2\/comments?post=135854"}],"version-history":[{"count":0,"href":"https:\/\/www.europesays.com\/no\/wp-json\/wp\/v2\/posts\/135854\/revisions"}],"wp:featuredmedia":[{"embeddable":true,"href":"https:\/\/www.europesays.com\/no\/wp-json\/wp\/v2\/media\/7393"}],"wp:attachment":[{"href":"https:\/\/www.europesays.com\/no\/wp-json\/wp\/v2\/media?parent=135854"}],"wp:term":[{"taxonomy":"category","embeddable":true,"href":"https:\/\/www.europesays.com\/no\/wp-json\/wp\/v2\/categories?post=135854"},{"taxonomy":"post_tag","embeddable":true,"href":"https:\/\/www.europesays.com\/no\/wp-json\/wp\/v2\/tags?post=135854"}],"curies":[{"name":"wp","href":"https:\/\/api.w.org\/{rel}","templated":true}]}}