{"id":135855,"date":"2026-01-13T15:34:12","date_gmt":"2026-01-13T15:34:12","guid":{"rendered":"https:\/\/www.europesays.com\/no\/135855\/"},"modified":"2026-01-13T15:34:12","modified_gmt":"2026-01-13T15:34:12","slug":"togkaos-hamar-det-kom-en-ulyd-og-toget-brabremset","status":"publish","type":"post","link":"https:\/\/www.europesays.com\/no\/135855\/","title":{"rendered":"Togkaos, Hamar | \u2013 Det kom en ulyd og toget br\u00e5bremset"},"content":{"rendered":"\n<p>(<a rel=\"Follow nofollow noopener\" href=\"https:\/\/www.h-a.no\/det-kom-en-ulyd-og-toget-brabremset\/s\/5-139-1915767\" target=\"_blank\">Hamar Arbeiderblad<\/a>): Like f\u00f8r klokken 13 tirsdag opplyser Vy at strekningen Eidsvoll-Stange er stengt for togtrafikk.<\/p>\n<p>If\u00f8lge Vys hjemmeside skyldes det hele en feil p\u00e5 en kj\u00f8reledning.<\/p>\n<p>\u2013 Du m\u00e5 regne med forsinkelser, og at noen tog kan bli innstilt. Det jobbes med \u00e5 rette feilen. Vi kommer med en ny oppdatering s\u00e5 snart vi vet mer, opplyses det.<\/p>\n<p><b>Les ogs\u00e5: <a class=\"simple-relation related-teaser article--c-eRUmMG article--c-eRUmMG-fZoQSp-design-nettavisen article--c-eRUmMG-gwthdJ-cv\" href=\"https:\/\/www.nettavisen.no\/oslo-tog-roykla-togstasjon-full-evakuering\/s\/5-95-2821880\" rel=\"nofollow noopener\" target=\"_blank\">Oslo: Tog r\u00f8ykla togstasjon \u2013 full evakuering<\/a><\/b><\/p>\n<p>M\u00e5 bli sittende p\u00e5 toget<\/p>\n<p>I etterkant av hendelsen har HA f\u00e5tt flere tips.<\/p>\n<p>\u2013 Jeg kan bekrefte at toget st\u00e5r, og at det er en kj\u00f8reledning som har falt ned, sier pressekontakt i Vy, Siv Egger Westli til HA i 13.30-tiden.<\/p>\n<p>   <img decoding=\"async\" width=\"1848\" height=\"1986\" fetchpriority=\"low\"  loading=\"lazy\"  src=\"https:\/\/www.europesays.com\/no\/wp-content\/uploads\/2026\/01\/Kjreldning_kjrt_ned_mellom_Tangen_og_Stange-1.jpeg\" alt=\"\" class=\"brick-c-cFOWSL\" style=\"--brick-image-ratio: 1848 \/ 1986;\"\/><\/p>\n<p>      Deler av kj\u00f8reledningen som ligger utenfor toget som n\u00e5 st\u00e5r fast.<br \/>\n      Foto: HA-tipser\n    <\/p>\n<p>Toget st\u00e5r n\u00e5 mellom Tangen og Stange.<\/p>\n<p>\u2013 Det st\u00e5r ikke ved en stasjon, s\u00e5 passasjerene m\u00e5 sm\u00f8re seg med litt t\u00e5lmodighet. Kj\u00f8reledningen som har falt ned er ogs\u00e5 str\u00f8mf\u00f8rende, s\u00e5 samtlige passasjerer m\u00e5 forel\u00f8pig bli sittende til situasjonen er h\u00e5ndtert. Det er en kjedelig situasjon, men det er for trygghetens skyld, sier Egger Westli.<\/p>\n<p>Brannvesenet er n\u00e5 p\u00e5 veg til stedet for \u00e5 jorde og sikre kj\u00f8reledningen.<\/p>\n<p>Dersom ikke toget kommer seg videre, blir det buss for tog. En buss er allerede p\u00e5 plass i tilfelle passasjerene m\u00e5 evakueres.<\/p>\n<p>\u2013 Jeg klarer ikke \u00e5 gi noen prognose, men det jobbes p\u00e5 spreng for \u00e5 f\u00e5 passasjerene videre med toget, sier pressekontakten.<\/p>\n<p><b>Her m\u00e5tte toget stoppe:<\/b><\/p>\n<p><b>Les ogs\u00e5: <a class=\"simple-relation related-teaser article--c-eRUmMG article--c-eRUmMG-fZoQSp-design-nettavisen article--c-eRUmMG-gwthdJ-cv\" href=\"https:\/\/www.nettavisen.no\/evakuerte-stortinget-t-banestasjon-togene-kjorer-forbi\/s\/5-95-2821032\" rel=\"nofollow noopener\" target=\"_blank\">Evakuerte Stortinget T-banestasjon \u2013 togene kj\u00f8rer forbi<\/a><\/b><\/p>\n<p>\u2013 Tror mange er tissetrengt<\/p>\n<p>Varaordf\u00f8rer i Hamar, Jane Meyer, er blant passasjerene som er togfast nord for Tangen stasjon. Hun forteller at det meste av elektrisitet er sl\u00e5tt av i toget.<\/p>\n<p>\u2013 Det begynner \u00e5 bli litt kaldt. Det er ikke lys eller varme og toalettene er stengt. Vi begynner \u00e5 merke at vi har sittet her en stund, sier Meyer like f\u00f8r kl. 15.<\/p>\n<p>\u2013 Jeg tror det er mange som er tissetrengt. Det er kanskje den eneste d\u00e5rlig stemmingen. Jeg tror folk har forst\u00e5else for det.<\/p>\n<p><b>Les ogs\u00e5: <a class=\"simple-relation related-teaser article--c-eRUmMG article--c-eRUmMG-fZoQSp-design-nettavisen article--c-eRUmMG-gwthdJ-cv\" href=\"https:\/\/www.nettavisen.no\/ogsa-her-tisser-elevene-ned-toalettene\/s\/5-95-2700709\" rel=\"nofollow noopener\" target=\"_blank\">Ogs\u00e5 her tisser elevene ned toalettene<\/a><\/b><\/p>\n<p>   <img decoding=\"async\" width=\"4284\" height=\"5712\" fetchpriority=\"low\"  loading=\"lazy\"  src=\"https:\/\/www.europesays.com\/no\/wp-content\/uploads\/2026\/01\/IMG_6249.jpg\" alt=\"\" class=\"brick-c-cFOWSL\" style=\"--brick-image-ratio: 4284 \/ 5712;\"\/><\/p>\n<p>      Det er verken lys eller varme i toget som har stoppet nord for Tangen stasjon.<br \/>\n      Foto: Privat\n    <\/p>\n<p>Det har ikke g\u00e5tt p\u00e5 skinner for H\u00f8yre-politikeren tirsdag. F\u00f8rst ble toget halvannen time forsinket fra Gardermoen, f\u00f8r det alts\u00e5 kj\u00f8rte ned kj\u00f8reledningen.<\/p>\n<p>Hun er i det minste glad for at hun hadde varme kl\u00e6r med p\u00e5 reisen.<\/p>\n<p>\u2013 Jeg har med et stort skjerf og k\u00e5pen over beina. Fingrene begynner \u00e5 kjenne det greit, forteller Meyer.<\/p>\n<p>Jobber med \u00e5 l\u00f8se problemet<\/p>\n<p>HAs journalist p\u00e5 stedet, Christian Bergheim, forteller kl. 14:20 at et gult redningstog n\u00e5 har kommet for \u00e5 bidra med l\u00f8se problemene.<\/p>\n<p>Fem teknikere jobber med \u00e5 fikse utfordringene med kj\u00f8reledningen som har oppst\u00e5tt to kilometer nord for Tangen stasjon.<\/p>\n<p>De bruker lift montert p\u00e5 Bane Nor-lokomotivet for \u00e5 komme seg opp i h\u00f8yden p\u00e5 nordsiden av toget.<\/p>\n<p>I 15-draget har det ankommet et bergingslokomotiv til stedet.<\/p>\n<p><b>Les ogs\u00e5: <a class=\"simple-relation related-teaser article--c-eRUmMG article--c-eRUmMG-fZoQSp-design-nettavisen article--c-eRUmMG-gwthdJ-cv\" href=\"https:\/\/www.nettavisen.no\/flere-ulykker-pa-glatte-veier\/s\/5-95-2821702\" rel=\"nofollow noopener\" target=\"_blank\">Flere ulykker p\u00e5 glatte veier<\/a><\/b><\/p>\n<p>\u2013 Vi kjenner at temperaturen har sunket litt<\/p>\n<p>   <img decoding=\"async\" width=\"739\" height=\"1600\" fetchpriority=\"low\"  loading=\"lazy\"  src=\"https:\/\/www.europesays.com\/no\/wp-content\/uploads\/2026\/01\/1768318451_202_photo+%281%29.jpg\" alt=\"\" class=\"brick-c-cFOWSL\" style=\"--brick-image-ratio: 739 \/ 1600;\"\/><\/p>\n<p>      Bente Lyngra (til venstre) og Eli Grethe S\u00e6thre skulle til Elverum, men vet n\u00e5 ikke n\u00e5r de kommer fram. Forel\u00f8pig tar de den uventede stansen med godt hum\u00f8r og strikking.<br \/>\n      Foto: HA-tipser\n    <\/p>\n<p>Marte Leland er en av dem som satt p\u00e5 toget da det plutselig sa stopp. Hun skj\u00f8nte fort at ting ikke var som det skulle.<\/p>\n<p>\u2013 Det kom en ulyd og toget br\u00e5bremset. Jeg kjente at noe var galt. Vi kikka ut med en gang, og m\u00e5tte se oss litt rundt. Da s\u00e5 man at kj\u00f8reledningen hadde falt ned og l\u00e5 langs sn\u00f8en. Vi skj\u00f8nte det f\u00f8r vi fikk det annonsert over h\u00f8yttaleren, sier Leland til HA.<\/p>\n<p>Passasjerene har f\u00e5tt beskjed om \u00e5 bli sittende p\u00e5 toget enn s\u00e5 lenge.<\/p>\n<p>\u2013 Vi er uten str\u00f8m. Det er litt spennende n\u00e5r det er s\u00e5 kaldt. Vi kjenner at temperaturen har sunket litt, sier hun videre.<\/p>\n<p>Til tross for utfordringene og ventetiden forteller Leland at stemningen blant passasjerene forel\u00f8pig er \u00abok\u00bb.<\/p>\n<p>\u2013 Jeg har ting jeg skal gj\u00f8re, men n\u00e5 er det opplagt at man ikke f\u00e5r gjort noe annet enn \u00e5 vente. Det er imidlertid mange som tar telefoner om at de ikke f\u00e5r jobbet eller hentet i barnehagen.<\/p>\n<p>    Vil du se neste video?<\/p>\n<p>    <a href=\"https:\/\/www.nettavisen.no\/nyheter\/pete-hegseth-avbryter-plutselig-marco-rubio-klikker-pa-direkten\/v\/5-95-2813524\" class=\"recommend-poster\" data-adp-clicklabel=\"video-recommend\" data-adp-clickvalue=\"poster\" rel=\"nofollow noopener\" target=\"_blank\"><br \/>\n      <img decoding=\"async\" width=\"200\" height=\"200\" loading=\"lazy\" src=\"https:\/\/www.europesays.com\/no\/wp-content\/uploads\/2026\/01\/Hegseth+til+cue.jpg\" alt=\"\" class=\"brick-c-cFOWSL\" style=\"--brick-image-ratio: 200 \/ 200;\"\/><\/p>\n<p>Avbryter plutselig: Klikker p\u00e5 direkten1:05<\/p>\n<p>    <\/a><\/p>\n<p>    Vil du se neste video?<\/p>\n<p>    <a href=\"https:\/\/www.nettavisen.no\/nyheter\/pete-hegseth-avbryter-plutselig-marco-rubio-klikker-pa-direkten\/v\/5-95-2813524\" class=\"recommend-poster\" data-adp-clicklabel=\"video-recommend\" data-adp-clickvalue=\"poster\" rel=\"nofollow noopener\" target=\"_blank\"><br \/>\n      <img decoding=\"async\" width=\"200\" height=\"200\" loading=\"lazy\" src=\"https:\/\/www.europesays.com\/no\/wp-content\/uploads\/2026\/01\/Hegseth+til+cue.jpg\" alt=\"\" class=\"brick-c-cFOWSL\" style=\"--brick-image-ratio: 200 \/ 200;\"\/><\/p>\n<p>Avbryter plutselig: Klikker p\u00e5 direkten1:05<\/p>\n<p>    <\/a><\/p>\n","protected":false},"excerpt":{"rendered":"(Hamar Arbeiderblad): Like f\u00f8r klokken 13 tirsdag opplyser Vy at strekningen Eidsvoll-Stange er stengt for togtrafikk. If\u00f8lge Vys&hellip;\n","protected":false},"author":2,"featured_media":135856,"comment_status":"","ping_status":"","sticky":false,"template":"","format":"standard","meta":{"footnotes":""},"categories":[5],"tags":[20,21,24,25,15,19,22,23,17,18,13,30,28,29,14,16,26,27],"class_list":{"0":"post-135855","1":"post","2":"type-post","3":"status-publish","4":"format-standard","5":"has-post-thumbnail","7":"category-overskrifter","8":"tag-breaking-news","9":"tag-breakingnews","10":"tag-featured-news","11":"tag-featurednews","12":"tag-headlines","13":"tag-hovedoppslag","14":"tag-latest-news","15":"tag-latestnews","16":"tag-main-news","17":"tag-mainnews","18":"tag-news","19":"tag-no","20":"tag-norge","21":"tag-norway","22":"tag-nyheter","23":"tag-overskrifter","24":"tag-top-stories","25":"tag-topstories"},"share_on_mastodon":{"url":"https:\/\/pubeurope.com\/@no\/115888525509221785","error":""},"_links":{"self":[{"href":"https:\/\/www.europesays.com\/no\/wp-json\/wp\/v2\/posts\/135855","targetHints":{"allow":["GET"]}}],"collection":[{"href":"https:\/\/www.europesays.com\/no\/wp-json\/wp\/v2\/posts"}],"about":[{"href":"https:\/\/www.europesays.com\/no\/wp-json\/wp\/v2\/types\/post"}],"author":[{"embeddable":true,"href":"https:\/\/www.europesays.com\/no\/wp-json\/wp\/v2\/users\/2"}],"replies":[{"embeddable":true,"href":"https:\/\/www.europesays.com\/no\/wp-json\/wp\/v2\/comments?post=135855"}],"version-history":[{"count":0,"href":"https:\/\/www.europesays.com\/no\/wp-json\/wp\/v2\/posts\/135855\/revisions"}],"wp:featuredmedia":[{"embeddable":true,"href":"https:\/\/www.europesays.com\/no\/wp-json\/wp\/v2\/media\/135856"}],"wp:attachment":[{"href":"https:\/\/www.europesays.com\/no\/wp-json\/wp\/v2\/media?parent=135855"}],"wp:term":[{"taxonomy":"category","embeddable":true,"href":"https:\/\/www.europesays.com\/no\/wp-json\/wp\/v2\/categories?post=135855"},{"taxonomy":"post_tag","embeddable":true,"href":"https:\/\/www.europesays.com\/no\/wp-json\/wp\/v2\/tags?post=135855"}],"curies":[{"name":"wp","href":"https:\/\/api.w.org\/{rel}","templated":true}]}}