{"id":135857,"date":"2026-01-13T15:35:16","date_gmt":"2026-01-13T15:35:16","guid":{"rendered":"https:\/\/www.europesays.com\/no\/135857\/"},"modified":"2026-01-13T15:35:16","modified_gmt":"2026-01-13T15:35:16","slug":"ol-vinter-ol-sveitsisk-ol-helt-dode-i-snoskred","status":"publish","type":"post","link":"https:\/\/www.europesays.com\/no\/135857\/","title":{"rendered":"OL, Vinter-OL | Sveitsisk OL-helt d\u00f8de i sn\u00f8skred"},"content":{"rendered":"\n<p>Det opplyser Sveits&#8217; skiforbund p\u00e5 sitt <a href=\"https:\/\/www.swiss-ski.ch\/newsroom\/news\/in-tiefer-trauer-um-ueli-kestenholz\" rel=\"nofollow noopener\" target=\"_blank\">nettsted<\/a>.<\/p>\n<p>Kestenholz ble den f\u00f8rste OL-medaljevinneren i en snowboarddisiplin fra Sveits da han som 22-\u00e5ring fikk med seg en bronse i storslal\u00e5m fra Nagano-OL i 1998.<\/p>\n<p> \u2013 Vi uttrykker v\u00e5r dypeste medf\u00f8lelse til Uelis familie og kj\u00e6re, sier Sveits&#8217; skipresident Peter Barandun i en uttalelse.<\/p>\n<p>Kestenholz deltok ogs\u00e5 i OL i 2002 og 2006.<\/p>\n<p>Ulykken skjedde i L\u00f6tschental i kantonen Valais i Sveits.<\/p>\n<p>Etter karrieren var Kestenholz aktiv i andre sporter som fallskjermhopping, paragliding, surfing og terrengsykling.<\/p>\n<p><a href=\"https:\/\/www.nrk.no\/sport\/sveitsisk-ol-helt-omkom-i-sonskred-1.17725747\" rel=\"nofollow noopener\" target=\"_blank\">NRK<\/a> omtalte saken f\u00f8rst i Norge.<\/p>\n<p>(\u00a9NTB)<\/p>\n","protected":false},"excerpt":{"rendered":"Det opplyser Sveits&#8217; skiforbund p\u00e5 sitt nettsted. Kestenholz ble den f\u00f8rste OL-medaljevinneren i en snowboarddisiplin fra Sveits da&hellip;\n","protected":false},"author":2,"featured_media":135858,"comment_status":"","ping_status":"","sticky":false,"template":"","format":"standard","meta":{"footnotes":""},"categories":[59],"tags":[30,28,29,83,82],"class_list":{"0":"post-135857","1":"post","2":"type-post","3":"status-publish","4":"format-standard","5":"has-post-thumbnail","7":"category-sport","8":"tag-no","9":"tag-norge","10":"tag-norway","11":"tag-sport","12":"tag-sports"},"share_on_mastodon":{"url":"https:\/\/pubeurope.com\/@no\/115888529593881185","error":""},"_links":{"self":[{"href":"https:\/\/www.europesays.com\/no\/wp-json\/wp\/v2\/posts\/135857","targetHints":{"allow":["GET"]}}],"collection":[{"href":"https:\/\/www.europesays.com\/no\/wp-json\/wp\/v2\/posts"}],"about":[{"href":"https:\/\/www.europesays.com\/no\/wp-json\/wp\/v2\/types\/post"}],"author":[{"embeddable":true,"href":"https:\/\/www.europesays.com\/no\/wp-json\/wp\/v2\/users\/2"}],"replies":[{"embeddable":true,"href":"https:\/\/www.europesays.com\/no\/wp-json\/wp\/v2\/comments?post=135857"}],"version-history":[{"count":0,"href":"https:\/\/www.europesays.com\/no\/wp-json\/wp\/v2\/posts\/135857\/revisions"}],"wp:featuredmedia":[{"embeddable":true,"href":"https:\/\/www.europesays.com\/no\/wp-json\/wp\/v2\/media\/135858"}],"wp:attachment":[{"href":"https:\/\/www.europesays.com\/no\/wp-json\/wp\/v2\/media?parent=135857"}],"wp:term":[{"taxonomy":"category","embeddable":true,"href":"https:\/\/www.europesays.com\/no\/wp-json\/wp\/v2\/categories?post=135857"},{"taxonomy":"post_tag","embeddable":true,"href":"https:\/\/www.europesays.com\/no\/wp-json\/wp\/v2\/tags?post=135857"}],"curies":[{"name":"wp","href":"https:\/\/api.w.org\/{rel}","templated":true}]}}