{"id":135863,"date":"2026-01-13T15:40:12","date_gmt":"2026-01-13T15:40:12","guid":{"rendered":"https:\/\/www.europesays.com\/no\/135863\/"},"modified":"2026-01-13T15:40:12","modified_gmt":"2026-01-13T15:40:12","slug":"gunnar-stavrum-nettavisen-nettavisen-sjef-gunnar-stavrum-hylles-for-sin-innsats-respekt","status":"publish","type":"post","link":"https:\/\/www.europesays.com\/no\/135863\/","title":{"rendered":"Gunnar Stavrum, Nettavisen | Nettavisen-sjef Gunnar Stavrum hylles for sin innsats: \u2013 Respekt"},"content":{"rendered":"\n<p><b>Se hyllesten lenger ned i saken.<\/b><\/p>\n<p>\u2013 Fikk han en kokosn\u00f8tt i hodet?<\/p>\n<p>Sp\u00f8rsm\u00e5let ble stilt i Nettavisens redaksjon tirsdag morgen. Der var det nettopp blitt gjort kjent at Gunnar Stavrum, nylig hjemkommet fra cruiseferie i Karibia, varsler sin avgang som sjefredakt\u00f8r og administrerende redakt\u00f8r i Nettavisen.<\/p>\n<p>Men han har p\u00e5 ingen m\u00e5te tenkt \u00e5 bli pensjonist i en alder av 64.<\/p>\n<p>\u2013 Jeg fortsetter som sjefredakt\u00f8r til en erstatter er p\u00e5 plass og har ikke tenkt \u00e5 v\u00e6re en s\u00e5kalt \u00ablame duck\u00bb i p\u00e5vente av en ny sjef. Det er normal drift og lesere, seere og ansatte skal ikke merke noen forskjell inntil den nye redakt\u00f8ren er klar, sier Gunnar Stavrum til egen avis.<\/p>\n<p>   <img decoding=\"async\" width=\"5712\" height=\"4284\" fetchpriority=\"low\"  loading=\"lazy\"  src=\"https:\/\/www.europesays.com\/no\/wp-content\/uploads\/2026\/01\/Gunnar+Stavrum+Kent+Olsen_1.JPG\" alt=\"\" class=\"brick-c-cFOWSL\" style=\"--brick-image-ratio: 5712 \/ 4284;\"\/><\/p>\n<p>      HOT NEWS: Medier24s Kent Olsen sto p\u00e5 desken i Nettavisen minutter etter at Gunnar Stavrums avgang ble kjent.<br \/>\n      Foto: Henrik B. Meidell (Nettavisen)\n    <\/p>\n<p>  Gard Steiro, ansvarlig redakt\u00f8r og administrerende direkt\u00f8r i VG:<\/p>\n<p>\u2013 Det st\u00e5r stor respekt av Gunnar Stavrums innsats som redakt\u00f8r for Nettavisen. Han har bidratt til innovasjon i bransjen og s\u00f8rget for at mediene som ogs\u00e5 gir ut papiraviser har hatt en heldigital og plagsom utfordrer. I tillegg har han v\u00e6rt en synlig, tydelig og uredd samfunnsdebattant \u2013 ofte kontr\u00e6r og prisverdig prinsipiell. Jeg er glad for at han ikke legger ned pennen.<\/p>\n<p>Ulf Andr\u00e9 Andersen, tidligere sjefredakt\u00f8r i Se og H\u00f8r:<\/p>\n<p>\u2013 Gunnar er en viktig og alternativ stemme i den norske offentligheten, og det st\u00e5r stor respekt av det han har oppn\u00e5dd.<\/p>\n<p>Kjersti L\u00f8ken Stavrum, ektefelle og styreleder i Schibsted:<\/p>\n<p>\u2013 Jeg og alle b\u00f8r v\u00e6re forberedt p\u00e5 at Gunnar Stavrum fortsatt vil v\u00e6re Gunnar Stavrum. Gunnar er p\u00e5skrudd hele d\u00f8gnet, han har en enorm arbeidskapasitet og et ubegrenset engasjement. S\u00e5nn sett er jeg spent p\u00e5 hva han vil drive frem i denne neste perioden i livet.<\/p>\n<p>   <img decoding=\"async\" width=\"4032\" height=\"2683\" fetchpriority=\"low\"  loading=\"lazy\"  src=\"https:\/\/www.europesays.com\/no\/wp-content\/uploads\/2026\/01\/5_95_519355_Himalaya.jpg\" alt=\"TURF\u00d8LGE: G\u00e5 aldri alene hvis du skal til topps i Himalaya. Ektefelle Kjersti L\u00f8ken Stavrum er aldri tung \u00e5 be om \u00e5 bli med p\u00e5 en fjelltur. Maraton og vektnedgang handler ikke bare om \u00e5 plage seg selv, men \u00e5 gj\u00f8re det lystbetont.\" class=\"brick-c-cFOWSL\" style=\"--brick-image-ratio: 4032 \/ 2683;\"\/><\/p>\n<p>      SPENT: Kjersti L\u00f8ken Stavrum er spent p\u00e5 hva som blir neste sprell fra ektemannen Gunnar Stavrum.<br \/>\n      Foto: Gunnar Stavrum\n    <\/p>\n<p>  Danby Choi, redakt\u00f8r i Subjekt:<\/p>\n<p>\u2013 Det er rett og slett utrolig hva Gunnar Stavrum har f\u00e5tt til med Nettavisen. Det blir store sko \u00e5 fylle for nestemann.<\/p>\n<p>Vibeke F\u00fcrst Haugen, kringkastingssjef NRK:<\/p>\n<p>\u2013 Nettavisen har v\u00e6rt en pioner i den digitale omleggingen. Gunnar Stavrum har gjort en imponerende jobb og v\u00e6rt en tydelig stemme i det offentlige ordskiftet.<\/p>\n<p>Ren\u00e9 Svendsen, sjefredakt\u00f8r og daglig leder i Fredriksstad Blad:<\/p>\n<p>\u2013 Det st\u00e5r enorm respekt av b\u00e5de den jobben han gj\u00f8r og har gjort i Nettavisen, og ikke minst av det \u00e5 avslutte gjerningen mens han er p\u00e5 topp. Hans metode er stadig med meg i hverdagens bakhode etter det korte og l\u00e6rerike \u00e5ret vi hadde sammen i Oslo.<\/p>\n<p>Ove Mellingen, tidligere sjefredakt\u00f8r i Telemarksavisa:<\/p>\n<p>\u2013 Til \u00e5 v\u00e6re en kar jeg s\u00e5pass ofte har v\u00e6rt uenig med, s\u00e5 m\u00e5 jeg si jeg har stor, stor respekt for b\u00e5de det faglige niv\u00e5et, hum\u00f8ret og alt det han har bygget opp. Alt godt!<\/p>\n<p>Oddvar Stenstr\u00f8m, tidligere TV 2-slugger:<\/p>\n<p>\u2013 Han har levert en innsats og et resultat han kan v\u00e6re stolt av. \u00c5 bli politisk redakt\u00f8r blir kanskje enda morsommere.<\/p>\n<p>Anders Opdahl, konsernsjef i Amedia:<\/p>\n<p>\u2013 Gunnar er en av de aller beste redakt\u00f8rene jeg noen gang har jobbet sammen med \u2013 og som jeg har l\u00e6rt av b\u00e5de p\u00e5 n\u00e6rt hold og p\u00e5 avstand. Det har v\u00e6rt, og er, og vil fortsette \u00e5 v\u00e6re, et sant privilegium.<\/p>\n<p>Torry Pedersen, tidligere sjefredakt\u00f8r i VG:<\/p>\n<p>\u2013 Imponerende stamina med et kontinuerlig utviklingsfokus. Skal ikke hvile p\u00e5 laurb\u00e6rene forst\u00e5r jeg. Lykke til med neste etappe.<\/p>\n","protected":false},"excerpt":{"rendered":"Se hyllesten lenger ned i saken. \u2013 Fikk han en kokosn\u00f8tt i hodet? Sp\u00f8rsm\u00e5let ble stilt i Nettavisens&hellip;\n","protected":false},"author":2,"featured_media":135864,"comment_status":"","ping_status":"","sticky":false,"template":"","format":"standard","meta":{"footnotes":""},"categories":[10],"tags":[20,21,24,25,15,22,23,13,30,28,29,14,16,26,27],"class_list":{"0":"post-135863","1":"post","2":"type-post","3":"status-publish","4":"format-standard","5":"has-post-thumbnail","7":"category-norge","8":"tag-breaking-news","9":"tag-breakingnews","10":"tag-featured-news","11":"tag-featurednews","12":"tag-headlines","13":"tag-latest-news","14":"tag-latestnews","15":"tag-news","16":"tag-no","17":"tag-norge","18":"tag-norway","19":"tag-nyheter","20":"tag-overskrifter","21":"tag-top-stories","22":"tag-topstories"},"share_on_mastodon":{"url":"https:\/\/pubeurope.com\/@no\/115888549061648200","error":""},"_links":{"self":[{"href":"https:\/\/www.europesays.com\/no\/wp-json\/wp\/v2\/posts\/135863","targetHints":{"allow":["GET"]}}],"collection":[{"href":"https:\/\/www.europesays.com\/no\/wp-json\/wp\/v2\/posts"}],"about":[{"href":"https:\/\/www.europesays.com\/no\/wp-json\/wp\/v2\/types\/post"}],"author":[{"embeddable":true,"href":"https:\/\/www.europesays.com\/no\/wp-json\/wp\/v2\/users\/2"}],"replies":[{"embeddable":true,"href":"https:\/\/www.europesays.com\/no\/wp-json\/wp\/v2\/comments?post=135863"}],"version-history":[{"count":0,"href":"https:\/\/www.europesays.com\/no\/wp-json\/wp\/v2\/posts\/135863\/revisions"}],"wp:featuredmedia":[{"embeddable":true,"href":"https:\/\/www.europesays.com\/no\/wp-json\/wp\/v2\/media\/135864"}],"wp:attachment":[{"href":"https:\/\/www.europesays.com\/no\/wp-json\/wp\/v2\/media?parent=135863"}],"wp:term":[{"taxonomy":"category","embeddable":true,"href":"https:\/\/www.europesays.com\/no\/wp-json\/wp\/v2\/categories?post=135863"},{"taxonomy":"post_tag","embeddable":true,"href":"https:\/\/www.europesays.com\/no\/wp-json\/wp\/v2\/tags?post=135863"}],"curies":[{"name":"wp","href":"https:\/\/api.w.org\/{rel}","templated":true}]}}