{"id":135865,"date":"2026-01-13T15:41:08","date_gmt":"2026-01-13T15:41:08","guid":{"rendered":"https:\/\/www.europesays.com\/no\/135865\/"},"modified":"2026-01-13T15:41:08","modified_gmt":"2026-01-13T15:41:08","slug":"jurgen-klopp-kobles-til-real-madrid","status":"publish","type":"post","link":"https:\/\/www.europesays.com\/no\/135865\/","title":{"rendered":"J\u00fcrgen Klopp kobles til Real Madrid"},"content":{"rendered":"\n<p class=\"_lead_o9xde_2 _lead_xtcu6_50 layout-component text-serif-m layout-normal text-serif-l layout-component layout-wide layout-padded _wide_17hqh_1 layout-padded\">Den tidligere Liverpool-manageren skal if\u00f8lge tyske medier v\u00e6re aktuell som kandidat til \u00e5 ta over Real Madrid.<\/p>\n<p><img alt=\" Foto: Phil Noble \/ Reuters \/ NTB\" class=\"_image_qp4xg_65 layout-component layout-wide\" data-fullscreen- data-track-element-type=\"Article image fullscreen\" data-track-name=\"ImageFullscreen\" fetchpriority=\"high\" decoding=\"sync\" loading=\"eager\" height=\"1313\" itemprop=\"image\"  src=\"https:\/\/www.europesays.com\/no\/wp-content\/uploads\/2026\/01\/2b3c963c-674b-4127-9d26-3d1fa605d48b.jpeg\"  style=\"object-position:0% 0%\" width=\"1881\"\/> Foto: Phil Noble \/ Reuters \/ NTB<\/p>\n<ul aria-hidden=\"true\" class=\"_images_ntbth_112\">\n<li><a class=\"_link_ntbth_117\" href=\"https:\/\/www.vg.no\/forfatter\/herman-kristoffersen-boerresen\" style=\"z-index:1\" title=\"Herman Kristoffersen B\u00f8rresen\" rel=\"nofollow noopener\" target=\"_blank\"><img alt=\"Bilde av Herman Kristoffersen B\u00f8rresen\" class=\"_image_ntbth_93\" fetchpriority=\"low\" loading=\"lazy\" decoding=\"async\" itemprop=\"image\"  src=\"https:\/\/www.europesays.com\/no\/wp-content\/uploads\/2026\/01\/1768318868_255_48824835-8c7c-49b5-9708-6ecdd10ff3c8.png\"  width=\"480\"\/><\/a><\/li>\n<\/ul>\n<p> Oppdatert tirsdag 13. januar kl. 16:26    <\/p>\n<ul class=\"_list_o9xde_3 _list_64s2r_85 _unordered_o9xde_106 text-sans-m\">\n<li class=\"_item_o9xde_30\">Tyske medier melder at tidligere Liverpool-manager J\u00fcrgen Klopp er kandidat til hovedtrenerjobben i Real Madrid.<\/li>\n<li class=\"_item_o9xde_30\">Xabi Alonso forlot klubben etter tapet i supercupfinalen mot Barcelona, og \u00c1varo Arbeloa leder n\u00e5 laget midlertidig.<\/li>\n<li class=\"_item_o9xde_30\">Klopp avviser \u00e5 ha mottatt en henvendelse fra Real Madrid, men fotballekspert Petter Veland mener han ville passet godt som trener for laget.<\/li>\n<\/ul>\n<p>Vis mer <\/p>\n<p class=\"_paragraph_o9xde_4 _paragraph_xtcu6_10 layout-component text-serif-m layout-normal text-serif-m layout-padded\">Det melder anerkjente <a href=\"https:\/\/www.skysports.com\/football\/news\/11095\/13493731\/jurgen-klopp-to-real-madrid-former-liverpool-manager-a-candidate-for-head-coach-role-at-laliga-club\" class=\"_link_o9xde_39\" rel=\"nofollow noopener\" target=\"_blank\">Florian Plettenberg<strong class=\"_strong_o9xde_25\"> <\/strong>fra Sky Germany<\/a> tirsdag ettermiddag. Ogs\u00e5 overgangsguruen Fabrizio Romano har tirsdag publisert at Klopp skal v\u00e6re blant kandidatene som diskuteres internt i den spanske hovedstadsklubben.<\/p>\n<p class=\"_paragraph_o9xde_4 _paragraph_xtcu6_10 layout-component text-serif-m layout-normal text-serif-m layout-padded\">Klopp er for tiden global fotballsjef i Red Bull-konsernet, men Sky Tyskland skriver at den tidligere Liverpool-sjefen vil vurdere en overgang til Real Madrid sv\u00e6rt seri\u00f8st.<\/p>\n<p class=\"_paragraph_o9xde_4 _paragraph_xtcu6_10 layout-component text-serif-m layout-normal text-serif-m layout-padded\"> Xabi Alonso forlot mandag stillingen som hovedtrener i Real Madrid etter tapet i supercupfinalen mot Barcelona. <\/p>\n<p class=\"_paragraph_o9xde_4 _paragraph_xtcu6_10 layout-component text-serif-m layout-normal text-serif-m layout-padded\">Se h\u00f8ydepunktene fra den kampen her: <\/p>\n<p class=\"_paragraph_o9xde_4 _paragraph_xtcu6_10 layout-component text-serif-m layout-normal text-serif-m layout-padded\">\u00c1lvaro Arbeloa har rykket opp fra annetlaget og leder Real Madrid som midlertidig trener etter Alonsos exit.<\/p>\n<p class=\"_paragraph_o9xde_4 _paragraph_xtcu6_10 layout-component text-serif-m layout-normal text-serif-m layout-padded\">J\u00fcrgen Klopp selv bekrefter i et intervju til \u00f8sterrikske Servus TV at han har f\u00e5tt mange telefoner, men ikke fra Real Madrid.<\/p>\n<p class=\"_paragraph_o9xde_4 _paragraph_xtcu6_10 layout-component text-serif-m layout-normal text-serif-m layout-padded\">\u2013 F\u00f8rst og fremst er dette nok et tegn p\u00e5 at noe ikke stemmer i Real Madrid for \u00f8yeblikket. At Xabi Alonso, som har vist seg som et av Europas st\u00f8rste trenertalenter i Leverkusen, m\u00e5 forlate klubben etter s\u00e5 kort tid, forteller mye, sier Klopp i intervjuet.<\/p>\n<p class=\"_paragraph_o9xde_4 _paragraph_xtcu6_10 layout-component text-serif-m layout-normal text-serif-m layout-padded\">Videre heller han kaldt vann i \u00e5rene p\u00e5 de som h\u00e5per Klopp blir ny trener for Los Blancos.<\/p>\n<p class=\"_paragraph_o9xde_4 _paragraph_xtcu6_10 layout-component text-serif-m layout-normal text-serif-m layout-padded\"><strong class=\"_strong_o9xde_25\">\u2013 Dette (trenersparkingen) har ikke noe med meg \u00e5 gj\u00f8re, og p\u00e5virker meg ikke i det hele tatt, sa Klopp videre i intervjuet med den \u00f8sterrikske TV-kanalen.<\/strong><\/p>\n<p class=\"_paragraph_o9xde_4 _paragraph_xtcu6_10 layout-component text-serif-m layout-normal text-serif-m layout-padded\">If\u00f8lge Viaplay-kommentator og La Liga-ekspert Petter Veland ville J\u00fcrgen Klopp passet godt i Real Madrid.<\/p>\n<p class=\"_paragraph_o9xde_4 _paragraph_xtcu6_10 layout-component text-serif-m layout-normal text-serif-m layout-padded\">\u2013 Jeg mener absolutt at dette kunne v\u00e6rt en god match. Klopp har b\u00e5de den faglige kompetansen og personligheten som kreves for \u00e5 lede dette Real Madrid-laget, sier Veland til VG.<\/p>\n<p><img decoding=\"async\" alt=\"Bilde av Petter Veland\" class=\"_image_ygndg_42\" height=\"27\" itemprop=\"image\" loading=\"lazy\"  src=\"https:\/\/www.europesays.com\/no\/wp-content\/uploads\/2026\/01\/9b1649a9-7322-495c-aaf7-931894e66deb.jpeg\"  width=\"40\"\/><strong class=\"_name_ygndg_51 title-serif-xs\">Petter Veland<\/strong><\/p>\n<p class=\"_paragraph_o9xde_4 text-sans-m _description_ygndg_56\">Viaplay-kommentator og La Liga-ekspert<\/p>\n<p class=\"_paragraph_o9xde_4 _paragraph_xtcu6_10 layout-component text-serif-m layout-normal text-serif-m layout-padded\">Det er halvannet \u00e5r siden J\u00fcrgen Klopp forlot Liverpool og trenervirket. Han trives i livet utenfor garderoben.<\/p>\n<p class=\"_paragraph_o9xde_4 _paragraph_xtcu6_10 layout-component text-serif-m layout-normal text-serif-m layout-padded\">\u2013 Der jeg er n\u00e5 er den rette plassen for meg, sier Klopp til Servus TV.<\/p>\n","protected":false},"excerpt":{"rendered":"Den tidligere Liverpool-manageren skal if\u00f8lge tyske medier v\u00e6re aktuell som kandidat til \u00e5 ta over Real Madrid. Foto:&hellip;\n","protected":false},"author":2,"featured_media":135866,"comment_status":"","ping_status":"","sticky":false,"template":"","format":"standard","meta":{"footnotes":""},"categories":[5],"tags":[20,21,24,25,92,15,19,8872,22,23,17,18,13,30,28,29,14,16,2499,26,27],"class_list":{"0":"post-135865","1":"post","2":"type-post","3":"status-publish","4":"format-standard","5":"has-post-thumbnail","7":"category-overskrifter","8":"tag-breaking-news","9":"tag-breakingnews","10":"tag-featured-news","11":"tag-featurednews","12":"tag-fotball","13":"tag-headlines","14":"tag-hovedoppslag","15":"tag-jurgen-klopp","16":"tag-latest-news","17":"tag-latestnews","18":"tag-main-news","19":"tag-mainnews","20":"tag-news","21":"tag-no","22":"tag-norge","23":"tag-norway","24":"tag-nyheter","25":"tag-overskrifter","26":"tag-real-madrid-cf","27":"tag-top-stories","28":"tag-topstories"},"share_on_mastodon":{"url":"https:\/\/pubeurope.com\/@no\/115888552999940602","error":""},"_links":{"self":[{"href":"https:\/\/www.europesays.com\/no\/wp-json\/wp\/v2\/posts\/135865","targetHints":{"allow":["GET"]}}],"collection":[{"href":"https:\/\/www.europesays.com\/no\/wp-json\/wp\/v2\/posts"}],"about":[{"href":"https:\/\/www.europesays.com\/no\/wp-json\/wp\/v2\/types\/post"}],"author":[{"embeddable":true,"href":"https:\/\/www.europesays.com\/no\/wp-json\/wp\/v2\/users\/2"}],"replies":[{"embeddable":true,"href":"https:\/\/www.europesays.com\/no\/wp-json\/wp\/v2\/comments?post=135865"}],"version-history":[{"count":0,"href":"https:\/\/www.europesays.com\/no\/wp-json\/wp\/v2\/posts\/135865\/revisions"}],"wp:featuredmedia":[{"embeddable":true,"href":"https:\/\/www.europesays.com\/no\/wp-json\/wp\/v2\/media\/135866"}],"wp:attachment":[{"href":"https:\/\/www.europesays.com\/no\/wp-json\/wp\/v2\/media?parent=135865"}],"wp:term":[{"taxonomy":"category","embeddable":true,"href":"https:\/\/www.europesays.com\/no\/wp-json\/wp\/v2\/categories?post=135865"},{"taxonomy":"post_tag","embeddable":true,"href":"https:\/\/www.europesays.com\/no\/wp-json\/wp\/v2\/tags?post=135865"}],"curies":[{"name":"wp","href":"https:\/\/api.w.org\/{rel}","templated":true}]}}