{"id":135867,"date":"2026-01-13T15:42:09","date_gmt":"2026-01-13T15:42:09","guid":{"rendered":"https:\/\/www.europesays.com\/no\/135867\/"},"modified":"2026-01-13T15:42:09","modified_gmt":"2026-01-13T15:42:09","slug":"sk-brann-japhet-sery-larsen-2","status":"publish","type":"post","link":"https:\/\/www.europesays.com\/no\/135867\/","title":{"rendered":"SK Brann, Japhet Sery Larsen"},"content":{"rendered":"\n<p>Selv de skadde og utilgjengelige spillerne er med Brann til Marbella p\u00e5 treningsleir &#8211; alle spillerne utenom Japhet Sery Larsen ble med flyet tidligere i januar. Han dro heller over Atlanterhavet og til USA p\u00e5 medisinsk test.<\/p>\n<p>Tirsdag bekrefter Brann at den danske 25-\u00e5ringen har signert for toppklubben Philadelphia Union, og dermed er ferdig i Brann etter 98 kamper i r\u00f8dt. Han har signert for 3,5 \u00e5r p\u00e5 den amerikanske \u00f8stkysten.<\/p>\n<p>Etter det BA erfarer er overgangssummen p\u00e5 oppunder 15 millioner kroner for midtstopperen.<\/p>\n<p>\u2013 Det er vemodig \u00e5 forlate klubben, men jeg f\u00f8ler at dette skiftet er en spennende mulighet for meg. S\u00e5 det er med t\u00e5rer i \u00f8ynene og et smil jeg sier farvel, sier Sery Larsen til brann.no.<\/p>\n<p>Ville ha ham med til E-cup<\/p>\n<p>Sery Larsen forlater dermed Brann for andre gang. Han kom f\u00f8rst til klubben i 2021, f\u00f8r han \u00e5ret etter gikk til Bod\u00f8\/Glimt. Han returnerte til Bergen i 2023 og har v\u00e6rt en bauta b\u00e5de i Eirik Horneland og Freyr Alexanderssons forsvarsrekke.<\/p>\n<p>\u2013 Japhet er p\u00e5 utg\u00e5ende kontrakt. Han \u00f8nsket seg en ny utfordring og vi fikk et godt bud p\u00e5 ham. Derfor lar vi ham dra, sa islendingen til BA i forrige uke da Sery Larsen manglet i Spania.<\/p>\n<p>Alexandersson fortalte da at Brann pr\u00f8vde \u00e5 beholde ham til kampen mot Midtjylland 22. januar, samme dag som det amerikanske overgangsvinudet \u00e5pner.<\/p>\n<p>\u2013 Men det var ikke mulig \u00e5 f\u00e5 til i denne saken, if\u00f8lge Brann-treneren.<\/p>\n<p>Philadelphia Union sparker i gang 2026-sesongen 22. februar.<\/p>\n<p>  <a href=\"https:\/\/www.ba.no\/5-8-3279892\" class=\"related-teaser has-image default-story-teaser article--c-eRUmMG article--c-eRUmMG-jKCPdD-design-default\" rel=\"nofollow noopener\" target=\"_blank\"><\/p>\n<p>    <img decoding=\"async\" loading=\"lazy\"  src=\"https:\/\/www.europesays.com\/no\/wp-content\/uploads\/2026\/01\/DSC_6233.JPG\" alt=\"\" class=\"brick-c-cFOWSL\" style=\"\"\/><\/p>\n<p>\n            Les ogs\u00e5<\/p>\n<p>              Kornvig om fremtiden: \u2013 Jeg tror at jeg er her\n        <\/p>\n<p>  <\/a><\/p>\n<p>  <a href=\"https:\/\/www.ba.no\/5-8-3278163\" class=\"related-teaser has-image default-story-teaser article--c-eRUmMG article--c-eRUmMG-jKCPdD-design-default\" rel=\"nofollow noopener\" target=\"_blank\"><\/p>\n<p>    <img decoding=\"async\" loading=\"lazy\"  src=\"https:\/\/www.europesays.com\/no\/wp-content\/uploads\/2026\/01\/DSC_5122+kopi.jpg\" alt=\"\" class=\"brick-c-cFOWSL\" style=\"\"\/><\/p>\n<p>\n            Les ogs\u00e5<\/p>\n<p>              Poengkongens usikre Brann-fremtid: \u2013 Hadde v\u00e6rt greit med en avklaring\n        <\/p>\n<p>  <\/a><\/p>\n<p>  <a href=\"https:\/\/www.ba.no\/5-8-3277968\" class=\"related-teaser has-image default-story-teaser article--c-eRUmMG article--c-eRUmMG-jKCPdD-design-default\" rel=\"nofollow noopener\" target=\"_blank\"><\/p>\n<p>    <img decoding=\"async\" loading=\"lazy\"  src=\"https:\/\/www.europesays.com\/no\/wp-content\/uploads\/2026\/01\/DSC_4931.JPG\" alt=\"\" class=\"brick-c-cFOWSL\" style=\"\"\/><\/p>\n<p>\n            Les ogs\u00e5<\/p>\n<p>              Stjerneskuddet enig med Brann om en ny langtidskontrakt\n        <\/p>\n<p>  <\/a><\/p>\n","protected":false},"excerpt":{"rendered":"Selv de skadde og utilgjengelige spillerne er med Brann til Marbella p\u00e5 treningsleir &#8211; alle spillerne utenom Japhet&hellip;\n","protected":false},"author":2,"featured_media":135868,"comment_status":"","ping_status":"","sticky":false,"template":"","format":"standard","meta":{"footnotes":""},"categories":[59],"tags":[36,92,2436,30,28,29,418,83,82,1510],"class_list":{"0":"post-135867","1":"post","2":"type-post","3":"status-publish","4":"format-standard","5":"has-post-thumbnail","7":"category-sport","8":"tag-art","9":"tag-fotball","10":"tag-japhet-sery-larsen","11":"tag-no","12":"tag-norge","13":"tag-norway","14":"tag-sk-brann","15":"tag-sport","16":"tag-sports","17":"tag-story"},"share_on_mastodon":{"url":"https:\/\/pubeurope.com\/@no\/115888556776025400","error":""},"_links":{"self":[{"href":"https:\/\/www.europesays.com\/no\/wp-json\/wp\/v2\/posts\/135867","targetHints":{"allow":["GET"]}}],"collection":[{"href":"https:\/\/www.europesays.com\/no\/wp-json\/wp\/v2\/posts"}],"about":[{"href":"https:\/\/www.europesays.com\/no\/wp-json\/wp\/v2\/types\/post"}],"author":[{"embeddable":true,"href":"https:\/\/www.europesays.com\/no\/wp-json\/wp\/v2\/users\/2"}],"replies":[{"embeddable":true,"href":"https:\/\/www.europesays.com\/no\/wp-json\/wp\/v2\/comments?post=135867"}],"version-history":[{"count":0,"href":"https:\/\/www.europesays.com\/no\/wp-json\/wp\/v2\/posts\/135867\/revisions"}],"wp:featuredmedia":[{"embeddable":true,"href":"https:\/\/www.europesays.com\/no\/wp-json\/wp\/v2\/media\/135868"}],"wp:attachment":[{"href":"https:\/\/www.europesays.com\/no\/wp-json\/wp\/v2\/media?parent=135867"}],"wp:term":[{"taxonomy":"category","embeddable":true,"href":"https:\/\/www.europesays.com\/no\/wp-json\/wp\/v2\/categories?post=135867"},{"taxonomy":"post_tag","embeddable":true,"href":"https:\/\/www.europesays.com\/no\/wp-json\/wp\/v2\/tags?post=135867"}],"curies":[{"name":"wp","href":"https:\/\/api.w.org\/{rel}","templated":true}]}}