{"id":135869,"date":"2026-01-13T15:46:07","date_gmt":"2026-01-13T15:46:07","guid":{"rendered":"https:\/\/www.europesays.com\/no\/135869\/"},"modified":"2026-01-13T15:46:07","modified_gmt":"2026-01-13T15:46:07","slug":"livvakter-fiktive-jobber-og-stotte-fra-putin-og-trump-nrk-urix-utenriksnyheter-og-dokumentarer","status":"publish","type":"post","link":"https:\/\/www.europesays.com\/no\/135869\/","title":{"rendered":"Livvakter, fiktive jobber og st\u00f8tte fra Putin og Trump \u2013 NRK Urix \u2013 Utenriksnyheter og -dokumentarer"},"content":{"rendered":"<p>Det er dr\u00f8mmen som kan bli knust. Marine Le Pen fra Nasjonal samling ble nummer to i presidentvalget i Frankrike to ganger.<\/p>\n<p><strong>I presidentvalget neste \u00e5r l\u00e5 hun an til \u00e5 kunne vinne en historisk seier.<\/strong><\/p>\n<p><img decoding=\"async\"   src=\"data:image\/gif;base64,R0lGODlhAQABAIAAAAAAAP\/\/\/yH5BAEAAAAALAAAAAABAAEAAAIBRAA7\" loading=\"eager\" alt=\"Bildet viser en kvinne if\u00f8rt en lys frakk som g\u00e5r forbi en sikkerhetsvakt i uniform. Bak henne er flere personer p\u00e5 vei ut av en bygning, med hjelpeskilt som viser utgang. Omgivelsene fremst\u00e5r som en offentlig plass med lys og h\u00f8ydepunkt i arkitekturen. Scenen kan knyttes til en hendelse som involverer rettssystemet. (Bildebeskrivelsen er laget av en KI-tjeneste)\" title=\"Foto: THOMAS SAMSON \/ AFP \/ NTB\"\/><\/p>\n<p class=\"\">Marine Le Pen ankommer h\u00f8ringen til ankesaken i rettslokalene i Paris, Palais de Justice de Paris. Hun har anket at hun i fjor ble frad\u00f8mt retten til \u00e5 stille til valg i fem \u00e5r.<\/p>\n<p>Foto: THOMAS SAMSON \/ AFP \/ NTB<\/p>\n<p>N\u00e5 skal ankedomstolen i Paris avgj\u00f8re om hun fortsatt skal utestenges fra \u00e5 stille til valg, i en sak der Le Pen blant annet er beskyldt for \u00e5 ha brukt offentlige midler p\u00e5 bodyguard til seg selv.<\/p>\n<p>Underveis har b\u00e5de Trump og Putin st\u00f8ttet henne.<\/p>\n<p>Arven fra far<\/p>\n<p>Saken er oppsiktsvekkende. Marine Le Pen misbrukte offentlige midler som egentlig skulle v\u00e6rt brukt i Europaparlamentet, mente retten.<\/p>\n<p>Pengene gikk i stedet til partikontoret i Paris. Til en bodyguard for Marine selv og andre ansatte. Alt ble skjult i fiktive arbeidskontrakter.<\/p>\n<p><strong>Svindel satt i system, kalte retten det.<\/strong><\/p>\n<p>Systemet var en arv fra hennes n\u00e5 avd\u00f8de far, den tidligere partilederen Jean-Marie. Et forhold som ellers var sv\u00e6rt problematisk.<\/p>\n<p><img decoding=\"async\"   src=\"data:image\/gif;base64,R0lGODlhAQABAIAAAAAAAP\/\/\/yH5BAEAAAAALAAAAAABAAEAAAIBRAA7\" loading=\"eager\" alt=\"Flere personer er samlet p\u00e5 en gate, if\u00f8rt formelle kl\u00e6r. En mann i gr\u00e5 dress b\u00e6rer medaljer og har en bukett med blomster i lommen. En kvinne ved hans side holder ogs\u00e5 blomster og har p\u00e5 seg en lys jakke. Bakgrunnen viser bygninger med klassisk arkitektur. (Bildebeskrivelsen er laget av en KI-tjeneste)\" title=\"Foto: Jacques Brinon \/ AP \/ NTB\"\/><\/p>\n<p class=\"\">Far og datter: Jean-Marie Le Pen grunnla det franske ytre-h\u00f8yre partiet datteren senere tok over styringen over.<\/p>\n<p>Foto: Jacques Brinon \/ AP \/ NTB<\/p>\n<p>Kan ikke stille<\/p>\n<p>Marine Le Pen ble ogs\u00e5 frad\u00f8mt retten til \u00e5 stille til valg i fem \u00e5r.<\/p>\n<p>Det er dette siste Le Pen og hennes st\u00f8ttespillere h\u00e5per mest p\u00e5 skal bli opphevet i ankedomstolen.<\/p>\n<p>Saken skal vare rundt fem uker. Det er ventet dom f\u00f8r sommeren. Da vil Le Pen eventuelt f\u00e5 tid til \u00e5 stille i presidentvalget.<\/p>\n<p>Demokratisk?<\/p>\n<p>B\u00f8r den som ligger an til \u00e5 bli president bli fratatt retten til \u00e5 stille?<\/p>\n<p>Sp\u00f8rsm\u00e5let blir debattert i Frankrike. Flere ogs\u00e5 i de etablerte partene mener det er uheldig for demokratiet.<\/p>\n<p>Under ligger ogs\u00e5 en frykt i etablerte partier om at saken bare skal styrke Nasjonal samling. Ironisk nok st\u00f8ttet Marine Le Pen i sin tid \u00e5 innf\u00f8re loven der noen kan bli fratatt valgbarheten.<\/p>\n<p>Le Pen gikk til og med inn for at kandidater kunne bli utestengt p\u00e5 livstid. N\u00e5 blir hun innhentet av egne regler.<\/p>\n<p>De usynlige<\/p>\n<p>Mange har lurt p\u00e5 hvordan Le Pens kjernevelgere ville ta saken. Mange av velgerne hennes er imot elitene, det er de som ikke har s\u00e5 mye, ofte kalt de usynlige i fransk politikk.<\/p>\n<p>Alt tyder p\u00e5 at Le Pen og Nasjonal samling ikke er svekket saken. De har derimot styrket seg og har p\u00e5 flere m\u00e5linger hatt over 30 prosent oppslutning.<\/p>\n<p>Partiet ligger an til \u00e5 vinne stort i lokalvalget i mars. Flere peker p\u00e5 at partiet tjener p\u00e5 den politiske krisen i Frankrike.<\/p>\n<p>Nasjonal samling har dessuten moderert seg for \u00e5 n\u00e5 flere, mener mange eksperter. De er fortsatt et parti p\u00e5 ytre h\u00f8yre, men ikke s\u00e5 langt ute som partiet Jean-Marie Le Pen ledet.<\/p>\n<p>Le Pen svarer<\/p>\n<p>Le Pen og hennes st\u00f8ttespillere har kalt rettsprosessen politisk motivert. Domstoler, medier og kontrollorganer fremstilles som deler av en konspirasjon mot \u00abfolket\u00bb.<\/p>\n<p>Hun sier ogs\u00e5 at ingen har skodd seg personlig p\u00e5 pengebruken.<\/p>\n<p>St\u00f8tten har ogs\u00e5 kommet utenfra. B\u00e5de fra Vladimir Putin, Donald Trump og typiske h\u00f8yrenasjonalister som Geert Wilders i Nederland.<\/p>\n<p><img decoding=\"async\"   src=\"data:image\/gif;base64,R0lGODlhAQABAIAAAAAAAP\/\/\/yH5BAEAAAAALAAAAAABAAEAAAIBRAA7\" loading=\"eager\" alt=\"To personer sitter ved et bord i et rom med elegante detaljer. Den ene personen er kledd i m\u00f8rk dress, mens den andre har p\u00e5 seg en svart dress. Begge ser mot hverandre over bordet, som har en blomsterbukett og kopp med noe i. Rommet er preget av lyse farger og stor vindu med gardiner. (Bildebeskrivelsen er laget av en KI-tjeneste)\" title=\"Foto: MIKHAIL KLIMENTYEV \/ AFP \/ NTB\"\/><\/p>\n<p class=\"\">Marine Le Pen i m\u00f8te med russlands president Vladimir Putin i Moskva 2017.<\/p>\n<p>Foto: MIKHAIL KLIMENTYEV \/ AFP \/ NTB<\/p>\n<p>Flere har stilt sp\u00f8rsm\u00e5l ved Le Pens forhold til s\u00e6rlig Putin. Hun bes\u00f8kte ham i Kreml. Partiet hennes fikk l\u00e5n i en russisk bank. Men etter Putins invasjon i Ukraina, har Le Pen fors\u00f8kt \u00e5 holde avstand<\/p>\n<p>Hun fors\u00f8ker ogs\u00e5 \u00e5 holde avstand til Trump, selv om han st\u00f8tter henne i rettssaken. Den nedarvede skepsisen til USA st\u00e5r sterkt i Frankrike.<\/p>\n<p>Men Trump har i kjent stil kalt saken mot Le Pen \u00abheksejakt\u00bb.<\/p>\n<p><img decoding=\"async\"   src=\"data:image\/gif;base64,R0lGODlhAQABAIAAAAAAAP\/\/\/yH5BAEAAAAALAAAAAABAAEAAAIBRAA7\" loading=\"eager\" alt=\"En kvinne st\u00e5r foran et stort antall journalister og kameraer i et rom. Hun er flankert av en mann til venstre og en annen til h\u00f8yre, begge if\u00f8rt formelle kl\u00e6r. Flere mikrofoner strekker seg mot henne fra forskjellige retninger, noe som tyder p\u00e5 at hun er i fokus for mediedekning. Bakgrunnen viser et offentlig rom, trolig en bygning knyttet til politisk aktivitet eller pressekonferanse. (Bildebeskrivelsen er laget av en KI-tjeneste)\" title=\"Foto: ALAIN JOCARD \/ AFP \/ NTB\"\/><\/p>\n<p class=\"\">Marine Le Pen svarer ut sp\u00f8rsm\u00e5l fra pressen etter at hun og en rekke andre partitopper ble anklaget for \u00e5 undersl\u00e5 midler til europaparlamentet.<\/p>\n<p>Foto: ALAIN JOCARD \/ AFP \/ NTB<\/p>\n<p>Den sterke kronprinsen<\/p>\n<p>Rettssaken har satt fart i spekulasjonene om hvem som skal stille i presidentvalget i stedet for Le Pen.<\/p>\n<p>Den soleklare kandidaten er partilederen Jordan Bardella.<\/p>\n<p>Flere mener Bardella har vokst med fokuset. Hos mange velgere er han til og med mer popul\u00e6r enn Le Pen.<\/p>\n<p>En oppsiktsvekkende m\u00e5ling f\u00f8r jul viste at unge Bardella kan vinne presidentvalget. Ikke bare i f\u00f8rste runde, men ogs\u00e5 i den avgj\u00f8rende runde nummer to, der bare to kandidater gjenst\u00e5r<\/p>\n<p><img decoding=\"async\"   src=\"data:image\/gif;base64,R0lGODlhAQABAIAAAAAAAP\/\/\/yH5BAEAAAAALAAAAAABAAEAAAIBRAA7\" loading=\"eager\" alt=\"To personer st\u00e5r p\u00e5 scenen med hevede hender, mens de holder hender. Begge er kledd i formelle kl\u00e6r; en kvinne i svart dressjakke og en mann i m\u00f8rk drakt med slips. Publikum kan sees i forgrunnen, delvis skjult av mobiltelefoner som fanges mens de tar bilder. Bakgrunnen viser et logo og en scene med dype farger, som gir kontekst til arrangementet. (Bildebeskrivelsen er laget av en KI-tjeneste)\" title=\"Foto: Lewis Joly \/ AP \/ NTB\"\/><\/p>\n<p class=\"\">Marine Le Pen feirer med en nyvalgt partileder i Nasjonal Samling, Jordan Bardella, i november 2022.<\/p>\n<p>Foto: Lewis Joly \/ AP \/ NTB<\/p>\n<p>Nasjonal samling kan alts\u00e5 ta den historiske seieren uten Marine Le Pen.<\/p>\n<p>Det er mye \u00e5 kjempe for n\u00e5r Le Pen m\u00f8ter i Palais de Justice de Paris.<\/p>\n<p><img decoding=\"async\"   src=\"data:image\/gif;base64,R0lGODlhAQABAIAAAAAAAP\/\/\/yH5BAEAAAAALAAAAAABAAEAAAIBRAA7\" loading=\"eager\" alt=\"Bildet viser en stor, gr\u00e5 inngjerding foran en arkitektonisk bygning med detaljer i gotisk stil. Flere mennesker g\u00e5r forbi inngjerdingen, mens noen st\u00e5r stille og ser mot bygningen. Det er bl\u00e5 himmel og en tydelig solopplysning som gir et klart lys over scenen. Bygningens h\u00f8yde og intrikate detaljer er sentrale elementer i komposisjonen. (Bildebeskrivelsen er laget av en KI-tjeneste)\" title=\"Foto: MARTIN LELIEVRE \/ AFP \/ NTB\"\/><\/p>\n<p class=\"\">Rettsbygningen i Paris, Palais de Justice, f\u00f8r ankesaken mot Marine Le Pen satte i gang.<\/p>\n<p>Foto: MARTIN LELIEVRE \/ AFP \/ NTB<\/p>\n<p>Interessert i mer stoff fra utenriks? H\u00f8r redaksjonens nyeste podkast:<\/p>\n<p>Publisert<\/p>\n<p>13.01.2026, kl. 14.11<\/p>\n<p>Oppdatert<\/p>\n<p>13.01.2026, kl. 15.22<\/p>\n","protected":false},"excerpt":{"rendered":"Det er dr\u00f8mmen som kan bli knust. Marine Le Pen fra Nasjonal samling ble nummer to i presidentvalget&hellip;\n","protected":false},"author":2,"featured_media":135870,"comment_status":"","ping_status":"","sticky":false,"template":"","format":"standard","meta":{"footnotes":""},"categories":[12],"tags":[20,21,24,25,15,22,23,13,30,28,29,14,16,26,27,42,43,44,45],"class_list":{"0":"post-135869","1":"post","2":"type-post","3":"status-publish","4":"format-standard","5":"has-post-thumbnail","7":"category-verden","8":"tag-breaking-news","9":"tag-breakingnews","10":"tag-featured-news","11":"tag-featurednews","12":"tag-headlines","13":"tag-latest-news","14":"tag-latestnews","15":"tag-news","16":"tag-no","17":"tag-norge","18":"tag-norway","19":"tag-nyheter","20":"tag-overskrifter","21":"tag-top-stories","22":"tag-topstories","23":"tag-verden","24":"tag-world","25":"tag-world-news","26":"tag-worldnews"},"share_on_mastodon":{"url":"https:\/\/pubeurope.com\/@no\/115888572555190688","error":""},"_links":{"self":[{"href":"https:\/\/www.europesays.com\/no\/wp-json\/wp\/v2\/posts\/135869","targetHints":{"allow":["GET"]}}],"collection":[{"href":"https:\/\/www.europesays.com\/no\/wp-json\/wp\/v2\/posts"}],"about":[{"href":"https:\/\/www.europesays.com\/no\/wp-json\/wp\/v2\/types\/post"}],"author":[{"embeddable":true,"href":"https:\/\/www.europesays.com\/no\/wp-json\/wp\/v2\/users\/2"}],"replies":[{"embeddable":true,"href":"https:\/\/www.europesays.com\/no\/wp-json\/wp\/v2\/comments?post=135869"}],"version-history":[{"count":0,"href":"https:\/\/www.europesays.com\/no\/wp-json\/wp\/v2\/posts\/135869\/revisions"}],"wp:featuredmedia":[{"embeddable":true,"href":"https:\/\/www.europesays.com\/no\/wp-json\/wp\/v2\/media\/135870"}],"wp:attachment":[{"href":"https:\/\/www.europesays.com\/no\/wp-json\/wp\/v2\/media?parent=135869"}],"wp:term":[{"taxonomy":"category","embeddable":true,"href":"https:\/\/www.europesays.com\/no\/wp-json\/wp\/v2\/categories?post=135869"},{"taxonomy":"post_tag","embeddable":true,"href":"https:\/\/www.europesays.com\/no\/wp-json\/wp\/v2\/tags?post=135869"}],"curies":[{"name":"wp","href":"https:\/\/api.w.org\/{rel}","templated":true}]}}