{"id":135879,"date":"2026-01-13T15:52:07","date_gmt":"2026-01-13T15:52:07","guid":{"rendered":"https:\/\/www.europesays.com\/no\/135879\/"},"modified":"2026-01-13T15:52:07","modified_gmt":"2026-01-13T15:52:07","slug":"oljeprisen-stiger-bratt-etter-trump-utspill-e24","status":"publish","type":"post","link":"https:\/\/www.europesays.com\/no\/135879\/","title":{"rendered":"Oljeprisen stiger br\u00e5tt etter Trump-utspill \u2013 E24"},"content":{"rendered":"<p class=\"fullWidthDesktop hyperion-css-71ztg2\" data-test-tag=\"lead-text\">\u00d8kt spenning mellom USA og Iran sender oljeprisen opp. <\/p>\n<p><img decoding=\"async\" class=\"image-asset hyperion-css-1m7o94b\" data-test-tag=\"image-asset\" src=\"https:\/\/www.europesays.com\/no\/wp-content\/uploads\/2026\/01\/29139bfb-7b1b-489b-8c66-d16268dca552.jpeg\"  alt=\"\"  loading=\"eager\" fetchpriority=\"high\" style=\"aspect-ratio:1900 \/ 1069\"\/> Foto: Kevin Lamarque \/ Reuters \/ NTBPublisert: <\/p>\n<p>For mindre enn 20 minutter siden<\/p>\n<p>Oppdatert n\u00e5 nettopp<\/p>\n<ul class=\"hyperion-css-pte5x0\">\n<li aria-label=\"link\" class=\"narrow-button hyperion-css-1sz7d3n\">Kopier lenke<\/li>\n<li aria-label=\"link\" class=\"wide-button hyperion-css-1sz7d3n\">Kopier lenke<\/li>\n<li aria-label=\"facebook\" class=\"narrow-button hyperion-css-1sz7d3n\">Del p\u00e5 Facebook<\/li>\n<li aria-label=\"facebook\" class=\"wide-button hyperion-css-1sz7d3n\">Del p\u00e5 Facebook<\/li>\n<li aria-label=\"email\" class=\"narrow-button hyperion-css-1sz7d3n\">Del med e-post<\/li>\n<li aria-label=\"email\" class=\"wide-button hyperion-css-1sz7d3n\">Del med e-post<\/li>\n<\/ul>\n<p class=\"hyperion-css-1lemvax\">Saken oppdateres<\/p>\n<p class=\"hyperion-css-1lemvax\">P\u00e5 Truth Social varslet Trump i <a data-test-tag=\"internal-link\" href=\"https:\/\/e24.no\/internasjonal-oekonomi\/i\/V6qx76\/trump-varsler-25-prosent-straffetoll-mot-land-som-handler-med-iran\" class=\"hyperion-css-1rezu2g\" rel=\"nofollow noopener\" target=\"\" aria-label=\"g\u00e5r kveld\">g\u00e5r kveld<\/a> at USA vil innf\u00f8re 25 prosent straffetoll mot land som handler med Iran. <\/p>\n<p class=\"hyperion-css-1lemvax\">I dag kom han med ny post p\u00e5 sitt sosiale medium hvor han oppfordrer alle iranere til \u00e5 fortsette protestene i landet. Presidenten skriver ogs\u00e5 at \u00abhjelp er p\u00e5 vei\u00bb. Samtidig meldte han at alle m\u00f8ter med iranske myndigheter er avlyst. <\/p>\n<p class=\"hyperion-css-1lemvax\">Prisen p\u00e5 nordsj\u00f8olje ligger n\u00e5 p\u00e5 65,59 dollar per fat. F\u00f8r Trump-meldingen var prisen p\u00e5 64,99 dollar. Siden midnatt er prisen opp om lag 2,1 prosent. <\/p>\n<p><a data-test-tag=\"teaser-small:link-internal\" href=\"https:\/\/e24.no\/boers-og-finans\/i\/16nLqQ\/uenige-om-oljeutsiktene-aa-gaa-long-energi-det-begynner-naa\" class=\"imagePosition-top inline hyperion-css-6238vu\" rel=\"nofollow noopener\" target=\"\" aria-label=\"Uenige om oljeutsiktene: \u2013 \u00c5 g\u00e5 long energi, det begynner n\u00e5\"><\/p>\n<p>Les p\u00e5 E24+<\/p>\n<p>Uenige om oljeutsiktene: \u2013 \u00c5 g\u00e5 long energi, det begynner n\u00e5<\/p>\n<p><\/a><\/p>\n<p class=\"hyperion-css-1lemvax\"><a aria-label=\"VG skriver\" class=\"default hyperion-css-1rezu2g\" href=\"https:\/\/www.vg.no\/nyheter\/i\/Rj99kd\/demonstrasjonene-i-iran-en-reell-utfordring-for-regimet\" rel=\"noopener nofollow noreferrer\" data-test-tag=\"external-link\" target=\"_blank\">VG skriver<\/a> at <a aria-label=\"minst 512 personer har blitt drept\" class=\"default hyperion-css-1rezu2g\" href=\"https:\/\/www.vg.no\/nyheter\/i\/7pK6J9\/trump-vurderer-militaerangrep-mot-iran\" rel=\"noopener nofollow noreferrer\" data-test-tag=\"external-link\" target=\"_blank\">minst 512 personer har blitt drept<\/a> siden protestene startet 28. desember. Over 10.600 personer skal v\u00e6re p\u00e5grepet. Det faktiske antallet kan v\u00e6re langt h\u00f8yere. Trump <a aria-label=\"har truet\" class=\"default hyperion-css-1rezu2g\" href=\"https:\/\/www.vg.no\/nyheter\/i\/7pK6J9\/trump-vurderer-militaerangrep-mot-iran\" rel=\"noopener nofollow noreferrer\" data-test-tag=\"external-link\" target=\"_blank\">har truet<\/a> med \u00e5 ta milit\u00e6re grep mot ikke-milit\u00e6re m\u00e5l i Iran dersom situasjonen ikke bedrer seg.<\/p>\n<p class=\"hyperion-css-1lemvax\">Iran er en viktig oljeprodusent, og nye sanksjoner eller handelsrestriksjoner kan p\u00e5virke landets eksport av r\u00e5olje.<\/p>\n<p class=\"hyperion-css-1lemvax\">\u2013 Luftangrep er en av mange, mange muligheter som er p\u00e5 bordet, men diplomati er alltid presidentens f\u00f8rstevalg, sa president Trumps pressetalskvinne Karoline Leavitt mandag, <a aria-label=\"if\u00f8lge New York Times\" class=\"default hyperion-css-1rezu2g\" href=\"https:\/\/www.nytimes.com\/2026\/01\/12\/us\/politics\/trump-iran-options-diplomacy-strikes.html\" rel=\"noopener nofollow noreferrer\" data-test-tag=\"external-link\" target=\"_blank\">if\u00f8lge New York Times<\/a>.<\/p>\n<p class=\"hyperion-css-1lemvax\">If\u00f8lge avisens ikke navgitte kilder utforsker Trump mulighetene for en diplomatisk l\u00f8sning, selv om han ogs\u00e5 skal vurdere angrep mot Iran for \u00e5 stanse drap p\u00e5 flere demonstranter.<\/p>\n<p class=\"hyperion-css-1lemvax\">Protestene springer ut fra en svak \u00f8konomi, med en valuta som har svekket seg kraftig den siste tiden.<\/p>\n","protected":false},"excerpt":{"rendered":"\u00d8kt spenning mellom USA og Iran sender oljeprisen opp. Foto: Kevin Lamarque \/ Reuters \/ NTBPublisert: For mindre&hellip;\n","protected":false},"author":2,"featured_media":135880,"comment_status":"","ping_status":"","sticky":false,"template":"","format":"standard","meta":{"footnotes":""},"categories":[56],"tags":[60,61,62,30,28,29],"class_list":{"0":"post-135879","1":"post","2":"type-post","3":"status-publish","4":"format-standard","5":"has-post-thumbnail","7":"category-naeringsliv","8":"tag-business","9":"tag-economy","10":"tag-naeringsliv","11":"tag-no","12":"tag-norge","13":"tag-norway"},"share_on_mastodon":{"url":"https:\/\/pubeurope.com\/@no\/115888596210805161","error":""},"_links":{"self":[{"href":"https:\/\/www.europesays.com\/no\/wp-json\/wp\/v2\/posts\/135879","targetHints":{"allow":["GET"]}}],"collection":[{"href":"https:\/\/www.europesays.com\/no\/wp-json\/wp\/v2\/posts"}],"about":[{"href":"https:\/\/www.europesays.com\/no\/wp-json\/wp\/v2\/types\/post"}],"author":[{"embeddable":true,"href":"https:\/\/www.europesays.com\/no\/wp-json\/wp\/v2\/users\/2"}],"replies":[{"embeddable":true,"href":"https:\/\/www.europesays.com\/no\/wp-json\/wp\/v2\/comments?post=135879"}],"version-history":[{"count":0,"href":"https:\/\/www.europesays.com\/no\/wp-json\/wp\/v2\/posts\/135879\/revisions"}],"wp:featuredmedia":[{"embeddable":true,"href":"https:\/\/www.europesays.com\/no\/wp-json\/wp\/v2\/media\/135880"}],"wp:attachment":[{"href":"https:\/\/www.europesays.com\/no\/wp-json\/wp\/v2\/media?parent=135879"}],"wp:term":[{"taxonomy":"category","embeddable":true,"href":"https:\/\/www.europesays.com\/no\/wp-json\/wp\/v2\/categories?post=135879"},{"taxonomy":"post_tag","embeddable":true,"href":"https:\/\/www.europesays.com\/no\/wp-json\/wp\/v2\/tags?post=135879"}],"curies":[{"name":"wp","href":"https:\/\/api.w.org\/{rel}","templated":true}]}}