{"id":135881,"date":"2026-01-13T15:53:15","date_gmt":"2026-01-13T15:53:15","guid":{"rendered":"https:\/\/www.europesays.com\/no\/135881\/"},"modified":"2026-01-13T15:53:15","modified_gmt":"2026-01-13T15:53:15","slug":"mister-talmodigheten-med-bondi","status":"publish","type":"post","link":"https:\/\/www.europesays.com\/no\/135881\/","title":{"rendered":"Mister t\u00e5lmodigheten med Bondi"},"content":{"rendered":"<p class=\"kicker \" style=\"\">WSJ:<\/p>\n<p>    President Donald Trump skal den siste tida ha uttrykt sterk misn\u00f8ye med justisminister Pam Bondi, if\u00f8lge Wall Street Journal.<\/p>\n<p>\n    GODE VENNER?: If\u00f8lge kilder har Donald Trump sett seg lei av justisminister Pam Bondi. Foto: AP \/ NTB\n  <\/p>\n<p>If\u00f8lge flere kilder i Det hvite hus beskriver Trump justisministeren som \u00absvak\u00bb og \u00ablite handlekraftig\u00bb &#8211; og mener hun ikke gj\u00f8r nok for \u00e5 f\u00f8lge opp hans politiske \u00f8nsker.<\/p>\n<p>Det hevder kilder til avisa <a href=\"https:\/\/www.wsj.com\/politics\/policy\/trump-has-complained-about-pam-bondi-repeatedly-to-aides-fd424df3\" rel=\"nofollow noopener\" target=\"_blank\">The Wall Street Journal<\/a>.<\/p>\n<p>    <a itemprop=\"url\" href=\"https:\/\/www.dagbladet.no\/nyheter\/har-gatt-for-langt\/84090915\" rel=\"nofollow noopener\" target=\"_blank\"><\/p>\n<p>        <img loading=\"lazy\" decoding=\"async\" src=\"https:\/\/www.europesays.com\/no\/wp-content\/uploads\/2026\/01\/84090929.webp.webp\" width=\"980\" height=\"441\" title=\"- Har g\u00e5tt for langt\" alt=\"\" class=\"lazyload\" style=\"--aspect-ratio-image: 2.22; \"\/><\/p>\n<p>        &#8211; Har g\u00e5tt for langt<\/p>\n<p>    <\/a><\/p>\n<p>Ikke forn\u00f8yd\t<\/p>\n<p>Trump skal ha uttrykt frustrasjon over at Justisdepartementet, under Bondis ledelse, ikke har g\u00e5tt raskt nok fram i saker som gjelder hans gamle fiender &#8211; blant dem tidligere FBI-sjef James Comey og New Yorks demokratiske justisminister Letitia James.<\/p>\n<p>If\u00f8lge anonyme kilder som avisa har snakket med, skal presidenten ha vurdert \u00e5 opprette egne spesialetterforskere for \u00e5 f\u00e5 fart p\u00e5 sakene.<\/p>\n<p class=\"font-weight-bold m-font-weight-bold\" data-lab-font_weight=\"font-weight-bold\">Han skal ogs\u00e5 ha irritert seg over Bondis h\u00e5ndtering av de mye omtalte Jeffrey Epstein-dokumentene, som har skapt politisk hodebry for Det hvite hus.<\/p>\n<p>Da Trumps stabssjef Susie Wiles i et intervju med\u00a0Vanity Fair\u00a0sa at Bondi \u00abbommet\u00bb i h\u00e5ndteringen av Epstein-filene, skal Trump ha sagt seg enig, if\u00f8lge\u00a0Wall Street Journal.<\/p>\n<p>    <a itemprop=\"url\" href=\"https:\/\/www.dagbladet.no\/nyheter\/slipper-epstein-dokumenter\/84012952\" rel=\"nofollow noopener\" target=\"_blank\"><\/p>\n<p>        <img loading=\"lazy\" decoding=\"async\" src=\"https:\/\/www.europesays.com\/no\/wp-content\/uploads\/2026\/01\/83961003.webp.webp\" width=\"980\" height=\"441\" title=\"Slipper Epstein-dokumenter\" alt=\"\" class=\"lazyload\" style=\"--aspect-ratio-image: 2.22; \"\/><\/p>\n<p>        Slipper Epstein-dokumenter<\/p>\n<p>    <\/a><\/p>\n<p>&#8211; Bl\u00f8r st\u00f8tte\t<\/p>\n<p>Offisielt hyller Trump fortsatt Bondi. I en uttalelse fredag sa han at hun \u00abgj\u00f8r en fantastisk jobb\u00bb og at hun har v\u00e6rt \u00aben god venn i mange \u00e5r\u00bb.\u00a0<\/p>\n<p>Ogs\u00e5 visepresident JD Vance og utenriksminister Marco Rubio har sendt ut st\u00f8tteerkl\u00e6ringer. Bak kulissene skal tonen likevel v\u00e6re langt kj\u00f8ligere.\u00a0<\/p>\n<p>        <img loading=\"lazy\" decoding=\"async\" src=\"https:\/\/www.europesays.com\/no\/wp-content\/uploads\/2026\/01\/84090967.webp.webp\" width=\"667\" height=\"381\" title=\"ST\u00d8TTESPILLER: Bondi, som tidligere var en av Trumps personlige advokater, ble utnevnt til justisminister i februar i fjor. Foto: REUTERS\/Jessica Koscielniak\/File Photo\" alt=\"\" class=\"\" style=\"--aspect-ratio-image: 1.75; \"\/><\/p>\n<p>\n        ST\u00d8TTESPILLER: Bondi, som tidligere var en av Trumps personlige advokater, ble utnevnt til justisminister i februar i fjor. Foto: REUTERS\/Jessica Koscielniak\/File Photo\n    <\/p>\n<p>Flere av Trumps st\u00f8ttespillere i den s\u00e5kalte MAGA-bevegelsen mener ogs\u00e5 at Bondi ikke leverer, og Trumps tidligere r\u00e5dgiver Steve Bannon hevder hun \u00abbl\u00f8r st\u00f8tte\u00bb blant de mest lojale velgerne.<\/p>\n<p>&#8211; Folk er desperate etter handling, og det har de rett og slett ikke sett noe av, sier Bannon, og kommer med en liste over temaer som presidentens st\u00f8ttespillere \u00f8nsker at hun skal ta opp.<\/p>\n<p>    <a itemprop=\"url\" href=\"https:\/\/www.dagbladet.no\/meninger\/fasaden-sprekker\/83999780\" rel=\"nofollow noopener\" target=\"_blank\"><\/p>\n<p>        <img loading=\"lazy\" decoding=\"async\" src=\"https:\/\/www.europesays.com\/no\/wp-content\/uploads\/2026\/01\/1768319595_313_83993800.webp.webp\" width=\"980\" height=\"441\" title=\"Fasaden sprekker\" alt=\"\" class=\"lazyload\" style=\"--aspect-ratio-image: 2.22; \"\/><\/p>\n<p>        Fasaden sprekker<\/p>\n<p>    <\/a><\/p>\n<p>Den inkluderer blant annet mer etterforskning av presidentvalget i 2020 da Joe Biden gikk av med seieren.<\/p>\n","protected":false},"excerpt":{"rendered":"WSJ: President Donald Trump skal den siste tida ha uttrykt sterk misn\u00f8ye med justisminister Pam Bondi, if\u00f8lge Wall&hellip;\n","protected":false},"author":2,"featured_media":135882,"comment_status":"","ping_status":"","sticky":false,"template":"","format":"standard","meta":{"footnotes":""},"categories":[12],"tags":[20,21,55,24,25,15,22,23,13,30,28,29,14,16,4220,26,27,50,412,42,43,44,45],"class_list":{"0":"post-135881","1":"post","2":"type-post","3":"status-publish","4":"format-standard","5":"has-post-thumbnail","7":"category-verden","8":"tag-breaking-news","9":"tag-breakingnews","10":"tag-donald-trump","11":"tag-featured-news","12":"tag-featurednews","13":"tag-headlines","14":"tag-latest-news","15":"tag-latestnews","16":"tag-news","17":"tag-no","18":"tag-norge","19":"tag-norway","20":"tag-nyheter","21":"tag-overskrifter","22":"tag-pam-bondi","23":"tag-top-stories","24":"tag-topstories","25":"tag-usa","26":"tag-utenriks","27":"tag-verden","28":"tag-world","29":"tag-world-news","30":"tag-worldnews"},"share_on_mastodon":{"url":"https:\/\/pubeurope.com\/@no\/115888600136789701","error":""},"_links":{"self":[{"href":"https:\/\/www.europesays.com\/no\/wp-json\/wp\/v2\/posts\/135881","targetHints":{"allow":["GET"]}}],"collection":[{"href":"https:\/\/www.europesays.com\/no\/wp-json\/wp\/v2\/posts"}],"about":[{"href":"https:\/\/www.europesays.com\/no\/wp-json\/wp\/v2\/types\/post"}],"author":[{"embeddable":true,"href":"https:\/\/www.europesays.com\/no\/wp-json\/wp\/v2\/users\/2"}],"replies":[{"embeddable":true,"href":"https:\/\/www.europesays.com\/no\/wp-json\/wp\/v2\/comments?post=135881"}],"version-history":[{"count":0,"href":"https:\/\/www.europesays.com\/no\/wp-json\/wp\/v2\/posts\/135881\/revisions"}],"wp:featuredmedia":[{"embeddable":true,"href":"https:\/\/www.europesays.com\/no\/wp-json\/wp\/v2\/media\/135882"}],"wp:attachment":[{"href":"https:\/\/www.europesays.com\/no\/wp-json\/wp\/v2\/media?parent=135881"}],"wp:term":[{"taxonomy":"category","embeddable":true,"href":"https:\/\/www.europesays.com\/no\/wp-json\/wp\/v2\/categories?post=135881"},{"taxonomy":"post_tag","embeddable":true,"href":"https:\/\/www.europesays.com\/no\/wp-json\/wp\/v2\/tags?post=135881"}],"curies":[{"name":"wp","href":"https:\/\/api.w.org\/{rel}","templated":true}]}}