{"id":135883,"date":"2026-01-13T15:54:07","date_gmt":"2026-01-13T15:54:07","guid":{"rendered":"https:\/\/www.europesays.com\/no\/135883\/"},"modified":"2026-01-13T15:54:07","modified_gmt":"2026-01-13T15:54:07","slug":"slik-frisker-du-opp-klaer-og-tepper-i-snoen","status":"publish","type":"post","link":"https:\/\/www.europesays.com\/no\/135883\/","title":{"rendered":"Slik frisker du opp kl\u00e6r og tepper i sn\u00f8en"},"content":{"rendered":"<p class=\"extendedContent hyperion-css-eyn926\" data-test-tag=\"lead-text\">To ting avgj\u00f8r om det blir vellykket.<\/p>\n<p>Publisert: 13.01.2026 16:00<\/p>\n<p class=\"paywall hyperion-css-1j42uic\">Dette kan v\u00e6re en fin m\u00e5te \u00e5 friske opp tekstiler p\u00e5, mener forsker ved Sifo p\u00e5 Oslo Met, Ingunn Grimstad Klepp.<\/p>\n<p class=\"paywall hyperion-css-1j42uic\">\u2013 Det er veldig positivt \u00e5 bruke naturen til praktiske ting, og b\u00e5de det ene og det andre kan ha godt av \u00e5 rulle seg litt i sn\u00f8en.<\/p>\n<p class=\"paywall hyperion-css-1j42uic\">Her er r\u00e5dene hennes til hvordan du kan bruke sn\u00f8 og kulde til \u00e5 friske opp kl\u00e6r og tekstiler \u2013 og n\u00e5r du b\u00f8r velge vanlig vask. <\/p>\n<p class=\"paywall hyperion-css-1j42uic\"><strong>Har du pr\u00f8vd \u00e5 legge kl\u00e6r eller tekstiler i sn\u00f8en? Stem nederst i saken!<\/strong><\/p>\n<p><img decoding=\"async\" class=\"image-asset hyperion-css-n6kkq1\" data-test-tag=\"image-asset\" src=\"https:\/\/www.europesays.com\/no\/wp-content\/uploads\/2026\/01\/9f4f162d-ecb9-4451-9bf3-fa50e9daa844.jpeg\"  alt=\"\"  fetchpriority=\"auto\" style=\"aspect-ratio:2048 \/ 1366\"\/>Eksperten:<\/p>\n<p class=\"hyperion-css-1j42uic\">Ingun Grimstad Klepp jobber som forsker ved SIFO p\u00e5 Oslo Met. Hun har skrevet flere b\u00f8ker om kl\u00e6r, i samarbeid med Tone Sk\u00e5rdal Tobiasson, blant dem \u00abLettstelt \u2013 Rene kl\u00e6r med lite arbeid og milj\u00f8belastning\u00bb. <\/p>\n<p class=\"hyperion-css-1j42uic\">Foto: Ruben Gr\u00f8ndahl Utaker \/ Aftenposten<\/p>\n<p>1. Hva skjer egentlig ved \u00absn\u00f8vask\u00bb?<\/p>\n<p class=\"paywall hyperion-css-1j42uic\">\u2013 Sn\u00f8 er i praksis en m\u00e5te \u00e5 f\u00e5 tekstiler ganske rene uten vann, ved \u00e5 bruke sn\u00f8 som et gratis hjelpemiddel. Poenget er \u00e5 f\u00e5 l\u00f8snet og trukket ut skitt fra tekstilen og s\u00e5 fjerne b\u00e5de sn\u00f8 og smuss etterp\u00e5 med god banking og b\u00f8rsting f\u00f8r du tar det inn<\/p>\n<p>2. Hva kan sn\u00f8 faktisk fjerne \u2013 og hva kan den ikke fjerne?<\/p>\n<p class=\"paywall hyperion-css-1j42uic\">\u2013 Sn\u00f8 er best p\u00e5 det som er l\u00f8st og som kan trekkes ut eller bankes av \u2013 typisk skitt i overflaten, st\u00f8v og rusk. Det erstatter ikke vannvask n\u00e5r man trenger grundig rensing, eller n\u00e5r smusset sitter som mer inngrodd skitt.<\/p>\n<p>3. Er det forskjell p\u00e5 t\u00f8rr puddersn\u00f8 og v\u00e5t kram sn\u00f8?<\/p>\n<p class=\"paywall hyperion-css-1j42uic\">\u2013 Ja. Fuktig nysn\u00f8 er best til sn\u00f8metoden, fordi fuktigheten kan trekke ut skitt. Sn\u00f8 er mest effektiv n\u00e5r den nettopp ikke er for kald.<\/p>\n<p>4. Hvor lenge b\u00f8r plagget\/tekstilene ligge i sn\u00f8en for \u00e5 ha effekt?<\/p>\n<p class=\"paywall hyperion-css-1j42uic\">\u2013 For sn\u00f8metoden er det mindre et sp\u00f8rsm\u00e5l om liggetid og mer om fremgangsm\u00e5te: Dra tekstilen gjennom fuktig nysn\u00f8 p\u00e5 begge sider, og bank og b\u00f8rst sn\u00f8en grundig av f\u00f8r du tar den inn. Er tekstilen fuktig etterp\u00e5, m\u00e5 den ettert\u00f8rke.<\/p>\n<p class=\"paywall hyperion-css-1j42uic\">\u2013 Ved frysing er tiden viktigere, fordi tekstilene m\u00e5 fryse helt gjennom. I museer og andre institusjoner som er s\u00e6rlig opptatt av sm\u00e5kryp, gjentas frysebehandling for \u00e5 redusere risikoen for at egg overlever.<\/p>\n<p>5. Hvilke fibertyper og plagg egner seg best?<\/p>\n<p class=\"paywall hyperion-css-1j42uic\">\u2013 Metoden fungerer s\u00e6rlig godt for tekstiler som er vanskelige \u00e5 rengj\u00f8re p\u00e5 andre m\u00e5ter, og kan i mange tilfeller erstatte rens mer enn vanlig vask. Kulde egner seg for dyner og andre fylte tekstiler, mens sn\u00f8 egner seg best for tyngre tepper og st\u00f8rre tekstiler som t\u00e5ler \u00e5 dras gjennom sn\u00f8en og bankes etterp\u00e5. <\/p>\n<p class=\"paywall hyperion-css-1j42uic\">\u2013 For kl\u00e6r handler det ofte om vedlikehold av tyngre plagg \u2013 som k\u00e5per og jakker \u2013 der lufting, b\u00f8rsting og banking kan holde dem pene og friske uten hyppig vask. Ull kan ofte friskes opp ved lufting n\u00e5r det gjelder lukt; da virker gjerne fuktig luft best, mer enn lav temperatur i seg selv.<\/p>\n<p>6. Er det trygt \u00e5 sn\u00f8vaske i \u00abbysn\u00f8\u00bb \u2013 eller kan forurensning sette seg i plaggene?<\/p>\n<p class=\"paywall hyperion-css-1j42uic\">\u2013 Nysn\u00f8 er som regel ren, men det finnes unntak: ved mye eksos, eller n\u00e5r sn\u00f8en er blitt gr\u00e5. Da b\u00f8r man v\u00e6re mer forsiktig med hvor man legger tekstilene. Allergikere m\u00e5 ogs\u00e5 v\u00e6re ekstra oppmerksomme i pollensesongenpollensesongenPollensesongen i Norge starter som regel i februar, og de f\u00f8rste treslagene er or og hassel.. Utover slike unntak er b\u00e5de sn\u00f8 og kulde trygge og \u00abrene\u00bb metoder, blant annet fordi du unng\u00e5r vaskemidler og kjemikalier som kan irritere.<\/p>\n<p>7. Hva kan g\u00e5 galt?<\/p>\n<p class=\"paywall hyperion-css-1j42uic\">\u2013 Har tekstilene v\u00e6rt i fuktig sn\u00f8 eller fuktig luft, m\u00e5 du passe p\u00e5 at de er helt t\u00f8rre f\u00f8r de brukes eller pakkes bort. Det kan l\u00f8ses med en kort ettert\u00f8rk i et varmt rom.<\/p>\n<p class=\"paywall hyperion-css-1j42uic\"><strong>To ting som er viktig for et best mulig resultat:<\/strong> Bruk helst fuktig, ren nysn\u00f8 og s\u00f8rg for at tekstilene blir helt t\u00f8rre. <\/p>\n<p>Det er viktig \u00e5 f\u00e5 av sn\u00f8en skikkelig. 8. Kan sn\u00f8vask redusere slitasjen p\u00e5 kl\u00e6rne?<\/p>\n<p class=\"paywall hyperion-css-1j42uic\">\u2013 En omgang i sn\u00f8 og kulde sliter ikke p\u00e5 tekstilene, og er en trygg og fin m\u00e5te \u00e5 rengj\u00f8re p\u00e5. Dersom tekstilene ikke t\u00e5ler vann, b\u00f8r du selvsagt v\u00e6re forsiktig med fuktig sn\u00f8 ogs\u00e5.<\/p>\n<p>9. N\u00e5r holder det \u00e5 sn\u00f8vask \u2013 og n\u00e5r m\u00e5 tekstilene vaskes av hensyn til hygiene?<\/p>\n<p class=\"paywall hyperion-css-1j42uic\">\u2013 Sn\u00f8vask og lufting er f\u00f8rst og fremst vedlikehold og oppfriskning: De fjerner l\u00f8st smuss og kan gj\u00f8re tekstiler ganske rene uten vann, men de erstatter ikke vanlig vask der hygiene krever det. <\/p>\n<p class=\"paywall hyperion-css-1j42uic\">\u2013 <strong>Folk blir ikke syke av sine egne kl\u00e6r,<\/strong> og det meste av klesvask handler om at kl\u00e6rne skal v\u00e6re sosialt akseptable og behagelige. Nyvasket senget\u00f8y og en dyne som er ristet og luftet, oppleves rett og slett bedre. \u00c5 fjerne st\u00f8v og l\u00f8st smuss gj\u00f8r det ogs\u00e5 sunnere. Dette kan v\u00e6re s\u00e6rlig relevant for syntetiske tekstiler, fordi st\u00f8vet du omgir deg med da kan v\u00e6re plast som kan pustes inn.<\/p>\n<p class=\"paywall hyperion-css-1j42uic\">\u2013 <strong>N\u00e5r hygiene er hovedpoenget<\/strong> \u2013 for eksempel ved midd \u2013 er kulde en egen metode: Legg dyner, puter, overmadrasser og lignende ut i skikkelig kulde i noen timer, og rist godt f\u00f8r du tar det inn, slik at du f\u00e5r ut b\u00e5de rusk og det du ikke vil ha.<\/p>\n<p>10. Hva med \u00e5 t\u00f8rke kl\u00e6r og tekstiler ute i vinterkulden?<\/p>\n<p class=\"paywall hyperion-css-1j42uic\">\u2013 Det fungerer ofte veldig godt og er etter min mening undervurdert. Hvor fort det g\u00e5r, varierer: Det kommer an p\u00e5 hvor du er, om det er vind, og hvor mye luft som sirkulerer der du t\u00f8rker. Luftfuktigheten betyr mye. Det er ofte t\u00f8rrere i kaldt innlandsv\u00e6r enn i kystluft, og da kan det oppleves som at ting t\u00f8rker raskere.<\/p>\n<p class=\"hyperion-css-1jdfwvl\">Har du pr\u00f8vd \u00e5 legge kl\u00e6r eller tekstiler i sn\u00f8en?<\/p>\n","protected":false},"excerpt":{"rendered":"To ting avgj\u00f8r om det blir vellykket. Publisert: 13.01.2026 16:00 Dette kan v\u00e6re en fin m\u00e5te \u00e5 friske&hellip;\n","protected":false},"author":2,"featured_media":135884,"comment_status":"","ping_status":"","sticky":false,"template":"","format":"standard","meta":{"footnotes":""},"categories":[10],"tags":[20,21,24,25,15,22,23,13,30,28,29,14,16,26,27],"class_list":{"0":"post-135883","1":"post","2":"type-post","3":"status-publish","4":"format-standard","5":"has-post-thumbnail","7":"category-norge","8":"tag-breaking-news","9":"tag-breakingnews","10":"tag-featured-news","11":"tag-featurednews","12":"tag-headlines","13":"tag-latest-news","14":"tag-latestnews","15":"tag-news","16":"tag-no","17":"tag-norge","18":"tag-norway","19":"tag-nyheter","20":"tag-overskrifter","21":"tag-top-stories","22":"tag-topstories"},"share_on_mastodon":{"url":"https:\/\/pubeurope.com\/@no\/115888604134522107","error":""},"_links":{"self":[{"href":"https:\/\/www.europesays.com\/no\/wp-json\/wp\/v2\/posts\/135883","targetHints":{"allow":["GET"]}}],"collection":[{"href":"https:\/\/www.europesays.com\/no\/wp-json\/wp\/v2\/posts"}],"about":[{"href":"https:\/\/www.europesays.com\/no\/wp-json\/wp\/v2\/types\/post"}],"author":[{"embeddable":true,"href":"https:\/\/www.europesays.com\/no\/wp-json\/wp\/v2\/users\/2"}],"replies":[{"embeddable":true,"href":"https:\/\/www.europesays.com\/no\/wp-json\/wp\/v2\/comments?post=135883"}],"version-history":[{"count":0,"href":"https:\/\/www.europesays.com\/no\/wp-json\/wp\/v2\/posts\/135883\/revisions"}],"wp:featuredmedia":[{"embeddable":true,"href":"https:\/\/www.europesays.com\/no\/wp-json\/wp\/v2\/media\/135884"}],"wp:attachment":[{"href":"https:\/\/www.europesays.com\/no\/wp-json\/wp\/v2\/media?parent=135883"}],"wp:term":[{"taxonomy":"category","embeddable":true,"href":"https:\/\/www.europesays.com\/no\/wp-json\/wp\/v2\/categories?post=135883"},{"taxonomy":"post_tag","embeddable":true,"href":"https:\/\/www.europesays.com\/no\/wp-json\/wp\/v2\/tags?post=135883"}],"curies":[{"name":"wp","href":"https:\/\/api.w.org\/{rel}","templated":true}]}}