{"id":135887,"date":"2026-01-13T15:56:12","date_gmt":"2026-01-13T15:56:12","guid":{"rendered":"https:\/\/www.europesays.com\/no\/135887\/"},"modified":"2026-01-13T15:56:12","modified_gmt":"2026-01-13T15:56:12","slug":"alle-diskvalifiserte-jukser-med-vilje-nrk-sport-sportsnyheter-resultater-og-sendeplan","status":"publish","type":"post","link":"https:\/\/www.europesays.com\/no\/135887\/","title":{"rendered":"\u2013 Alle diskvalifiserte jukser med vilje \u2013 NRK Sport \u2013 Sportsnyheter, resultater og sendeplan"},"content":{"rendered":"<p>Det er i <a href=\"https:\/\/www.youtube.com\/watch?v=0gg20OD_KDk\" ec-id=\"https:\/\/www.youtube.com\/watch\" ec-name=\"podkasten Skirious Problems\" rel=\"nofollow noopener\" target=\"_blank\">podkasten Skirious Problems<\/a> at den OL-aktuelle langrennsl\u00f8peren tar bladet fra munnen.<\/p>\n<p>Den 26 \u00e5r gamle ut\u00f8veren startet karrieren som kombinertl\u00f8per, og kan derfor fortelle om innsidehistorier fra hoppbakken.<\/p>\n<p><strong>\u2013 Folk pleide \u00e5 jukse som bare det. Folk puttet \u00abtonnevis\u00bb av plastilin inn i undert\u00f8yet for \u00e5 f\u00e5 st\u00f8rre skritt, og fikk skrittm\u00e5l som var fem centimeter lavere enn det de egentlig skulle ha. Fem centimeter lavere skrittm\u00e5l, hevder han.<\/strong><\/p>\n<p>\u00d8sterrikeren st\u00e5r med to gull og ett s\u00f8lv fra junior-VM i kombinert, men gikk over til langrenn f\u00f8r han fikk sjansen i verdenscupen.<\/p>\n<p>Men allerede fra f\u00f8rste konkurranse i hoppbakken, s\u00e5 hevder han at han ble oppfordret til juks.<\/p>\n<p>\u2013 F\u00f8rste gangen jeg skulle ta m\u00e5linger, s\u00e5 kom de eldre og mer rutinerte hopperne til meg og sa at \u00abdet er veldig viktig at du teiper tissen din tilbake, fordi n\u00e5r du teiper tissen din tilbake, s\u00e5 blir skrittm\u00e5let ditt en eller to centimeter lavere\u00bb, forteller han.<\/p>\n<p><strong>\u2013 Jeg kan si dette med hundre prosent sikkerhet: Alle som blir diskvalifiserte i skihopping og kombinert jukser med vilje. Og de rettferdiggj\u00f8r det bare med \u00e5 si \u00abJa, ja, men alle andre gj\u00f8r det\u00bb.<\/strong><\/p>\n<p><img decoding=\"async\"   src=\"data:image\/gif;base64,R0lGODlhAQABAIAAAAAAAP\/\/\/yH5BAEAAAAALAAAAAABAAEAAAIBRAA7\" loading=\"eager\" alt=\"\" title=\"Foto: Jon Olav Nesvold \/ NTB\"\/><\/p>\n<p class=\"\">KONTROLL: Fokuset p\u00e5 hoppdresser og kontroller har \u00f8kt det siste \u00e5ret.<\/p>\n<p>Foto: Jon Olav Nesvold \/ NTB<\/p>\n<p>Raser mot systemet<\/p>\n<p>Overfor NRK, s\u00e5 bemerker Vermeulen at dette er ti \u00e5r siden, og at hopperne som ba ham benytte seg av skitne triks aldri n\u00e5dde verdenscupniv\u00e5.<\/p>\n<p>Han understreker ogs\u00e5 at det ikke var ledere som ba ham gj\u00f8re det.<\/p>\n<p>\u2013 Jeg sier ikke at alle jukser. Jeg sier bare at der juks ikke sanksjoneres strengt, skaper man en ukultur. Og det er en farlig kultur \u00e5 ha. Man skaper en kultur der det er greit \u00e5 lete etter smutthull, sier Vermeulen til NRK.<\/p>\n<p>Etter hoppskandalen under fjor\u00e5rets VM, hvor Norge ble tatt for \u00e5 jukse, har Det internasjonale ski- og sn\u00f8brettforbundet (FIS) tatt grep.<\/p>\n<p>Denne sesongen f\u00e5r man et gult kort hvis man blir diskvalifisert, og hvis man f\u00e5r to gule kort, blir det r\u00f8dt kort og utestengelse fra to konkurranser.<\/p>\n<p>Den tidligere kombinertl\u00f8peren mener at det ikke er godt nok.<\/p>\n<p><strong>\u2013 For \u00e5 v\u00e6re helt \u00e6rlig, hvis du blir tatt for \u00e5 jukse, s\u00e5 burde du bli utestengt for en lengre periode. Det burde ikke v\u00e6rt noen kort. Du har jukset, konstaterer Vermeulen, som ble nummer to sammenlagt i Tour de Ski i fjor. <\/strong><\/p>\n<p>Sammenligner det med doping<\/p>\n<p>\u00d8sterrikeren sier i podkasten at utstyrsjuks i hopp og kombinert er sammenlignbart med doping, og hevder alle de sm\u00e5 triksene gir samme effekt som et ulovlig dopingmiddel i langrenn.<\/p>\n<p><img decoding=\"async\"   src=\"data:image\/gif;base64,R0lGODlhAQABAIAAAAAAAP\/\/\/yH5BAEAAAAALAAAAAABAAEAAAIBRAA7\" loading=\"eager\" alt=\"Mika Vermeulen\" title=\"Foto: BILDBYR\u00c5N\"\/><\/p>\n<p class=\"\">BYTTET: Tidlig i karrieren var Mika Vermeulen kombinertl\u00f8per. N\u00e5 satser han bare p\u00e5 langrenn.<\/p>\n<p>Foto: BILDBYR\u00c5N<\/p>\n<p>Han hevder man i langrennssporten pr\u00f8ver \u00e5 legge seg mest mulig p\u00e5 den sikre siden. For \u00e5 unng\u00e5 \u00e5 sl\u00e5 ut p\u00e5 dopingpr\u00f8ver.<\/p>\n<p>\u2013 I langrenn, s\u00e5 legger vi oss p\u00e5 10 prosent innenfor hva som er innafor, med tanke p\u00e5 Wada sine dopinglister og alt. Men i skihopping, s\u00e5 legger de seg heller over p\u00e5 den uheldige siden med vilje, eller helt p\u00e5 grensen. Det er ingen sikkerhetsmargin. De legger seg p\u00e5 grensen med vilje og tenker at det sikkert g\u00e5r galt p\u00e5 et punkt, men at det likevel er helt greit.<\/p>\n<p>\u2013 Brannfakkel i eget vepsebol<\/p>\n<p>Kombinertekspert Magnus Moan hos Viaplay stiller seg p\u00e5 sin side undrende til Vermeulens utsagn. Til NRK sier han at det ikke er noe nytt at ut\u00f8vere vil t\u00f8ye strikken lengst mulig.<\/p>\n<p>\u2013 Det er ikke sikkert han vet hva han steller i stand, n\u00e5r han forteller om dette. Det er en stor brannfakkel inn i sitt eget vepsebol, innleder Moan.<\/p>\n<p><strong>\u2013 Men med det sagt, blir det helt feil \u00e5 sammenligne dette med doping. EPO, for eksempel, gir ogs\u00e5 en langvarig effekt etter at man har tatt det, i motsetning til \u00e5 jukse med utstyr som bare hjelper der og da. G\u00e5r du tilbake p\u00e5 en 5 cm lang sagg, hopper du kortere.<br \/>\n<\/strong><\/p>\n<p><img decoding=\"async\"   src=\"data:image\/gif;base64,R0lGODlhAQABAIAAAAAAAP\/\/\/yH5BAEAAAAALAAAAAABAAEAAAIBRAA7\" loading=\"eager\" alt=\"Viaplay Vinter \" title=\"Foto: NT\"\/><\/p>\n<p class=\"\">EKSPERT: Magnus Moan har b\u00e5de OL- og VM-gull som aktiv ut\u00f8ver, n\u00e5 jobber han som ekspert.<\/p>\n<p>Foto: NT<\/p>\n<p>Moan, som la opp som kombinertl\u00f8per i 2019, var p\u00e5 tampen av egen karriere aktiv samtidig som Vermeulen. Han st\u00f8tter \u00f8sterrikeren i at reaksjonene fra FIS b\u00f8r v\u00e6re enda strengere dersom det blir avdekket at noen har jukset med utstyret.<\/p>\n<p>\u2013 FIS g\u00e5r i riktig retning med at et brudd f\u00f8rer til gult kort, og to gule gir r\u00f8dt og utestengelse. Men straffen er ikke streng nok. Tenk hvis r\u00f8dt kort hadde gjort at man ble utestengt en hel sesong. Da hadde man snakket konsekvenser, sier Moan, og legger til at han mener ansvaret ligger hos FIS, som han mener kan endre regelverket til det bedre.<\/p>\n<p>Vermeulen mener at skandalen i Norge har startet en prosess for hoppsporten, men at det kommer til \u00e5 ta tid f\u00f8r ukulturen er vekke.<\/p>\n<p>\u2013 Jeg tror at n\u00e5r man ikke sanksjonerer folk som jukser \u2013 og sanksjonerer dem hardt \u2013 s\u00e5 skaper man en kultur hvor det er greit \u00e5 jukse. Det er der skihopping er n\u00e5, utdyper han overfor NRK.<\/p>\n<p>\u2013 Det tok 20 \u00e5r f\u00f8r langrenn ble ren etter at dopingkontrollene ble gjort ordentlig. Skihopping er i starten av den fasen n\u00e5. Det vil komme en periode der folk beveger seg utenfor grensen, men det handler om \u00e5 etablere en kultur i sporten og holde folk ansvarlige hvis de bryter reglene, fortsetter han.<\/p>\n<p>\u00d8sterrike: \u2013 Kan ikke utelukke regelbrudd<\/p>\n<p>Kommunikasjonsmedarbeider Nils Vettori hos det \u00f8sterrikske skiforbundet er forelagt uttalelsene til Vermeulen.<\/p>\n<p>Han svarer i en e-post til NRK at \u00abVermeulen \u00f8nsket \u00e5 understreke at det er klare regler i hopp som m\u00e5 f\u00f8lges\u00bb og at Vermeulen sikter til individer, og ikke en generalisert ford\u00f8mmelse.<\/p>\n<p>\u2013 Dersom regelbrudd forekommer, er det n\u00f8dvendig med like og omfattende sanksjoner, fordi bevisste brudd p\u00e5 utstyrsreglene ikke kan utelukkes, selv om alle ut\u00f8vere naturlig nok presser grensene, slik han p\u00e5peker, skriver Vettori.\n<\/p>\n<p><img decoding=\"async\"   src=\"data:image\/gif;base64,R0lGODlhAQABAIAAAAAAAP\/\/\/yH5BAEAAAAALAAAAAABAAEAAAIBRAA7\" loading=\"eager\" alt=\"M\u00f8rk himmel med fargerik solnedgang bak en sn\u00f8dekt samarbeidsbakke. Lysene fra stadioen lyser opp omr\u00e5det, hvor det er tilskuere i bakgrunnen. Det er lysegr\u00f8nne spirer i sn\u00f8en langs bakken. Omgivelsene inkluderer tr\u00e6r og fjell i det fjerne. (Bildebeskrivelsen er laget av en KI-tjeneste)\" title=\"Foto: Kai Pfaffenbach \/ Reuters \/ NTB\"\/><\/p>\n<p class=\"\">REGLER: Det \u00f8sterrikske skiforbundet peker p\u00e5 at ut\u00f8vere hele tiden vil presse grensene.<\/p>\n<p>Foto: Kai Pfaffenbach \/ Reuters \/ NTB<\/p>\n<p>Han peker samtidig p\u00e5 at det er snart \u00e5tte \u00e5r siden Vermeulen var aktiv innen kombinert.<\/p>\n<p>\u2013 I podkasten har han gjentatte ganger understreket at utstyrsutviklingen i skihopping og kombinert har endret seg kraftig siden han var aktiv, og at dagens system ikke lenger kan sammenlignes med kontrollene og reglene som gjaldt den gangen, skriver han videre.<\/p>\n<p>Publisert<\/p>\n<p>13.01.2026, kl. 13.53<\/p>\n","protected":false},"excerpt":{"rendered":"Det er i podkasten Skirious Problems at den OL-aktuelle langrennsl\u00f8peren tar bladet fra munnen. Den 26 \u00e5r gamle&hellip;\n","protected":false},"author":2,"featured_media":135888,"comment_status":"","ping_status":"","sticky":false,"template":"","format":"standard","meta":{"footnotes":""},"categories":[59],"tags":[30,28,29,83,82],"class_list":{"0":"post-135887","1":"post","2":"type-post","3":"status-publish","4":"format-standard","5":"has-post-thumbnail","7":"category-sport","8":"tag-no","9":"tag-norge","10":"tag-norway","11":"tag-sport","12":"tag-sports"},"share_on_mastodon":{"url":"https:\/\/pubeurope.com\/@no\/115888611805613819","error":""},"_links":{"self":[{"href":"https:\/\/www.europesays.com\/no\/wp-json\/wp\/v2\/posts\/135887","targetHints":{"allow":["GET"]}}],"collection":[{"href":"https:\/\/www.europesays.com\/no\/wp-json\/wp\/v2\/posts"}],"about":[{"href":"https:\/\/www.europesays.com\/no\/wp-json\/wp\/v2\/types\/post"}],"author":[{"embeddable":true,"href":"https:\/\/www.europesays.com\/no\/wp-json\/wp\/v2\/users\/2"}],"replies":[{"embeddable":true,"href":"https:\/\/www.europesays.com\/no\/wp-json\/wp\/v2\/comments?post=135887"}],"version-history":[{"count":0,"href":"https:\/\/www.europesays.com\/no\/wp-json\/wp\/v2\/posts\/135887\/revisions"}],"wp:featuredmedia":[{"embeddable":true,"href":"https:\/\/www.europesays.com\/no\/wp-json\/wp\/v2\/media\/135888"}],"wp:attachment":[{"href":"https:\/\/www.europesays.com\/no\/wp-json\/wp\/v2\/media?parent=135887"}],"wp:term":[{"taxonomy":"category","embeddable":true,"href":"https:\/\/www.europesays.com\/no\/wp-json\/wp\/v2\/categories?post=135887"},{"taxonomy":"post_tag","embeddable":true,"href":"https:\/\/www.europesays.com\/no\/wp-json\/wp\/v2\/tags?post=135887"}],"curies":[{"name":"wp","href":"https:\/\/api.w.org\/{rel}","templated":true}]}}