{"id":135899,"date":"2026-01-13T16:08:07","date_gmt":"2026-01-13T16:08:07","guid":{"rendered":"https:\/\/www.europesays.com\/no\/135899\/"},"modified":"2026-01-13T16:08:07","modified_gmt":"2026-01-13T16:08:07","slug":"yoon-suk-yeol-sor-korea-patalemyndigheten-krever-dodsstraff-for-sor-koreas-tidligere-president-yoon-suk-yeol","status":"publish","type":"post","link":"https:\/\/www.europesays.com\/no\/135899\/","title":{"rendered":"Yoon suk yeol, S\u00f8r-Korea | P\u00e5talemyndigheten krever d\u00f8dsstraff for S\u00f8r-Koreas tidligere president Yoon Suk-yeol"},"content":{"rendered":"\n<p>Tirsdag ble det klart at en s\u00f8rkoreansk aktor krever d\u00f8dsstraff i saken som er reist mot Yoon i Seouls distriktsdomstol.<\/p>\n<p>Her anklages Yoon for \u00e5 ha v\u00e6rt hjernen bak et oppr\u00f8r, noe som har en sv\u00e6rt streng strafferamme i s\u00f8rkoreansk rett. Dommen er ventet i februar.<\/p>\n<p>Det er flere ti\u00e5r siden sist S\u00f8r-Korea fullbyrdet en d\u00f8dsdom.<\/p>\n<p>Avsatt i riksrett<\/p>\n<p>Yoon ble i januar i fjor p\u00e5grepet etter \u00e5 ha blitt anklaget for kuppfors\u00f8k i desember 2024. I april i fjor ble han stilt for riksrett og formelt avsatt. Men i tillegg til dette er han tiltalt i flere andre strafferettslige saker.<\/p>\n<p>Under den p\u00e5g\u00e5ende rettssaken har aktoratet anklaget Yoon og hans forsvarsminister Kim Young-hyun for \u00e5 ha utarbeidet en plan allerede h\u00f8sten 2023 for \u00e5 holde Yoon ved makten.<\/p>\n<p>Nektet \u00e5 f\u00f8lge ordre<\/p>\n<p>Under den kortvarige unntakstilstanden som Yoon innf\u00f8rte i slutten av 2024, br\u00f8t det straks ut massedemonstrasjoner. Samtidig tvang opposisjonspolitikere seg inn i den omringede nasjonalforsamlingen for \u00e5 fortsette arbeidet. Der stemte de for \u00e5 oppheve unntakstilstanden.<\/p>\n<p>Yoon hadde like f\u00f8r besluttet at den folkevalgte forsamlingen, der opposisjonen hadde flertall, skulle innstille alt arbeid. Unntakstilstanden var den f\u00f8rste i sitt slag p\u00e5 over 40 \u00e5r, og til manges forferdelse f\u00f8rte den til at soldater ble utplassert i gatene i Seoul og rundt nasjonalforsamlingen.<\/p>\n<p>Budsjettkrangel<\/p>\n<p>Unntakstilstanden ble innf\u00f8rt etter at Yoon ikke greide \u00e5 f\u00e5 vedtatt et nytt statsbudsjett i den sv\u00e6rt splittede nasjonalforsamlingen. Han begrunnet den imidlertid med nasjonal sikkerhet og trakk blant annet inn Nord-Korea.<\/p>\n<p>Opposisjonen mente at Yoon fors\u00f8kte \u00e5 kuppe makten og bringe landet i autorit\u00e6r retning.<\/p>\n<p>Yoon selv har avvist anklagene og sagt at unntakstilstanden var et fredelig fors\u00f8k p\u00e5 \u00e5 f\u00e5 folk til \u00e5 forst\u00e5 at opposisjonspartiet brukte nasjonalforsamlingen til \u00e5 blokkere arbeidet hans.<\/p>\n","protected":false},"excerpt":{"rendered":"Tirsdag ble det klart at en s\u00f8rkoreansk aktor krever d\u00f8dsstraff i saken som er reist mot Yoon i&hellip;\n","protected":false},"author":2,"featured_media":135900,"comment_status":"","ping_status":"","sticky":false,"template":"","format":"standard","meta":{"footnotes":""},"categories":[12],"tags":[20,21,24,25,15,22,23,13,30,28,29,14,16,26,27,42,43,44,45],"class_list":{"0":"post-135899","1":"post","2":"type-post","3":"status-publish","4":"format-standard","5":"has-post-thumbnail","7":"category-verden","8":"tag-breaking-news","9":"tag-breakingnews","10":"tag-featured-news","11":"tag-featurednews","12":"tag-headlines","13":"tag-latest-news","14":"tag-latestnews","15":"tag-news","16":"tag-no","17":"tag-norge","18":"tag-norway","19":"tag-nyheter","20":"tag-overskrifter","21":"tag-top-stories","22":"tag-topstories","23":"tag-verden","24":"tag-world","25":"tag-world-news","26":"tag-worldnews"},"share_on_mastodon":{"url":"https:\/\/pubeurope.com\/@no\/115888659121434093","error":""},"_links":{"self":[{"href":"https:\/\/www.europesays.com\/no\/wp-json\/wp\/v2\/posts\/135899","targetHints":{"allow":["GET"]}}],"collection":[{"href":"https:\/\/www.europesays.com\/no\/wp-json\/wp\/v2\/posts"}],"about":[{"href":"https:\/\/www.europesays.com\/no\/wp-json\/wp\/v2\/types\/post"}],"author":[{"embeddable":true,"href":"https:\/\/www.europesays.com\/no\/wp-json\/wp\/v2\/users\/2"}],"replies":[{"embeddable":true,"href":"https:\/\/www.europesays.com\/no\/wp-json\/wp\/v2\/comments?post=135899"}],"version-history":[{"count":0,"href":"https:\/\/www.europesays.com\/no\/wp-json\/wp\/v2\/posts\/135899\/revisions"}],"wp:featuredmedia":[{"embeddable":true,"href":"https:\/\/www.europesays.com\/no\/wp-json\/wp\/v2\/media\/135900"}],"wp:attachment":[{"href":"https:\/\/www.europesays.com\/no\/wp-json\/wp\/v2\/media?parent=135899"}],"wp:term":[{"taxonomy":"category","embeddable":true,"href":"https:\/\/www.europesays.com\/no\/wp-json\/wp\/v2\/categories?post=135899"},{"taxonomy":"post_tag","embeddable":true,"href":"https:\/\/www.europesays.com\/no\/wp-json\/wp\/v2\/tags?post=135899"}],"curies":[{"name":"wp","href":"https:\/\/api.w.org\/{rel}","templated":true}]}}