{"id":135911,"date":"2026-01-13T16:18:15","date_gmt":"2026-01-13T16:18:15","guid":{"rendered":"https:\/\/www.europesays.com\/no\/135911\/"},"modified":"2026-01-13T16:18:15","modified_gmt":"2026-01-13T16:18:15","slug":"ol-helt-dode-i-snoskred","status":"publish","type":"post","link":"https:\/\/www.europesays.com\/no\/135911\/","title":{"rendered":"OL-helt d\u00f8de i sn\u00f8skred"},"content":{"rendered":"<p> Den tidligere snowboarderen Ueli Kestenholz (50) fra Sveits omkom i et sn\u00f8skred. <\/p>\n<p> Det opplyser Sveits&#8217; skiforbund p\u00e5 sitt\u00a0<a href=\"https:\/\/www.swiss-ski.ch\/newsroom\/news\/in-tiefer-trauer-um-ueli-kestenholz\" rel=\"nofollow noopener\" target=\"_blank\">nettsted<\/a>.<\/p>\n<p> Ulykken skjedde i L\u00f6tschental i kantonen Valais i Sveits. <\/p>\n<p>Kestenholz ble den f\u00f8rste OL-medaljevinneren i en snowboarddisiplin fra Sveits da han som 22-\u00e5ring fikk med seg en bronse i storslal\u00e5m fra Nagano-OL i 1998.<\/p>\n<p> \u2013 Vi uttrykker v\u00e5r dypeste medf\u00f8lelse til Uelis familie og kj\u00e6re, sier Sveits&#8217; skipresident Peter Barandun i en uttalelse.<\/p>\n<p>Kestenholz deltok ogs\u00e5 i OL i 2002 og 2006.<\/p>\n<p>I l\u00f8pet av karrieren ble han ogs\u00e5 verdensmester i snowboard i 2000 og 2001. I tillegg til har han to gullmedaljer fra X-games.\u00a0<\/p>\n<p>        <img class=\"image__img lazyload\" itemprop=\"image\" title=\"Foto: TODD BISSONETTE \/ AP \/ NTB\" alt=\"HELT I HJEMLANDET: Her er Ueli Kestenholz (t.h) avbildet i forbindelse med et verdenscuprenn i 2005. Foto: TODD BISSONETTE \/ AP \/ NTB\" width=\"978\" height=\"1164\" bad-src=\"https:\/\/www.europesays.com\/no\/wp-content\/uploads\/2026\/01\/18459043.webp.jpeg\" fetchpriority=\"auto\" \/><\/p>\n<p>      HELT I HJEMLANDET: Her er Ueli Kestenholz (t.h) avbildet i forbindelse med et verdenscuprenn i 2005.<br \/>\n         Foto: TODD BISSONETTE \/ AP \/ NTB<\/p>\n<p>Etter karrieren var Kestenholz aktiv i andre sporter som fallskjermhopping, paragliding, surfing og terrengsykling.<\/p>\n<p><a href=\"https:\/\/www.nrk.no\/sport\/sveitsisk-ol-helt-omkom-i-sonskred-1.17725747\" rel=\"nofollow noopener\" target=\"_blank\">NRK<\/a> omtalte saken f\u00f8rst i Norge.<\/p>\n","protected":false},"excerpt":{"rendered":"Den tidligere snowboarderen Ueli Kestenholz (50) fra Sveits omkom i et sn\u00f8skred. Det opplyser Sveits&#8217; skiforbund p\u00e5 sitt\u00a0nettsted.&hellip;\n","protected":false},"author":2,"featured_media":135912,"comment_status":"","ping_status":"","sticky":false,"template":"","format":"standard","meta":{"footnotes":""},"categories":[59],"tags":[30,28,29,83,82],"class_list":{"0":"post-135911","1":"post","2":"type-post","3":"status-publish","4":"format-standard","5":"has-post-thumbnail","7":"category-sport","8":"tag-no","9":"tag-norge","10":"tag-norway","11":"tag-sport","12":"tag-sports"},"share_on_mastodon":{"url":"https:\/\/pubeurope.com\/@no\/115888698327971010","error":""},"_links":{"self":[{"href":"https:\/\/www.europesays.com\/no\/wp-json\/wp\/v2\/posts\/135911","targetHints":{"allow":["GET"]}}],"collection":[{"href":"https:\/\/www.europesays.com\/no\/wp-json\/wp\/v2\/posts"}],"about":[{"href":"https:\/\/www.europesays.com\/no\/wp-json\/wp\/v2\/types\/post"}],"author":[{"embeddable":true,"href":"https:\/\/www.europesays.com\/no\/wp-json\/wp\/v2\/users\/2"}],"replies":[{"embeddable":true,"href":"https:\/\/www.europesays.com\/no\/wp-json\/wp\/v2\/comments?post=135911"}],"version-history":[{"count":0,"href":"https:\/\/www.europesays.com\/no\/wp-json\/wp\/v2\/posts\/135911\/revisions"}],"wp:featuredmedia":[{"embeddable":true,"href":"https:\/\/www.europesays.com\/no\/wp-json\/wp\/v2\/media\/135912"}],"wp:attachment":[{"href":"https:\/\/www.europesays.com\/no\/wp-json\/wp\/v2\/media?parent=135911"}],"wp:term":[{"taxonomy":"category","embeddable":true,"href":"https:\/\/www.europesays.com\/no\/wp-json\/wp\/v2\/categories?post=135911"},{"taxonomy":"post_tag","embeddable":true,"href":"https:\/\/www.europesays.com\/no\/wp-json\/wp\/v2\/tags?post=135911"}],"curies":[{"name":"wp","href":"https:\/\/api.w.org\/{rel}","templated":true}]}}