{"id":135913,"date":"2026-01-13T16:22:09","date_gmt":"2026-01-13T16:22:09","guid":{"rendered":"https:\/\/www.europesays.com\/no\/135913\/"},"modified":"2026-01-13T16:22:09","modified_gmt":"2026-01-13T16:22:09","slug":"donald-trump-nyhetsvarsel-trump-med-ny-iran-melding-%e2%81%a0-hjelp-er-pa-vei","status":"publish","type":"post","link":"https:\/\/www.europesays.com\/no\/135913\/","title":{"rendered":"Donald Trump, Nyhetsvarsel | Trump med ny Iran-melding: \u2013\u2060 Hjelp er p\u00e5 vei"},"content":{"rendered":"\n<p>Det skriver Trump p\u00e5 hans egne sosiale medium, Truth Social.<\/p>\n<p>\u00abIranske patrioter, fortsett \u00e5 protestere &#8211; ta over institusjonene!!!\u00bb skriver Trump i innlegget.<\/p>\n<p>\u2013 De vil betale en h\u00f8y pris, skriver Trump.<\/p>\n<p>Han sier ogs\u00e5 at han har avlyst alle m\u00f8ter med iranske representanter fram til de \u00abmeningsl\u00f8se drapene\u00bb p\u00e5 demonstranter stanser.<\/p>\n<p>Han presiserer ikke hva denne hjelpen vil g\u00e5 ut p\u00e5.<\/p>\n<p>   <img decoding=\"async\" width=\"696\" height=\"238\" fetchpriority=\"low\"  loading=\"lazy\"  src=\"https:\/\/www.europesays.com\/no\/wp-content\/uploads\/2026\/01\/Skjermbilde+2026-01-13+kl.+15.50.49.jpg\" alt=\"\" class=\"brick-c-cFOWSL\" style=\"--brick-image-ratio: 696 \/ 238;\"\/><\/p>\n<p>      Donald Trump med ny Iran-melding<br \/>\n      Foto: Skjermdump Truth Social\n    <\/p>\n<p>  Olkeprisen stiger<\/p>\n<p>Oljeprisen steg tirsdag 2 prosent i l\u00f8pet av b\u00f8rsdagen som f\u00f8lge av Iran-uroen.<\/p>\n<p>Ved \u00e5pningen av Oslo B\u00f8rs tirsdag kostet et fat nordsj\u00f8olje 64,2 kroner mens prisen ved b\u00f8rsdagens slutt var 65,5 kroner.<\/p>\n<p>Oljeprisen gjorde flere byks i l\u00f8pet av dagen, men det st\u00f8rste hoppet kom etter Trump-meldingen.<\/p>\n<p>Flere ganger truet med \u00e5 gripe inn<\/p>\n<p>Protestene har p\u00e5g\u00e5tt i over to uker og ble utl\u00f8st av en alvorlig \u00f8konomisk krise i Iran som f\u00f8lge av valutakollaps og ekstrem inflasjon. Mange er d\u00f8de, men eksakt hvor mange er h\u00f8yst usikkert.<\/p>\n<p>Tirsdag har <a href=\"https:\/\/www.nettavisen.no\/nyheter\/ud-i-mote-med-irans-ambassador-fordomte-grov-og-uforholdsmessig-vold\/s\/5-95-2823219\" rel=\"Follow nofollow noopener\" target=\"_blank\">flere europeiske land kalt inn iranske ambassad\u00f8rer p\u00e5 teppet, blant annet Norge<\/a>.<\/p>\n<p>Trump har flere ganger truet med \u00e5 gripe inn i Iran, og angripe regimelederne dersom drepingen av demonstrantene fortsetter. Trump hevder ogs\u00e5 at det iranske regimet har tatt kontakt i h\u00e5p om \u00e5 forhandle med Trump.<\/p>\n<p>If\u00f8lge BBC er det ventet et m\u00f8te med Trumps r\u00e5dgivere tirsdag for \u00e5 diskutere hva USA kan gj\u00f8re.<\/p>\n<p>Mange har mistet livet<\/p>\n<p>Over 2000 antas n\u00e5 \u00e5 ha mistet livet under demonstrasjoner i Iran, if\u00f8lge den USA-baserte menneskerettighetsorganisasjonen Human Rights Activists News Agency (HRANA), det skriver danske TV2.<\/p>\n<p>   <img decoding=\"async\" width=\"6000\" height=\"4000\" fetchpriority=\"low\"  loading=\"lazy\"  src=\"https:\/\/www.europesays.com\/no\/wp-content\/uploads\/2026\/01\/cueres_scp-dniayycd_4d2nIAYyCD8.jpg\" alt=\"FILE - In this frame grab from footage circulating on social media shows protesters dancing and cheering around a bonfire as they take to the streets despite an intensifying crackdown as the Islamic Republic remains cut off from the rest of the world, in Tehran, Iran, Jan. 9, 2026.(UGC via AP, File)\" class=\"brick-c-cFOWSL\" style=\"--brick-image-ratio: 6000 \/ 4000;\"\/><\/p>\n<p>      DEMONSTRASJONER: Et klipp fra en video som sirkulerer i sosiale medier og som viser demonstranter som danser rundt et b\u00e5l i Teheran 9. januar.<br \/>\n      Foto: AP \/ NTB\n    <\/p>\n<p>If\u00f8lge organisasjonen inkluderer dette 1847 demonstranter og 135 personer med tilknytning til regjeringen.<\/p>\n<p>I tillegg er ni barn og ni sivile som ikke deltok i protestene drept.<\/p>\n<p>Demonstrasjonene er de st\u00f8rste i landet siden 2022, da det oppsto landsomfattende protester utl\u00f8st av d\u00f8dsfallet til 22-\u00e5ringen Mahsa Amini. Hun d\u00f8de i moralpolitiets varetekt etter \u00e5 ha blitt p\u00e5grepet for \u00e5 ha trosset landets klesregler<\/p>\n","protected":false},"excerpt":{"rendered":"Det skriver Trump p\u00e5 hans egne sosiale medium, Truth Social. \u00abIranske patrioter, fortsett \u00e5 protestere &#8211; ta over&hellip;\n","protected":false},"author":2,"featured_media":135914,"comment_status":"","ping_status":"","sticky":false,"template":"","format":"standard","meta":{"footnotes":""},"categories":[12],"tags":[20,21,24,25,15,22,23,13,30,28,29,14,16,26,27,42,43,44,45],"class_list":{"0":"post-135913","1":"post","2":"type-post","3":"status-publish","4":"format-standard","5":"has-post-thumbnail","7":"category-verden","8":"tag-breaking-news","9":"tag-breakingnews","10":"tag-featured-news","11":"tag-featurednews","12":"tag-headlines","13":"tag-latest-news","14":"tag-latestnews","15":"tag-news","16":"tag-no","17":"tag-norge","18":"tag-norway","19":"tag-nyheter","20":"tag-overskrifter","21":"tag-top-stories","22":"tag-topstories","23":"tag-verden","24":"tag-world","25":"tag-world-news","26":"tag-worldnews"},"share_on_mastodon":{"url":"https:\/\/pubeurope.com\/@no\/115888714326810091","error":""},"_links":{"self":[{"href":"https:\/\/www.europesays.com\/no\/wp-json\/wp\/v2\/posts\/135913","targetHints":{"allow":["GET"]}}],"collection":[{"href":"https:\/\/www.europesays.com\/no\/wp-json\/wp\/v2\/posts"}],"about":[{"href":"https:\/\/www.europesays.com\/no\/wp-json\/wp\/v2\/types\/post"}],"author":[{"embeddable":true,"href":"https:\/\/www.europesays.com\/no\/wp-json\/wp\/v2\/users\/2"}],"replies":[{"embeddable":true,"href":"https:\/\/www.europesays.com\/no\/wp-json\/wp\/v2\/comments?post=135913"}],"version-history":[{"count":0,"href":"https:\/\/www.europesays.com\/no\/wp-json\/wp\/v2\/posts\/135913\/revisions"}],"wp:featuredmedia":[{"embeddable":true,"href":"https:\/\/www.europesays.com\/no\/wp-json\/wp\/v2\/media\/135914"}],"wp:attachment":[{"href":"https:\/\/www.europesays.com\/no\/wp-json\/wp\/v2\/media?parent=135913"}],"wp:term":[{"taxonomy":"category","embeddable":true,"href":"https:\/\/www.europesays.com\/no\/wp-json\/wp\/v2\/categories?post=135913"},{"taxonomy":"post_tag","embeddable":true,"href":"https:\/\/www.europesays.com\/no\/wp-json\/wp\/v2\/tags?post=135913"}],"curies":[{"name":"wp","href":"https:\/\/api.w.org\/{rel}","templated":true}]}}