{"id":135919,"date":"2026-01-13T16:25:19","date_gmt":"2026-01-13T16:25:19","guid":{"rendered":"https:\/\/www.europesays.com\/no\/135919\/"},"modified":"2026-01-13T16:25:19","modified_gmt":"2026-01-13T16:25:19","slug":"brooks-koepka-tilbake-i-pga-touren","status":"publish","type":"post","link":"https:\/\/www.europesays.com\/no\/135919\/","title":{"rendered":"Brooks Koepka tilbake i PGA-touren"},"content":{"rendered":"\n<p class=\"_lead_o9xde_2 _lead_xtcu6_50 layout-component text-serif-m layout-normal text-serif-l layout-component layout-wide layout-padded _wide_17hqh_1 layout-padded\">Brooks Koepka er tilbake p\u00e5 PGA-touren etter \u00e5 ha forlatt LIV-touren i desember. <\/p>\n<p><img alt=\"Brooks Koepka. Foto: JARED WICKERHAM \/ EPA \/ NTB\" class=\"_image_qp4xg_65 layout-component layout-wide\" data-fullscreen- data-track-element-type=\"Article image fullscreen\" data-track-name=\"ImageFullscreen\" fetchpriority=\"high\" decoding=\"sync\" loading=\"eager\" height=\"3699\" itemprop=\"image\"  src=\"https:\/\/www.europesays.com\/no\/wp-content\/uploads\/2026\/01\/6b31a810-daf0-493d-ba92-63e540a364a9.jpeg\"  style=\"object-position:0% 0%\" width=\"5549\"\/>Brooks Koepka. Foto: JARED WICKERHAM \/ EPA \/ NTB<\/p>\n<ul aria-hidden=\"true\" class=\"_images_ntbth_112\">\n<li><a class=\"_link_ntbth_117\" href=\"https:\/\/www.vg.no\/forfatter\/niklas-furuhaug\" style=\"z-index:1\" title=\"Niklas Furuhaug\" rel=\"nofollow noopener\" target=\"_blank\"><img alt=\"Bilde av Niklas Furuhaug\" class=\"_image_ntbth_93\" fetchpriority=\"low\" loading=\"lazy\" decoding=\"async\" itemprop=\"image\"  src=\"https:\/\/www.europesays.com\/no\/wp-content\/uploads\/2026\/01\/1768321519_11_33fdfcbd-e0c5-4c37-b05a-fa360d5d41e4.jpeg\"  width=\"480\"\/><\/a><\/li>\n<\/ul>\n<p> Oppdatert tirsdag 13. januar kl. 11:53    <\/p>\n<ul class=\"_list_o9xde_3 _list_64s2r_85 _unordered_o9xde_106 text-sans-m\">\n<li class=\"_item_o9xde_30\">Brooks Koepka er tilbake p\u00e5 PGA-touren etter \u00e5 ha forlatt LIV-touren i desember.<\/li>\n<li class=\"_item_o9xde_30\">Han m\u00e5 betale fem millioner dollar i veldedige bidrag som straff for returen.<\/li>\n<li class=\"_item_o9xde_30\">Koepka er den f\u00f8rste spilleren som bruker PGA-tourens nye \u00abReturning Member Program\u00bb.<\/li>\n<li class=\"_item_o9xde_30\">Han vil debutere p\u00e5 Farmers Insurance Open 29. januar.<\/li>\n<\/ul>\n<p>Vis mer <\/p>\n<p class=\"_paragraph_o9xde_4 _paragraph_xtcu6_10 layout-component text-serif-m layout-normal text-serif-m layout-padded\">35-\u00e5ringen blir den f\u00f8rste spilleren som f\u00e5r komme tilbake til PGA-tourenPGA-tourenProfessional Golfers&#8217; Association Tour, administrerer USA-turen for herrer. PGA-tour er verdens mest prestisjetunge profesjonelle golftour for menn, hovedsakelig basert i USA. fra den omstridte LIV-touren. <\/p>\n<p class=\"_paragraph_o9xde_4 _paragraph_xtcu6_10 layout-component text-serif-m layout-normal text-serif-m layout-padded\"><a href=\"https:\/\/www.vg.no\/tag\/liv-golf\" class=\"_link_o9xde_39\" rel=\"nofollow noopener\" target=\"_blank\">LIV-touren<\/a> hadde oppstart i 2023 og ble fort kontroversiell fordi den finansieres av det saudiarabiske regimet gjennom landets investeringsfond (PIF).<\/p>\n<p class=\"_paragraph_o9xde_4 _paragraph_xtcu6_10 layout-component text-serif-m layout-normal text-serif-m layout-padded\">Gjennom enorme pengesummer har de lokket til seg flere av verdens st\u00f8rste golfstjerner fra den konkurrerende PGA-touren, som Bryson DeChambeau.<\/p>\n<p class=\"_paragraph_o9xde_4 _paragraph_xtcu6_10 layout-component text-serif-m layout-normal text-serif-m layout-padded\"><strong class=\"_strong_o9xde_25\">N\u00e5 returnerer alts\u00e5 Koepka til PGA-touren gjennom det nye \u00abReturning Member Program\u00bb. Programmet er kun \u00e5pent for spillere som har v\u00e6rt borte i minst to \u00e5r og vunnet en major eller The Players Championship mellom 2022 og 2025.<\/strong><\/p>\n<ul class=\"_list_o9xde_3 _list_xtcu6_9 _unordered_o9xde_106 layout-component text-serif-m layout-normal text-serif-m layout-padded\">\n<li class=\"_item_o9xde_30\">Natt til fredag f\u00e5r norske Kristoffer Reitan sin <a href=\"https:\/\/tv.vg.no\/video\/351903\/pga-tour-sony-open-hawaii\" class=\"_link_o9xde_39\" rel=\"nofollow noopener\" target=\"_blank\">debut som fullverdig PGA Tour-spiller. Turneringen Sony Open ser du med VG+ Sport.<\/a><\/li>\n<\/ul>\n<p class=\"_paragraph_o9xde_4 _paragraph_xtcu6_10 layout-component text-serif-m layout-normal text-serif-m layout-padded\"><strong class=\"_strong_o9xde_25\">Den amerikanske golfstjernen m\u00e5 betale fem millioner dollar \u2013 rundt 50 millioner norske kroner \u2013 i veldedige bidrag som \u00abstraff\u00bb for \u00e5 komme tilbake, skriver PGA p\u00e5 sine <a href=\"https:\/\/www.pgatour.com\/article\/news\/latest\/2026\/01\/12\/brooks-koepka-to-play-farmers-insurance-open-wm-phoenix-open-as-pga-tour-establishes-returning-member-program\" class=\"_link_o9xde_39\" rel=\"nofollow noopener\" target=\"_blank\">nettsider<\/a>.<\/strong><\/p>\n<p class=\"_paragraph_o9xde_4 _paragraph_xtcu6_10 layout-component text-serif-m layout-normal text-serif-m layout-padded\">\u2013 Jeg forst\u00e5r at det er \u00f8konomiske konsekvenser knyttet til denne avgj\u00f8relsen, og jeg aksepterer dem, skriver Koepka p\u00e5 <a href=\"https:\/\/x.com\/BKoepka\/status\/2010785270602281361?s=20\" class=\"_link_o9xde_39\" rel=\"nofollow\">X<\/a>.<\/p>\n<p class=\"_paragraph_o9xde_4 _paragraph_xtcu6_10 layout-component text-serif-m layout-normal text-serif-m layout-padded\"><a href=\"https:\/\/www.vg.no\/tag\/brooks-koepka?utm_source=vg-article&amp;utm_medium=auto-tagger&amp;utm_campaign=BxlG9l\" class=\"_link_o9xde_39\" rel=\"nofollow noopener\" target=\"_blank\">Brooks Koepka<\/a> i t\u00e5rer etter at han gikk p\u00e5 historiens st\u00f8rste tap i Ryder Cup mot Viktor Hovland og Ludvig \u00c5berg:<\/p>\n<p class=\"_paragraph_o9xde_4 _paragraph_xtcu6_10 layout-component text-serif-m layout-normal text-serif-m layout-padded\">Totalt har Koepka ni PGA-tourseire p\u00e5 merittlisten. Sist gang han gikk til topps var i PGA Championship i 2023, hvor han var to slag foran Viktor Hovland og Scottie Scheffler.<\/p>\n<p class=\"_paragraph_o9xde_4 _paragraph_xtcu6_10 layout-component text-serif-m layout-normal text-serif-m layout-padded\">\u2013 Som barn dr\u00f8mte jeg alltid om \u00e5 spille p\u00e5 PGA-touren, og jeg er spent p\u00e5 \u00e5 f\u00e5 gj\u00f8re det igjen, skriver han videre p\u00e5 X.<\/p>\n<p class=\"_paragraph_o9xde_4 _paragraph_xtcu6_10 layout-component text-serif-m layout-normal text-serif-m layout-padded\">Koepka kan potensielt tape mellom 51 og 85 millioner dollar i fremtidige inntekter. Han f\u00e5r ikke utbetalinger fra FedEx Cup-bonusprogrammet i 2026 og er utestengt fra Player Equity Program i fem \u00e5r, skriver PGA p\u00e5 sine nettsider.<\/p>\n<p class=\"_paragraph_o9xde_4 _paragraph_xtcu6_10 layout-component text-serif-m layout-normal text-serif-m layout-padded\">Amerikaneren debuterer p\u00e5 Farmers Insurance Open 29. januar p\u00e5 <a href=\"https:\/\/play.hbomax.com\/sports\/golf\" class=\"_link_o9xde_39\" rel=\"nofollow noopener\" target=\"_blank\">HBO Max.<\/a><\/p>\n","protected":false},"excerpt":{"rendered":"Brooks Koepka er tilbake p\u00e5 PGA-touren etter \u00e5 ha forlatt LIV-touren i desember. Brooks Koepka. Foto: JARED WICKERHAM&hellip;\n","protected":false},"author":2,"featured_media":135920,"comment_status":"","ping_status":"","sticky":false,"template":"","format":"standard","meta":{"footnotes":""},"categories":[59],"tags":[15604,874,2253,30,28,29,2822,83,82],"class_list":{"0":"post-135919","1":"post","2":"type-post","3":"status-publish","4":"format-standard","5":"has-post-thumbnail","7":"category-sport","8":"tag-brooks-koepka","9":"tag-golf","10":"tag-liv-golf","11":"tag-no","12":"tag-norge","13":"tag-norway","14":"tag-pga-touren","15":"tag-sport","16":"tag-sports"},"share_on_mastodon":{"url":"https:\/\/pubeurope.com\/@no\/115888725847713199","error":""},"_links":{"self":[{"href":"https:\/\/www.europesays.com\/no\/wp-json\/wp\/v2\/posts\/135919","targetHints":{"allow":["GET"]}}],"collection":[{"href":"https:\/\/www.europesays.com\/no\/wp-json\/wp\/v2\/posts"}],"about":[{"href":"https:\/\/www.europesays.com\/no\/wp-json\/wp\/v2\/types\/post"}],"author":[{"embeddable":true,"href":"https:\/\/www.europesays.com\/no\/wp-json\/wp\/v2\/users\/2"}],"replies":[{"embeddable":true,"href":"https:\/\/www.europesays.com\/no\/wp-json\/wp\/v2\/comments?post=135919"}],"version-history":[{"count":0,"href":"https:\/\/www.europesays.com\/no\/wp-json\/wp\/v2\/posts\/135919\/revisions"}],"wp:featuredmedia":[{"embeddable":true,"href":"https:\/\/www.europesays.com\/no\/wp-json\/wp\/v2\/media\/135920"}],"wp:attachment":[{"href":"https:\/\/www.europesays.com\/no\/wp-json\/wp\/v2\/media?parent=135919"}],"wp:term":[{"taxonomy":"category","embeddable":true,"href":"https:\/\/www.europesays.com\/no\/wp-json\/wp\/v2\/categories?post=135919"},{"taxonomy":"post_tag","embeddable":true,"href":"https:\/\/www.europesays.com\/no\/wp-json\/wp\/v2\/tags?post=135919"}],"curies":[{"name":"wp","href":"https:\/\/api.w.org\/{rel}","templated":true}]}}