{"id":135943,"date":"2026-01-13T16:43:12","date_gmt":"2026-01-13T16:43:12","guid":{"rendered":"https:\/\/www.europesays.com\/no\/135943\/"},"modified":"2026-01-13T16:43:12","modified_gmt":"2026-01-13T16:43:12","slug":"stotter-usas-sentralbanksjef","status":"publish","type":"post","link":"https:\/\/www.europesays.com\/no\/135943\/","title":{"rendered":"St\u00f8tter USAs sentralbanksjef"},"content":{"rendered":"<p>    Norges sentralbanksjef Ida Wolden Bache har sammen med en rekke utenlandske kolleger undertegnet en uttalelse til st\u00f8tte for USAs sentralbanksjef.<\/p>\n<p>\n    ST\u00d8TTER POWELL: Sentralbanksjef Ida Wolden Bache har signert uttalelse som gir st\u00f8tte til USAs sentralbanksjef Jerome Powell. Foto: J\u00f8rn H. Moen \/ Dagbladet\n  <\/p>\n<p><a href=\"https:\/\/www.ecb.europa.eu\/press\/pr\/date\/2026\/html\/ecb.pr260113~ec4630b9fa.cs.html\" target=\"_blank\" rel=\"nofollow noopener\">Uttalelsen\u00a0<\/a>er signert av sentralbanksjefene fra Sverige, Storbritannia, Danmark, Sveits, Australia, Canada, S\u00f8r-Korea og Brasil, i tillegg til EUs sentralbanksjef Christine Lagarde.<\/p>\n<p>        LATTERLIGGJ\u00d8R: Donald Trump hevder igjen at USA trenger Gr\u00f8nland og s\u00e5r tvil om Nato. Samtidig kommer han med h\u00e5nlige uttalelser om \u00f8ya. Video: AP \/ Reporter: Silja Furset<\/p>\n<p>Fungerende kommunikasjonsdirekt\u00f8r i Norges Bank, B\u00e5rd Ove Molberg, skriver til B\u00f8rsen at \u00abjeg kan bekrefte at sentralbanksjef Ida Wolden Bache har signert uttalelsen som Den europeiske sentralbanken publiserte i formiddag\u00bb.<\/p>\n<p>\u00abNorges Bank er opptatt av at sentralbankers uavhengighet ivaretes\u00bb, skriver Molberg.<\/p>\n<p>    <a itemprop=\"url\" href=\"https:\/\/borsen.dagbladet.no\/nyheter\/har-gatt-for-langt\/84090915\" rel=\"nofollow noopener\" target=\"_blank\"><\/p>\n<p>        <img loading=\"lazy\" decoding=\"async\" src=\"https:\/\/www.europesays.com\/no\/wp-content\/uploads\/2026\/01\/1768322591_705_84090929.webp.webp\" width=\"980\" height=\"441\" title=\"- Har g\u00e5tt for langt\" alt=\"\" class=\"lazyload\" style=\"--aspect-ratio-image: 2.22; \"\/><\/p>\n<p>        &#8211; Har g\u00e5tt for langt<\/p>\n<p>    <\/a><\/p>\n<p>&#8211; Respektert kollega\t<\/p>\n<p>I uttalelsen fra sentralbanksjefene st\u00e5r det:<\/p>\n<p>\u00abVi st\u00e5r i full solidaritet med sentralbanksystemet og dets leder Jerome Powell. Sentralbankens uavhengighet er en b\u00e6rebjelke for prisstabilitet, samt finansiell og \u00f8konomisk stabilitet, til beste for innbyggerne vi tjener\u00bb, heter det i uttalelsen.<\/p>\n<p>        USAs president Donald Trump m\u00f8tte toppledere fra amerikanske oljeselskaper fredag 9. januar. M\u00f8tet har f\u00e5tt mye oppmerksomhet for alt annet enn olje. Video: Det hvite hus. Reporter: Marte Nyl\u00f8kken Helseth. <\/p>\n<p>\u00abDet er derfor avgj\u00f8rende \u00e5 bevare denne uavhengigheten, med full respekt for rettsstaten og demokratisk ansvarlighet. Sentralbanksjef Powell har utf\u00f8rt sitt arbeid med integritet, med fokus p\u00e5 sitt mandat og en urokkelig forpliktelse til allmenhetens beste. For oss er han en respektert kollega som holdes i h\u00f8yeste aktelse av alle som har arbeidet med ham\u00bb.<\/p>\n<p>    <a itemprop=\"url\" href=\"https:\/\/borsen.dagbladet.no\/nyheter\/mener-etterforskning-er-trump-hevn-apenbart\/84087713\" rel=\"nofollow noopener\" target=\"_blank\"><\/p>\n<p>        <img loading=\"lazy\" decoding=\"async\" src=\"https:\/\/www.europesays.com\/no\/wp-content\/uploads\/2026\/01\/84089090.webp.webp\" width=\"980\" height=\"441\" title=\"Mener etterforskning er \u00abTrump-hevn\u00bb: - \u00c5penbart\" alt=\"\" class=\"lazyload\" style=\"--aspect-ratio-image: 2.22; \"\/><\/p>\n<p>        Mener etterforskning er \u00abTrump-hevn\u00bb: &#8211; \u00c5penbart<\/p>\n<p>    <\/a><\/p>\n<p>Etterforskning\t<\/p>\n<p>Powell er under etterforskning for to forhold: Oppussing av hovedkvarteret til sentralbanken, og om han villedet Kongressen om omfanget av prosjektet.<\/p>\n<p>Powell selv mener etterforskningen er et resultatet av et politisk press fra president Trump, som f\u00f8lge av at Powell ikke setter ned renta slik Trump \u00f8nsker.<\/p>\n","protected":false},"excerpt":{"rendered":"Norges sentralbanksjef Ida Wolden Bache har sammen med en rekke utenlandske kolleger undertegnet en uttalelse til st\u00f8tte for&hellip;\n","protected":false},"author":2,"featured_media":135944,"comment_status":"","ping_status":"","sticky":false,"template":"","format":"standard","meta":{"footnotes":""},"categories":[12],"tags":[20,21,24,25,15,22,23,13,30,28,29,14,16,26,27,42,43,44,45],"class_list":{"0":"post-135943","1":"post","2":"type-post","3":"status-publish","4":"format-standard","5":"has-post-thumbnail","7":"category-verden","8":"tag-breaking-news","9":"tag-breakingnews","10":"tag-featured-news","11":"tag-featurednews","12":"tag-headlines","13":"tag-latest-news","14":"tag-latestnews","15":"tag-news","16":"tag-no","17":"tag-norge","18":"tag-norway","19":"tag-nyheter","20":"tag-overskrifter","21":"tag-top-stories","22":"tag-topstories","23":"tag-verden","24":"tag-world","25":"tag-world-news","26":"tag-worldnews"},"share_on_mastodon":{"url":"https:\/\/pubeurope.com\/@no\/115888796814287491","error":""},"_links":{"self":[{"href":"https:\/\/www.europesays.com\/no\/wp-json\/wp\/v2\/posts\/135943","targetHints":{"allow":["GET"]}}],"collection":[{"href":"https:\/\/www.europesays.com\/no\/wp-json\/wp\/v2\/posts"}],"about":[{"href":"https:\/\/www.europesays.com\/no\/wp-json\/wp\/v2\/types\/post"}],"author":[{"embeddable":true,"href":"https:\/\/www.europesays.com\/no\/wp-json\/wp\/v2\/users\/2"}],"replies":[{"embeddable":true,"href":"https:\/\/www.europesays.com\/no\/wp-json\/wp\/v2\/comments?post=135943"}],"version-history":[{"count":0,"href":"https:\/\/www.europesays.com\/no\/wp-json\/wp\/v2\/posts\/135943\/revisions"}],"wp:featuredmedia":[{"embeddable":true,"href":"https:\/\/www.europesays.com\/no\/wp-json\/wp\/v2\/media\/135944"}],"wp:attachment":[{"href":"https:\/\/www.europesays.com\/no\/wp-json\/wp\/v2\/media?parent=135943"}],"wp:term":[{"taxonomy":"category","embeddable":true,"href":"https:\/\/www.europesays.com\/no\/wp-json\/wp\/v2\/categories?post=135943"},{"taxonomy":"post_tag","embeddable":true,"href":"https:\/\/www.europesays.com\/no\/wp-json\/wp\/v2\/tags?post=135943"}],"curies":[{"name":"wp","href":"https:\/\/api.w.org\/{rel}","templated":true}]}}