{"id":135947,"date":"2026-01-13T16:45:08","date_gmt":"2026-01-13T16:45:08","guid":{"rendered":"https:\/\/www.europesays.com\/no\/135947\/"},"modified":"2026-01-13T16:45:08","modified_gmt":"2026-01-13T16:45:08","slug":"overraskende-rekord-midt-i-dramaet","status":"publish","type":"post","link":"https:\/\/www.europesays.com\/no\/135947\/","title":{"rendered":"Overraskende rekord midt i dramaet"},"content":{"rendered":"<p>Billetter til Eurovision Song Contest 2026 er solgt p\u00e5 rekordtid, st\u00e5r det i en <a href=\"https:\/\/www.ebu.ch\/news\/2026\/01\/tickets-for-70th-eurovision-song-contest-sell-out-in-record-time\" rel=\"nofollow noopener\" target=\"_blank\">pressemelding<\/a>\u00a0fra Den europeiske kringkastingsunion (EBU).<\/p>\n<p>Billettene til finalen i Wien i mai ble solgt p\u00e5 14 minutter, og alle billetter til semifinalene var utsolgt etter 20 minutter.<\/p>\n<p> Fans sikret seg ogs\u00e5 billetter til generalpr\u00f8ver, og alle tilgjengelige billetter var borte \u00e9n time etter at salget startet. <\/p>\n<p>Wiener Stadthalle, arenaen hvor den 70. konkurransen vil bli avholdt, har den st\u00f8rste kapasiteten til en Eurovision-arena p\u00e5 flere \u00e5r. Med andre ord er det enormt mange billetter som har blitt revet bort.\u00a0<\/p>\n<p>Kommer mer<\/p>\n<p>Martin Green, direkt\u00f8r for Eurovision Song Contest, sier f\u00f8lgende i den nevnte pressemeldingen:\u00a0<\/p>\n<p>\u2013 Responsen har v\u00e6rt fenomenal. \u00c5 se at hver eneste show blir utsolgt s\u00e5 raskt er en kraftig p\u00e5minnelse om hva Eurovision Song Contest representerer \u2013 glede, samhold og felles opplevelser i en tid hvor det f\u00f8les viktigere enn noen gang.<\/p>\n<p>Han sier ogs\u00e5 at det vil bli muligheter for flere billetter etter hvert.\u00a0<\/p>\n<p>\u2013 For de som registrerte seg og ikke klarte \u00e5 sikre seg billetter til sitt foretrukne show, vil det komme flere muligheter senere p\u00e5 v\u00e5ren.<\/p>\n<p>        <img class=\"image__img lazyload\" itemprop=\"image\" title=\"Foto: Erik Edland \/ TV 2\" alt=\"FAN: H\u00e5kon R\u00f8ssum elsker Eurovision, og arrangerer \u00e5rlig en stor Eurovision-konsert i hovedstaden hvor han samler flere ESC-legender. Foto: Erik Edland \/ TV 2\" width=\"675\" height=\"379\" bad-src=\"https:\/\/www.europesays.com\/no\/wp-content\/uploads\/2026\/01\/17678302.webp.jpeg\" fetchpriority=\"auto\" \/><\/p>\n<p>      FAN: H\u00e5kon R\u00f8ssum elsker Eurovision, og arrangerer \u00e5rlig en stor Eurovision-konsert i hovedstaden hvor han samler flere ESC-legender.<br \/>\n         Foto: Erik Edland \/ TV 2<\/p>\n<p>\u2013 Konkurransen st\u00e5r sterkt<\/p>\n<p>TV 2 har intervjuet H\u00e5kon R\u00f8ssum, sjef for fansiden Eurovision Norway. Som mange\u00e5rige ESC-fan, er dette trolig gode nyheter for ham.\u00a0<\/p>\n<p>\u2013 At Eurovision la ut billetter i dag og at de ble utsolgt p\u00e5 rekordtid, vitner om at konkurransen fortsatt st\u00e5r sterkt p\u00e5 det europeiske kontinentet. <\/p>\n<p>Han innr\u00f8mmer likevel at det er overraskende at rekorden kommer i g\u00e5r, med tanke p\u00e5 all negativ presse rundt \u00e5rets arrangement.\u00a0<\/p>\n<p>Flere land <a href=\"https:\/\/www.tv2.no\/underholdning\/mener-eurovisions-fremtid-henger-i-en-tynn-trad\/18376663\/\" rel=\"nofollow noopener\" target=\"_blank\">boikotter konkurransen p\u00e5 grunn av Israels deltakelse<\/a>, EBU har kommet med <a href=\"https:\/\/www.tv2.no\/underholdning\/nrk-svarer-om-eurovision-endringene-forelopig-lovende\/18309892\/\" rel=\"nofollow noopener\" target=\"_blank\">nye regler<\/a> p\u00e5 grunn av de mange skandalene de siste \u00e5rene og <a href=\"https:\/\/www.tv2.no\/underholdning\/mener-eurovisions-fremtid-henger-i-en-tynn-trad\/18376663\/\" rel=\"nofollow noopener\" target=\"_blank\">fans mener hele fremtiden til konkurransen henger i en tynn tr\u00e5d<\/a>.<\/p>\n<p>\u2013 Det er selvsagt overraskende at det har v\u00e6rt et s\u00e5 stort tr\u00f8kk fra publikum i \u00e5r, med tanke p\u00e5 mye negativ oppmerksomhet de siste to-tre \u00e5rene, sier R\u00f8ssum, men understreker:\u00a0<\/p>\n<p>\u2013 Samtidig kan det nok v\u00e6re slik at mange fans er lei av dette fokuset og n\u00e5 \u00f8nsker \u00e5 hegne om konkurransen. Mange mener ogs\u00e5 at det er gjort gode grep og vurderinger som skal sikre at det ikke blir like politisk i \u00e5r.<\/p>\n<p>Han har ogs\u00e5 f\u00e5tt med seg at fans reagerer p\u00e5 en slags forskjellsbehandling n\u00e5r det kommer til ESC.\u00a0<\/p>\n<p> \u2013 Mange reagerer p\u00e5 at Eurovision stadig boikottes og svartmales, mens mesterskap i fotball, ski og annen idrett slipper unna samme kritikk. F\u00e5 stempler spillere eller fans i idretten for \u00e5 st\u00f8tte et lands politikk, selv om de deltar i de samme konkurransene. <\/p>\n<p>\u2013\u00a0 Eurovision er en plattform for kringkastere, ikke myndigheter. Derfor er skillet med nye regler som n\u00e5 sikrer konkurransen sin integritet uhyre viktig, mener R\u00f8ssum.<\/p>\n","protected":false},"excerpt":{"rendered":"Billetter til Eurovision Song Contest 2026 er solgt p\u00e5 rekordtid, st\u00e5r det i en pressemelding\u00a0fra Den europeiske kringkastingsunion&hellip;\n","protected":false},"author":2,"featured_media":135948,"comment_status":"","ping_status":"","sticky":false,"template":"","format":"standard","meta":{"footnotes":""},"categories":[5],"tags":[20,21,24,25,15,19,22,23,17,18,13,30,28,29,14,16,26,27],"class_list":{"0":"post-135947","1":"post","2":"type-post","3":"status-publish","4":"format-standard","5":"has-post-thumbnail","7":"category-overskrifter","8":"tag-breaking-news","9":"tag-breakingnews","10":"tag-featured-news","11":"tag-featurednews","12":"tag-headlines","13":"tag-hovedoppslag","14":"tag-latest-news","15":"tag-latestnews","16":"tag-main-news","17":"tag-mainnews","18":"tag-news","19":"tag-no","20":"tag-norge","21":"tag-norway","22":"tag-nyheter","23":"tag-overskrifter","24":"tag-top-stories","25":"tag-topstories"},"share_on_mastodon":{"url":"https:\/\/pubeurope.com\/@no\/115888804602415095","error":""},"_links":{"self":[{"href":"https:\/\/www.europesays.com\/no\/wp-json\/wp\/v2\/posts\/135947","targetHints":{"allow":["GET"]}}],"collection":[{"href":"https:\/\/www.europesays.com\/no\/wp-json\/wp\/v2\/posts"}],"about":[{"href":"https:\/\/www.europesays.com\/no\/wp-json\/wp\/v2\/types\/post"}],"author":[{"embeddable":true,"href":"https:\/\/www.europesays.com\/no\/wp-json\/wp\/v2\/users\/2"}],"replies":[{"embeddable":true,"href":"https:\/\/www.europesays.com\/no\/wp-json\/wp\/v2\/comments?post=135947"}],"version-history":[{"count":0,"href":"https:\/\/www.europesays.com\/no\/wp-json\/wp\/v2\/posts\/135947\/revisions"}],"wp:featuredmedia":[{"embeddable":true,"href":"https:\/\/www.europesays.com\/no\/wp-json\/wp\/v2\/media\/135948"}],"wp:attachment":[{"href":"https:\/\/www.europesays.com\/no\/wp-json\/wp\/v2\/media?parent=135947"}],"wp:term":[{"taxonomy":"category","embeddable":true,"href":"https:\/\/www.europesays.com\/no\/wp-json\/wp\/v2\/categories?post=135947"},{"taxonomy":"post_tag","embeddable":true,"href":"https:\/\/www.europesays.com\/no\/wp-json\/wp\/v2\/tags?post=135947"}],"curies":[{"name":"wp","href":"https:\/\/api.w.org\/{rel}","templated":true}]}}