{"id":135955,"date":"2026-01-13T16:50:09","date_gmt":"2026-01-13T16:50:09","guid":{"rendered":"https:\/\/www.europesays.com\/no\/135955\/"},"modified":"2026-01-13T16:50:09","modified_gmt":"2026-01-13T16:50:09","slug":"tale-torjussen-trygve-bennetsen-skal-vi-danse-tale-torjussen-rammet-av-sykdom-nede-for-telling","status":"publish","type":"post","link":"https:\/\/www.europesays.com\/no\/135955\/","title":{"rendered":"Tale Torjussen, Trygve bennetsen | \u00abSkal vi danse\u00bb-Tale Torjussen rammet av sykdom: \u2013 Nede for telling"},"content":{"rendered":"\n<p>Skuespiller Tale Torjussen (20) og influenser Trygve Bennetsen (23) skriver begge p\u00e5 sosiale medier at de nylig ble rammet av sykdom i S\u00f8r-Afrika.<\/p>\n<p><b>Les ogs\u00e5: <a href=\"https:\/\/www.nettavisen.no\/kjendis\/antonio-careri-hyller-tale-torjussen-etter-seieren-i-skal-vi-danse-delte-mye-mer-enn-bare-dans\/s\/5-95-2794579\" rel=\"Follow nofollow noopener\" target=\"_blank\">Hyller partneren etter seieren: \u2013 Mye mer enn bare dans<\/a><\/b><\/p>\n<p>De reiste til landet p\u00e5 ny\u00e5ret <a href=\"https:\/\/www.nettavisen.no\/kjendis\/flytrobbel-for-skal-vi-danse-profilene\/s\/5-95-2804822\" rel=\"Follow nofollow noopener\" target=\"_blank\">for \u00e5 bes\u00f8ke interi\u00f8rekspert Halvor Bakke<\/a> (55), som de ble kjent med under innspillingen av \u00abSkal vi danse\u00bb. De har ogs\u00e5 hatt en tredje venn med seg p\u00e5 turen.<\/p>\n<p>\u2013 Vi har alle tre v\u00e6rt nede for telling med matforgiftning. Trygve har v\u00e6rt d\u00f8d i to dager, skriver Tale Torjussen i en oppdatering p\u00e5 Snapchat.<\/p>\n<p>    Vil du se neste video?<\/p>\n<p>    <a href=\"https:\/\/www.nettavisen.no\/nyheter\/pete-hegseth-avbryter-plutselig-marco-rubio-klikker-pa-direkten\/v\/5-95-2813524\" class=\"recommend-poster\" data-adp-clicklabel=\"video-recommend\" data-adp-clickvalue=\"poster\" rel=\"nofollow noopener\" target=\"_blank\"><br \/>\n      <img decoding=\"async\" width=\"200\" height=\"200\" loading=\"lazy\" src=\"https:\/\/www.europesays.com\/no\/wp-content\/uploads\/2026\/01\/Hegseth+til+cue.jpg\" alt=\"\" class=\"brick-c-cFOWSL\" style=\"--brick-image-ratio: 200 \/ 200;\"\/><\/p>\n<p>Avbryter plutselig: Klikker p\u00e5 direkten1:05<\/p>\n<p>    <\/a><\/p>\n<p>\u2013 Begynner \u00e5 bli bedre<\/p>\n<p>Bennetsen opplyser p\u00e5 Snapchat at han har begynt \u00e5 komme seg etter sykeleiet.<\/p>\n<p>\u2013 Jeg har v\u00e6rt nede for telling de siste dagene, men begynner \u00e5 bli bedre, skriver 23-\u00e5ringen.<\/p>\n<p><b>Les ogs\u00e5: <a href=\"https:\/\/www.nettavisen.no\/kjendis\/dette-tjener-mesternes-mester-profilene-god-for-250-millioner\/s\/5-95-2819819\" rel=\"Follow nofollow noopener\" target=\"_blank\">Pengene flyter: God for 250 millioner<\/a><\/b><\/p>\n<p>Nettavisen har fors\u00f8kt \u00e5 f\u00e5 en kommentar fra Tale Torjussen, forel\u00f8pig uten \u00e5 lykkes. Trygve Bennetsen \u00f8nsker ikke \u00e5 kommentere saken. <\/p>\n<p>Tale Torjussen gikk helt til topps i \u00abSkal vi danse\u00bb i fjor h\u00f8st, foran Viggo Venn og Tiril Eckhoff som endte p\u00e5 henholdsvis andre og tredjeplass.<\/p>\n<p>    Vil du se neste video?<\/p>\n<p>    <a href=\"https:\/\/www.nettavisen.no\/nyheter\/pete-hegseth-avbryter-plutselig-marco-rubio-klikker-pa-direkten\/v\/5-95-2813524\" class=\"recommend-poster\" data-adp-clicklabel=\"video-recommend\" data-adp-clickvalue=\"poster\" rel=\"nofollow noopener\" target=\"_blank\"><br \/>\n      <img decoding=\"async\" width=\"200\" height=\"200\" loading=\"lazy\" src=\"https:\/\/www.europesays.com\/no\/wp-content\/uploads\/2026\/01\/Hegseth+til+cue.jpg\" alt=\"\" class=\"brick-c-cFOWSL\" style=\"--brick-image-ratio: 200 \/ 200;\"\/><\/p>\n<p>Avbryter plutselig: Klikker p\u00e5 direkten1:05<\/p>\n<p>    <\/a><\/p>\n<p>Bestekompisen Trygve Bennetsen m\u00e5tte ta til takke med en sjetteplass.<\/p>\n<p>Halvor Bakke r\u00f8yk ut som andremann da han trakk seg som f\u00f8lge av en langvarig betennelse i foten.<\/p>\n<p>Flere problemer: Flyet kansellert<\/p>\n<p>Ferien til Bakkes villa i S\u00f8r-Afrika skulle bli et etterlengtet eventyr etter den lange danseh\u00f8sten, men p\u00e5 vei ned fikk Torjussen og Bennetsen tr\u00f8bbel <a href=\"https:\/\/www.nettavisen.no\/kjendis\/flytrobbel-for-skal-vi-danse-profilene\/s\/5-95-2804822\" rel=\"Follow nofollow noopener\" target=\"_blank\">da flyet deres ble kansellert i siste sekund<\/a>.<\/p>\n<p>Tale Torjussen uttrykket stor misn\u00f8ye i sosiale medier da flykaoset var et faktum.<\/p>\n<p><b>Les ogs\u00e5: <a href=\"https:\/\/www.nettavisen.no\/kjendis\/spiller-gift-pa-tv-slik-er-forholdet-privat\/s\/5-95-2812308\" rel=\"Follow nofollow noopener\" target=\"_blank\">Om forholdet med Linn Sk\u00e5ber og Thomas Giertsen: \u2013 En herlig trekant<\/a><\/b><\/p>\n<p>\u00abJeg er seri\u00f8st s\u00e5 sint. Vet ikke hvor jeg skal gj\u00f8re av meg\u00bb, skrev \u00abSkal vi danse\u00bb-vinneren.<\/p>\n<p>Kraftig forsinket kom de seg av g\u00e5rde, og de siste ukene har de nytt late dager p\u00e5 ferie.<\/p>\n<p>Det var i 2022 <a rel=\"Follow nofollow noopener\" href=\"https:\/\/www.nettavisen.no\/kjendis\/halvor-bakke-motte-veggen-alt-ble-svart-og-morkt\/s\/5-95-1339053\" target=\"_blank\">Bakke kj\u00f8pte en tomt i S\u00f8r-Afrika<\/a> sammen med forretningspartneren Julian Bj\u00f8rnerem, der de n\u00e5 har reist en stor ferievilla med ti sengeplasser og basseng.<\/p>\n<p>Bakkes eiendom ligger i et vinomr\u00e5de 45 minutter utenfor Cape Town.<\/p>\n<p>    Vil du se neste video?<\/p>\n<p>    <a href=\"https:\/\/www.nettavisen.no\/nyheter\/pete-hegseth-avbryter-plutselig-marco-rubio-klikker-pa-direkten\/v\/5-95-2813524\" class=\"recommend-poster\" data-adp-clicklabel=\"video-recommend\" data-adp-clickvalue=\"poster\" rel=\"nofollow noopener\" target=\"_blank\"><br \/>\n      <img decoding=\"async\" width=\"200\" height=\"200\" loading=\"lazy\" src=\"https:\/\/www.europesays.com\/no\/wp-content\/uploads\/2026\/01\/Hegseth+til+cue.jpg\" alt=\"\" class=\"brick-c-cFOWSL\" style=\"--brick-image-ratio: 200 \/ 200;\"\/><\/p>\n<p>Avbryter plutselig: Klikker p\u00e5 direkten1:05<\/p>\n<p>    <\/a><\/p>\n","protected":false},"excerpt":{"rendered":"Skuespiller Tale Torjussen (20) og influenser Trygve Bennetsen (23) skriver begge p\u00e5 sosiale medier at de nylig ble&hellip;\n","protected":false},"author":2,"featured_media":120219,"comment_status":"","ping_status":"","sticky":false,"template":"","format":"standard","meta":{"footnotes":""},"categories":[12],"tags":[20,21,24,25,15,22,23,13,30,28,29,14,16,26,27,42,43,44,45],"class_list":{"0":"post-135955","1":"post","2":"type-post","3":"status-publish","4":"format-standard","5":"has-post-thumbnail","7":"category-verden","8":"tag-breaking-news","9":"tag-breakingnews","10":"tag-featured-news","11":"tag-featurednews","12":"tag-headlines","13":"tag-latest-news","14":"tag-latestnews","15":"tag-news","16":"tag-no","17":"tag-norge","18":"tag-norway","19":"tag-nyheter","20":"tag-overskrifter","21":"tag-top-stories","22":"tag-topstories","23":"tag-verden","24":"tag-world","25":"tag-world-news","26":"tag-worldnews"},"share_on_mastodon":{"url":"https:\/\/pubeurope.com\/@no\/115888824357377550","error":""},"_links":{"self":[{"href":"https:\/\/www.europesays.com\/no\/wp-json\/wp\/v2\/posts\/135955","targetHints":{"allow":["GET"]}}],"collection":[{"href":"https:\/\/www.europesays.com\/no\/wp-json\/wp\/v2\/posts"}],"about":[{"href":"https:\/\/www.europesays.com\/no\/wp-json\/wp\/v2\/types\/post"}],"author":[{"embeddable":true,"href":"https:\/\/www.europesays.com\/no\/wp-json\/wp\/v2\/users\/2"}],"replies":[{"embeddable":true,"href":"https:\/\/www.europesays.com\/no\/wp-json\/wp\/v2\/comments?post=135955"}],"version-history":[{"count":0,"href":"https:\/\/www.europesays.com\/no\/wp-json\/wp\/v2\/posts\/135955\/revisions"}],"wp:featuredmedia":[{"embeddable":true,"href":"https:\/\/www.europesays.com\/no\/wp-json\/wp\/v2\/media\/120219"}],"wp:attachment":[{"href":"https:\/\/www.europesays.com\/no\/wp-json\/wp\/v2\/media?parent=135955"}],"wp:term":[{"taxonomy":"category","embeddable":true,"href":"https:\/\/www.europesays.com\/no\/wp-json\/wp\/v2\/categories?post=135955"},{"taxonomy":"post_tag","embeddable":true,"href":"https:\/\/www.europesays.com\/no\/wp-json\/wp\/v2\/tags?post=135955"}],"curies":[{"name":"wp","href":"https:\/\/api.w.org\/{rel}","templated":true}]}}