{"id":135956,"date":"2026-01-13T16:51:07","date_gmt":"2026-01-13T16:51:07","guid":{"rendered":"https:\/\/www.europesays.com\/no\/135956\/"},"modified":"2026-01-13T16:51:07","modified_gmt":"2026-01-13T16:51:07","slug":"diskrimineringsnemnda-skulle-korte-ned-ventetiden-na-er-den-lenger-enn-noen-gang-stor-oslo","status":"publish","type":"post","link":"https:\/\/www.europesays.com\/no\/135956\/","title":{"rendered":"Diskrimineringsnemnda skulle korte ned ventetiden. N\u00e5 er den lenger enn noen gang \u2013 Stor-Oslo"},"content":{"rendered":"<p>Hvert \u00e5r melder flere hundretalls mennesker ifra om at de blir utsatt for rasisme og annen diskriminering.<\/p>\n<p>Det f\u00f8rer til at klagebunken hos Diskrimineringsnemnda bare blir st\u00f8rre og st\u00f8rre.<\/p>\n<p><strong>\u2013 Det er frustrerende at man m\u00e5 vente s\u00e5pass lenge for \u00e5 f\u00e5 en sak behandlet. <\/strong><\/p>\n<p>Det sier Akhenaton Oddvar de Leon, lederen i Organisasjonen mot offentlig diskriminering (OMOD).<\/p>\n<p>De siste \u00e5rene har han sendt inn flere klager til Diskrimineringsnemnda p\u00e5 vegne av organisasjonen.<\/p>\n<p><strong>Men i fjor var den gjennomsnittlige saksbehandlingstiden lenger enn noen gang:<\/strong><\/p>\n<p>Han mener dette f\u00f8rer til en ekstra belastning for klagerne, som allerede opplever seg diskriminert.<\/p>\n<p><strong>\u2013 De har opplevd rasisme og diskriminering. Den lange ventetiden skaper mer angst og frustrasjon.<\/strong><\/p>\n<p>Ventet i over halvannet \u00e5r<\/p>\n<p>De Leon i OMOD venter n\u00e5 p\u00e5 avgj\u00f8relser i to saker:<\/p>\n<p>Mot <a href=\"https:\/\/www.dagsavisen.no\/nyheter\/stavanger-gir-saerbehandling-til-ukrainske-flyktninger-klages-inn-til-diskrimineringsnemnda\/6664902\" onclick=\"window.open(this.href, &#039;&#039;, &#039;resizable=no,status=no,location=no,toolbar=no,menubar=no,fullscreen=no,scrollbars=no,dependent=no&#039;); return false;\" ec-id=\"https:\/\/www.dagsavisen.no\/nyheter\/stavanger-gir-saerbehandling-til-ukrainske-flyktninger-klages-inn-til-diskrimineringsnemnda\/6664902\" ec-name=\"Stavanger kommune\" rel=\"nofollow noopener\" target=\"_blank\">Stavanger kommune<\/a> og <a href=\"https:\/\/www.nrk.no\/stor-oslo\/mener-regjeringen-bryter-diskrimineringsloven-ved-a-ha-for-fa-minoriteter-i-helseutvalgene-1.17074668\" ec-id=\"pp:article:1.17074668\" ec-name=\"Helse- og omsorgsdepartementet\" rel=\"nofollow noopener\" target=\"_blank\">Helse- og omsorgsdepartementet<\/a>.<\/p>\n<p>Den ene ble klaget inn i mai 2024, den andre i august samme \u00e5r.<\/p>\n<p>\u2013 Vi har fortsatt ikke f\u00e5tt vite utfallet.<\/p>\n<p><strong>Tidligere har de ventet i omtrent et \u00e5r p\u00e5 svar.<\/strong><\/p>\n<p>Dette er Diskrimineringsnemnda: <\/p>\n<ul>\n<li>Diskrimineringsnemnda er et n\u00f8ytralt og uavhengig domstolslignende statlig organ som avgj\u00f8r enkeltsaker om diskriminering, trakassering, seksuell trakassering og gjengjeldelse.<\/li>\n<li>Nemnda kan fatte vedtak om at et forhold er i strid med diskrimineringslovgivningen.<\/li>\n<li>Nemnda er et alternativ til \u00e5 bringe saker inn i domstolene, og er ment \u00e5 v\u00e6re enklere, raskere og billigere.<\/li>\n<li>Det er gratis \u00e5 f\u00e5 en sak behandlet av nemnda, og partene velger selv om de vil bruke advokat.<\/li>\n<li>Ca. 30 prosent av innkomne saker gjennomg\u00e5r full behandling med nemnd.<\/li>\n<li>13 prosent av alle saker gir klager medhold. Bruddprosenten varierer en del mellom de ulike diskrimineringsgrunnlagene.<\/li>\n<\/ul>\n<p>Kilde: Diskrimineringsnemnda, Store Norske Leksikon<\/p>\n<p><strong>Det er for vanskelig \u00e5 komme i kontakt med nemnda for \u00e5 f\u00e5 vite status i sakene, mener De Leon. <\/strong><\/p>\n<p>\u2013 Det er et lukket system. Det er vanskelig \u00e5 komme i kontakt med noen, jeg savner mer dialog med klagerne.<\/p>\n<p><img decoding=\"async\"   src=\"data:image\/gif;base64,R0lGODlhAQABAIAAAAAAAP\/\/\/yH5BAEAAAAALAAAAAABAAEAAAIBRAA7\" loading=\"eager\" alt=\"Akhenaton de Leon\" title=\"Foto: Silja Bj\u00f6rklund Einarsd\u00f3ttir \/ NRK\"\/><\/p>\n<p>Foto: Silja Bj\u00f6rklund Einarsd\u00f3ttir \/ NRK<\/p>\n<p>Diskrimineringsnemnda: \u2013 Stor forst\u00e5else<\/p>\n<p>I 2025 kom det inn 703 saker til Diskrimineringsnemnda.<\/p>\n<p>Gjennomsnittlig saksbehandlingstid var p\u00e5 400 dager.<\/p>\n<p><strong>Begge deler er rekordh\u00f8yt:<\/strong><\/p>\n<p>Ashan Nishantha er direkt\u00f8r i Diskrimineringsnemnda.<\/p>\n<p><strong>Den lange ventetiden skyldes at de har f\u00e5tt inn <\/strong><strong>flere saker enn det de har klart \u00e5 avgj\u00f8re, forklarer Nishantha.<\/strong><\/p>\n<p><img decoding=\"async\"   src=\"data:image\/gif;base64,R0lGODlhAQABAIAAAAAAAP\/\/\/yH5BAEAAAAALAAAAAABAAEAAAIBRAA7\" loading=\"eager\" alt=\"Ashan Nishantha, direkt\u00f8r i Diskrimineringsnemnda.\" title=\"Foto: Thor Br\u00f8dreskift \/ Thor Brodreskift\"\/><\/p>\n<p class=\"\">Direkt\u00f8r i Diskrimineringsnemnda, Ashan Nishantha.<\/p>\n<p>Foto: Thor Br\u00f8dreskift \/ Thor Brodreskift<\/p>\n<p>Bunken har med andre ord vokst seg st\u00f8rre og st\u00f8rre, uten at de har klart \u00e5 komme \u00e0 jour.<\/p>\n<p>Dette til tross for at et overordnet m\u00e5l de siste \u00e5rene har v\u00e6rt \u00e5 redusere nettopp ventetiden.<\/p>\n<p><strong>\u2013 Rundt 2022 hadde vi e<\/strong><strong>n dobling i antall klagesaker. De siste \u00e5rene har \u00f8kningen ligget p\u00e5 rundt 17 prosent \u00e5rlig.<\/strong><\/p>\n<p>Eksempler p\u00e5 saker i Diskrimineringsnemnda<\/p>\n<ul>\n<li><strong>Jobbavslag fordi han var russisk<\/strong><\/li>\n<\/ul>\n<p>En arbeidss\u00f8ker fikk avslag i tre ansettelsesprosesser p\u00e5 samme arbeidsplass, fordi han hadde russisk statsborgerskap.<\/p>\n<p>Nemnda konkluderte med at klager var utsatt for direkte forskjellsbehandling p\u00e5 grunn av etnisitet, og at forskjellsbehandlingen ikke var lovlig.<\/p>\n<p>De vedtok brudd fordi det ikke var gjort en konkret, individuell vurdering av klager.<\/p>\n<p>Klagen ble mottatt 20.02.2024, og avsluttet 20.12.2025.<\/p>\n<ul>\n<li><strong>Hindret \u00e5 kj\u00f8re til hyttevegg<\/strong><\/li>\n<\/ul>\n<p>En kvinnelig klager har en funksjonsnedsettelse som f\u00f8rer til at hun har behov for enklere tilkomst til hytten. Sameiet nekter henne \u00e5 kj\u00f8re over fellesarealet for \u00e5 komme til sin hytte, og har satt opp fysisk hindring.<\/p>\n<p>Nemnda kom til at klager ble diskriminert p\u00e5 grunn av funksjonsnedsettelsen sin, og p\u00e5la sameiet \u00e5 fjerne hindringa.<\/p>\n<p>Blant nemndas saker til behandling er en fra 2023, som gjelder p\u00e5stand om diskriminering p\u00e5 grunn av etnisitet.<\/p>\n<p>Bakgrunnen er at klagers leiekontrakt for en bolig ble avsluttet av huseier.<\/p>\n<p>Klagen ble mottatt 25.07.2024 og avsluttet 11.12.2025.<\/p>\n<ul>\n<li><strong>Seksuell trakassering av leder<\/strong><\/li>\n<\/ul>\n<p>En annen sak som enn\u00e5 ikke er konkludert i, handler om p\u00e5stand om seksuell trakassering, og brudd p\u00e5 arbeidsgivers plikt til \u00e5 forebygge og s\u00f8ke \u00e5 hindre seksuell trakassering.<\/p>\n<p>Klager p\u00e5st\u00e5r at hun ved flere anledninger ble seksuelt trakassert av en overordnet, og at arbeidsgiver ikke har hatt gode nok rutiner for \u00e5 forebygge og s\u00f8ke \u00e5 hindre seksuell trakassering.<\/p>\n<p>Klagen ble mottatt i februar 2024. <\/p>\n<p>Kilde: <a href=\"https:\/\/www.diskrimineringsnemnda.no\/klagesaker-og-statistikk\" ec-id=\"https:\/\/www.diskrimineringsnemnda.no\/klagesaker-og-statistikk\" ec-name=\"Diskrimineringsnemnda.no\" rel=\"nofollow noopener\" target=\"_blank\">Diskrimineringsnemnda.no<\/a><\/p>\n<p>\u00d8kningen skyldes i hovedsak to ting, sier han:<\/p>\n<p>At Diskrimineringsnemnda fortl\u00f8pende har f\u00e5tt myndighet til \u00e5 avgj\u00f8re flere typer saker, og at flere mennesker er blitt kjent med ordningen.<\/p>\n<p>Vil halvere ventetiden<\/p>\n<p><strong>Direkt\u00f8ren sier at han har \u00abveldig stor forst\u00e5else for at det er krevende \u00e5 st\u00e5 i en s\u00e5nn prosess\u00bb.<\/strong><\/p>\n<p>\u2013 B\u00e5de for den som klager, og for den som er innklaget. Det \u00e5 m\u00e5tte vente s\u00e5 lenge er veldig belastende.<\/p>\n<p><strong>Han har et klart m\u00e5l for 2026:<\/strong><\/p>\n<p>\u2013 Jeg \u00f8nsker at vi skal kunne tilby en gjennomsnittlig saksbehandlingstid p\u00e5 seks m\u00e5neder. Det jobber vi hardt for \u00e5 f\u00e5 til.<\/p>\n<p>Nishantha sier at de har tatt flere grep for \u00e5 f\u00e5 behandlet klagesakene sine raskere.<\/p>\n<p>\u2013 Fra 2023 har vi f\u00e5tt \u00f8kte bevilgninger, og vi har begynt \u00e5 ta igjen etterslepet.<\/p>\n<p>Disse grepene har Diskrimineringsnemnda tatt<\/p>\n<ul>\n<li>Gjort en fullstendig gjennomgang av saksbehandlingsrutinen for sakene, og kortet ned stegene i en klagesak.<\/li>\n<li>Jobbet med \u00e5 spesialisere juristene.<\/li>\n<li>Ansatt flere jurister og har flere nemndsm\u00f8ter enn f\u00f8r.<\/li>\n<li>I 2026 vil de etablere et effektivisert mottak av klagesakene, og fortsette spesialiseringen.<\/li>\n<\/ul>\n<p>Kilde: Ashan Nishantha, direkt\u00f8r i Diskrimineringsnemnda<\/p>\n<p>\u2013 Saksbehandlingstiden var p\u00e5 over 13 m\u00e5neder i fjor. Hvordan skal dere klare det?<\/p>\n<p><strong>\u2013 Hvis vi fortsetter med den bemanningen vi har n\u00e5, og vi f\u00e5r den effekten vi forventer av de ulike tiltakene, s\u00e5 har jeg tro p\u00e5 at vi skal f\u00e5 dette til.<\/strong><\/p>\n<p>De Leon i OMOD er klar over at klagebunken er blitt st\u00f8rre, og at dette er noe av grunnen til saksbehandlingstiden har \u00f8kt.<\/p>\n<p>Han er likevel bekymret.<\/p>\n<p>Publisert<\/p>\n<p>13.01.2026, kl. 17.00<\/p>\n","protected":false},"excerpt":{"rendered":"Hvert \u00e5r melder flere hundretalls mennesker ifra om at de blir utsatt for rasisme og annen diskriminering. Det&hellip;\n","protected":false},"author":2,"featured_media":135957,"comment_status":"","ping_status":"","sticky":false,"template":"","format":"standard","meta":{"footnotes":""},"categories":[10],"tags":[20,21,24,25,15,22,23,13,30,28,29,14,16,26,27],"class_list":{"0":"post-135956","1":"post","2":"type-post","3":"status-publish","4":"format-standard","5":"has-post-thumbnail","7":"category-norge","8":"tag-breaking-news","9":"tag-breakingnews","10":"tag-featured-news","11":"tag-featurednews","12":"tag-headlines","13":"tag-latest-news","14":"tag-latestnews","15":"tag-news","16":"tag-no","17":"tag-norge","18":"tag-norway","19":"tag-nyheter","20":"tag-overskrifter","21":"tag-top-stories","22":"tag-topstories"},"share_on_mastodon":{"url":"https:\/\/pubeurope.com\/@no\/115888828263205079","error":""},"_links":{"self":[{"href":"https:\/\/www.europesays.com\/no\/wp-json\/wp\/v2\/posts\/135956","targetHints":{"allow":["GET"]}}],"collection":[{"href":"https:\/\/www.europesays.com\/no\/wp-json\/wp\/v2\/posts"}],"about":[{"href":"https:\/\/www.europesays.com\/no\/wp-json\/wp\/v2\/types\/post"}],"author":[{"embeddable":true,"href":"https:\/\/www.europesays.com\/no\/wp-json\/wp\/v2\/users\/2"}],"replies":[{"embeddable":true,"href":"https:\/\/www.europesays.com\/no\/wp-json\/wp\/v2\/comments?post=135956"}],"version-history":[{"count":0,"href":"https:\/\/www.europesays.com\/no\/wp-json\/wp\/v2\/posts\/135956\/revisions"}],"wp:featuredmedia":[{"embeddable":true,"href":"https:\/\/www.europesays.com\/no\/wp-json\/wp\/v2\/media\/135957"}],"wp:attachment":[{"href":"https:\/\/www.europesays.com\/no\/wp-json\/wp\/v2\/media?parent=135956"}],"wp:term":[{"taxonomy":"category","embeddable":true,"href":"https:\/\/www.europesays.com\/no\/wp-json\/wp\/v2\/categories?post=135956"},{"taxonomy":"post_tag","embeddable":true,"href":"https:\/\/www.europesays.com\/no\/wp-json\/wp\/v2\/tags?post=135956"}],"curies":[{"name":"wp","href":"https:\/\/api.w.org\/{rel}","templated":true}]}}