{"id":135958,"date":"2026-01-13T16:52:11","date_gmt":"2026-01-13T16:52:11","guid":{"rendered":"https:\/\/www.europesays.com\/no\/135958\/"},"modified":"2026-01-13T16:52:11","modified_gmt":"2026-01-13T16:52:11","slug":"na-har-han-offisielt-tatt-over-garden","status":"publish","type":"post","link":"https:\/\/www.europesays.com\/no\/135958\/","title":{"rendered":"N\u00e5 har han offisielt tatt over g\u00e5rden"},"content":{"rendered":"<p>I oktober i fjor meldte <a href=\"https:\/\/www.sandnesposten.no\/jakob-asserson-ingebrigtsen-har-kjopt-gard-i-sandnes\/s\/5-105-1249440\" target=\"_blank\" rel=\"nofollow noopener\">Sandnesposten<\/a> at Jakob Asserson Ingebrigtsen (25) hadde punget ut 12 millioner kroner for et g\u00e5rdsbruk p\u00e5 Soma i Sandnes.<\/p>\n<p>Ingebrigtsens pressekontakt, Espen Skoland, bekreftet kj\u00f8pet overfor <a href=\"https:\/\/www.tv2.no\/sport\/jakob-asserson-ingebrigtsen-har-kjopt-gard\/18234025\/\" target=\"_blank\" rel=\"nofollow noopener\">TV 2<\/a>.<\/p>\n<p>Tirsdag denne uken melder <a href=\"https:\/\/www.sandnesposten.no\/na-er-gardskjopet-til-jakob-ingebrigtsen-tinglyst\/s\/5-105-1294108\" target=\"_blank\" rel=\"nofollow noopener\">Sandnesposten <\/a>at g\u00e5rdskj\u00f8pet til idrettsstjernen er tinglyst og at han offisielt har overtatt g\u00e5rden.\u00a0<\/p>\n<p>TV 2 har sett grunnboksutskriften som viser tinglysningen til g\u00e5rden.\u00a0<\/p>\n<p>Tidligere har Ingebrigtsen uttalt til <a href=\"https:\/\/www.nrk.no\/rogaland\/kjopte-gard-til-12-millionar-kroner.-na-opnar-jakob-asserson-ingebrigtsen-opp-om-planane.-1.17634129\" target=\"_blank\" rel=\"nofollow noopener\">NRK <\/a>at han hele tiden har hatt en dr\u00f8m om \u00e5 bo p\u00e5 sm\u00e5bruk.<\/p>\n<p>\u2013 Og det er ikke alltid like lett \u00e5 f\u00e5 med kona p\u00e5 det. Hun er jo veldig glad i bylivet.\u00a0<\/p>\n<p>        <img class=\"image__img lazyload\" itemprop=\"image\" title=\"Foto: Terje Pedersen \/ NTB\" alt=\"FORELDRE: Jakob og Elisabeth A. Ingebrigtsen giftet seg i 2023. I 2024 \u00f8nsket de sin datter velkommen til verden. Foto: Terje Pedersen \/ NTB\" width=\"675\" height=\"453\" bad-src=\"https:\/\/www.europesays.com\/no\/wp-content\/uploads\/2026\/01\/18459460.webp.jpeg\" fetchpriority=\"auto\" \/><\/p>\n<p>      FORELDRE: Jakob og Elisabeth A. Ingebrigtsen giftet seg i 2023. I 2024 \u00f8nsket de sin datter velkommen til verden.<br \/>\n         Foto: Terje Pedersen \/ NTB<\/p>\n<p>Om han vil bli bonde er han imidlertid usikker p\u00e5, men Ingebrigtsen sa at det som er fint med et g\u00e5rdsbruk, er at det er ubegrenset med muligheter.\u00a0<\/p>\n<p>\u2013 Det er jo bare fantasien som setter grenser, fortalte han den gang.\u00a0<\/p>\n<p class=\"italic m-italic\" data-lab-italic=\"italic\">TV 2 har fors\u00f8kt \u00e5 f\u00e5 en kommentar til saken av Jakob Ingebrigtsens pressekontakt, Espen Skoland, forel\u00f8pig uten hell.<\/p>\n","protected":false},"excerpt":{"rendered":"I oktober i fjor meldte Sandnesposten at Jakob Asserson Ingebrigtsen (25) hadde punget ut 12 millioner kroner for&hellip;\n","protected":false},"author":2,"featured_media":135959,"comment_status":"","ping_status":"","sticky":false,"template":"","format":"standard","meta":{"footnotes":""},"categories":[5],"tags":[20,21,24,25,15,19,22,23,17,18,13,30,28,29,14,16,26,27],"class_list":{"0":"post-135958","1":"post","2":"type-post","3":"status-publish","4":"format-standard","5":"has-post-thumbnail","7":"category-overskrifter","8":"tag-breaking-news","9":"tag-breakingnews","10":"tag-featured-news","11":"tag-featurednews","12":"tag-headlines","13":"tag-hovedoppslag","14":"tag-latest-news","15":"tag-latestnews","16":"tag-main-news","17":"tag-mainnews","18":"tag-news","19":"tag-no","20":"tag-norge","21":"tag-norway","22":"tag-nyheter","23":"tag-overskrifter","24":"tag-top-stories","25":"tag-topstories"},"share_on_mastodon":{"url":"https:\/\/pubeurope.com\/@no\/115888832139181839","error":""},"_links":{"self":[{"href":"https:\/\/www.europesays.com\/no\/wp-json\/wp\/v2\/posts\/135958","targetHints":{"allow":["GET"]}}],"collection":[{"href":"https:\/\/www.europesays.com\/no\/wp-json\/wp\/v2\/posts"}],"about":[{"href":"https:\/\/www.europesays.com\/no\/wp-json\/wp\/v2\/types\/post"}],"author":[{"embeddable":true,"href":"https:\/\/www.europesays.com\/no\/wp-json\/wp\/v2\/users\/2"}],"replies":[{"embeddable":true,"href":"https:\/\/www.europesays.com\/no\/wp-json\/wp\/v2\/comments?post=135958"}],"version-history":[{"count":0,"href":"https:\/\/www.europesays.com\/no\/wp-json\/wp\/v2\/posts\/135958\/revisions"}],"wp:featuredmedia":[{"embeddable":true,"href":"https:\/\/www.europesays.com\/no\/wp-json\/wp\/v2\/media\/135959"}],"wp:attachment":[{"href":"https:\/\/www.europesays.com\/no\/wp-json\/wp\/v2\/media?parent=135958"}],"wp:term":[{"taxonomy":"category","embeddable":true,"href":"https:\/\/www.europesays.com\/no\/wp-json\/wp\/v2\/categories?post=135958"},{"taxonomy":"post_tag","embeddable":true,"href":"https:\/\/www.europesays.com\/no\/wp-json\/wp\/v2\/tags?post=135958"}],"curies":[{"name":"wp","href":"https:\/\/api.w.org\/{rel}","templated":true}]}}