{"id":135970,"date":"2026-01-13T16:59:13","date_gmt":"2026-01-13T16:59:13","guid":{"rendered":"https:\/\/www.europesays.com\/no\/135970\/"},"modified":"2026-01-13T16:59:13","modified_gmt":"2026-01-13T16:59:13","slug":"prinsesse-ingrid-alexandra-finnmark-prinsessen-til-finnmark-i-urolig-tid-sender-signal-til-russland","status":"publish","type":"post","link":"https:\/\/www.europesays.com\/no\/135970\/","title":{"rendered":"Prinsesse Ingrid Alexandra, Finnmark | Prinsessen til Finnmark i urolig tid: Sender signal til Russland"},"content":{"rendered":"\n<p><a href=\"https:\/\/www.finnmarkdebatten.no\/besok-i-rett-tid-men-se-opp-for-stereotypiene\/o\/5-149-22731\" rel=\"Follow nofollow noopener\" target=\"_blank\">(Finnmarkdebatten)<\/a>: Mandag kom nyheten om at prinsesse Ingrid Alexandra kommer p\u00e5 offisielt bes\u00f8k til Finnmark siste uka i januar.<\/p>\n<p>Det er i seg selv meget prisverdig at hun reiser til Karasjok og Kirkenes.<\/p>\n<p>Finnmark trenger flere slike m\u00f8ter med det offisielle Norge. At en ung tronarving inviteres med ut p\u00e5 vinterbeite, for \u00e5 lytte til en reindriftsfamilie, er b\u00e5de en raus gest og et viktig m\u00f8te.<\/p>\n<p>Prinsessens reise kommer i rett tid. Det er et signal om at Finnmark er viktig i en urolig tid, med en aggressiv nabo, med press mot v\u00e5re grenser i nord. Hun har dessuten allerede f\u00e5tt en solid innf\u00f8ring i Nord-Norges strategiske betydning, gjennom 16 m\u00e5neders milit\u00e6rtjeneste i indre Troms.<\/p>\n<p>Likevel er det n\u00f8dvendig med et lite korrektiv til de i Oslo som planlegger og rammer inn slike m\u00f8ter i Finnmark. Forh\u00e5pentligvis tar de det med seg som et velment r\u00e5d fra en observat\u00f8r i nord.<\/p>\n<p>For i Norge har det over tid utviklet seg en litt for gjenkjennelig dramaturgi n\u00e5r stat og makt skal m\u00f8te det samiske: Karasjok eller Kautokeino, lavvo, reinsdyr.<\/p>\n<p>Bildene er sterke \u2013 men de er ogs\u00e5 begrensende. Det samiske i Norge reduseres til \u00e9n n\u00e6ring, \u00e9n livsform, \u00e9n fortelling, til tross for at virkeligheten er langt mer sammensatt. If\u00f8lge landbruksdepartementet er kun 2200 mennesker knyttet til den samiske reindriften i Finnmark.<\/p>\n<p>Unge samer jobber ikke bare p\u00e5 vidda lenger, de er gr\u00fcndere, de starter gjerne egen virksomhet, kanskje innenfor reiseliv, eller de driver krabbefiske p\u00e5 kysten og skaper verdier i finnmarkssamfunnet. Reindriften er bare en liten del av denne historien.<\/p>\n<p>Sannhets- og forsoningskommisjonens rapport var dessuten tydelig: Den sj\u00f8samiske kulturen har blitt usynliggjort. Det er blant denne gruppen at tapene av spr\u00e5k og kultur har v\u00e6rt st\u00f8rst.<\/p>\n<p>Likevel er det nettopp denne delen av det samiske \u2013 sammen med den skoltesamiske kulturen \u2013 som oftest faller utenfor n\u00e5r det offisielle Norge legger reiseruten i Finnmark. Her trengs det mer bevisstgj\u00f8ring.<\/p>\n<p>Fire mil fra Lakselv, der prinsessen lander med fly om noen uker, ligger Sj\u00f8samisk senter i Billefjord. Rundt fjorden i Porsanger leves liv og spr\u00e5k, tradisjoner og kamper som forteller noe annet \u2013 og utfyllende \u2013 om hva det vil si \u00e5 v\u00e6re same i dag.<\/p>\n<p>Her kunne en framtidig dronning f\u00e5tt se at samisk kultur ikke bare f\u00f8lger vidda, men ogs\u00e5 fjordene i nord. Det samiske er ikke noe som bare flytter med reinen fra vidde til kyst Det er ogs\u00e5 kultur som har blitt st\u00e5ende igjen, kjempende, ofte alene og i sterk motvind.<\/p>\n<p><b>Les ogs\u00e5: <\/b><a href=\"https:\/\/www.nettavisen.no\/norsk-debatt\/storm-strombrudd-bortfall-av-internett-og-beinfrost-russland-er-knapt-nok-en-trussel\/o\/5-95-2819670\" rel=\"Follow nofollow noopener\" target=\"_blank\">Storm, str\u00f8mbrudd, bortfall av internett og beinfrost: En perfekt start p\u00e5 \u00e5ret <\/a><\/p>\n<p>I rikspolitikken har det etter hvert festet seg en samisk snarvei: Turen g\u00e5r alltid til Sametinget. Det er p\u00e5 mange m\u00e5ter naturlig, det er der samefolket samles for \u00e5 dr\u00f8fte hverdag og fremtid i sitt eget parlament.<\/p>\n<p>Men det er ogs\u00e5 stedet der reindrift i \u00f8kende grad omtales som \u00absamiske interesser\u00bb. I realiteten er det f\u00f8rst og fremst snakk om reindriftsinteresser. De er viktige. Men de er ikke identiske med interessene til sj\u00f8samene, som lever av og ved fjordene i Nord-Norge. N\u00e5r disse begrepene glir over i hverandre, eller viskes ut, kan det v\u00e6re mennesker og liv som forsvinner ut av bildet.<\/p>\n<p>N\u00e5r representanter for staten \u2013 enten de er politikere, embetsverk eller kongehuset \u2013 har behov for en innf\u00f8ring i hvordan kongeriket henger sammen, m\u00e5 man passe p\u00e5 at \u00abdet samiske\u00bb ikke blir forst\u00e5tt etter ett bes\u00f8k, p\u00e5 ett sted, hos \u00e9n gruppe i Finnmark.<\/p>\n<p>Carsten Smith sa allerede i 2008 at klokka er fem p\u00e5 tolv for sj\u00f8samene. Siden den gang har vi heldigvis sett positive tegn: Flere melder seg inn i manntallet, sj\u00f8samer tar tilbake kofta, og stadig flere l\u00e6rer seg spr\u00e5ket familien hadde mistet.<\/p>\n<p>Samtidig er kulturen fortsatt skj\u00f8r, presset av store demografiske endringer. Da er det ikke alltid tilstrekkelig med gode intensjoner og stereotypier. Det trengs politisk innsats \u2013 men ogs\u00e5 kulturell \u00e5rv\u00e5kenhet \u2013 hos de som former Norges selvbilde. Det trengs et aldri s\u00e5 lite korrektiv til de vanlige refleksene i hovedstaden.<\/p>\n<p>Sj\u00f8samen Jan Olli i Porsanger sier det presist: \u00abVi samer er ett folk, men vi lever ikke ett liv\u00bb. Det er en setning som rommer b\u00e5de fellesskap og forskjeller, verdighet og variasjon.<\/p>\n<p>Det er i dette spennet Norge m\u00e5 bli bedre kjent med seg selv. Bes\u00f8ket i Karasjok er et godt sted \u00e5 begynne. Men det m\u00e5 ikke v\u00e6re stedet der forst\u00e5elsen stanser for den unge tronarvingen.<\/p>\n<p>N\u00e5r det offisielle Norge m\u00f8ter det samiske Finnmark, m\u00e5 ambisjonen v\u00e6re \u00e5 l\u00f8fte blikket enda mer. Symboler kan v\u00e6re sterke og viktige. Men skal vi forst\u00e5 hvem vi er som nasjon, m\u00e5 ogs\u00e5 bredden i samtidens samiske liv f\u00e5 plass.<\/p>\n","protected":false},"excerpt":{"rendered":"(Finnmarkdebatten): Mandag kom nyheten om at prinsesse Ingrid Alexandra kommer p\u00e5 offisielt bes\u00f8k til Finnmark siste uka i&hellip;\n","protected":false},"author":2,"featured_media":135971,"comment_status":"","ping_status":"","sticky":false,"template":"","format":"standard","meta":{"footnotes":""},"categories":[10],"tags":[20,21,24,25,15,22,23,13,30,28,29,14,16,26,27],"class_list":{"0":"post-135970","1":"post","2":"type-post","3":"status-publish","4":"format-standard","5":"has-post-thumbnail","7":"category-norge","8":"tag-breaking-news","9":"tag-breakingnews","10":"tag-featured-news","11":"tag-featurednews","12":"tag-headlines","13":"tag-latest-news","14":"tag-latestnews","15":"tag-news","16":"tag-no","17":"tag-norge","18":"tag-norway","19":"tag-nyheter","20":"tag-overskrifter","21":"tag-top-stories","22":"tag-topstories"},"share_on_mastodon":{"url":"https:\/\/pubeurope.com\/@no\/115888859638605955","error":""},"_links":{"self":[{"href":"https:\/\/www.europesays.com\/no\/wp-json\/wp\/v2\/posts\/135970","targetHints":{"allow":["GET"]}}],"collection":[{"href":"https:\/\/www.europesays.com\/no\/wp-json\/wp\/v2\/posts"}],"about":[{"href":"https:\/\/www.europesays.com\/no\/wp-json\/wp\/v2\/types\/post"}],"author":[{"embeddable":true,"href":"https:\/\/www.europesays.com\/no\/wp-json\/wp\/v2\/users\/2"}],"replies":[{"embeddable":true,"href":"https:\/\/www.europesays.com\/no\/wp-json\/wp\/v2\/comments?post=135970"}],"version-history":[{"count":0,"href":"https:\/\/www.europesays.com\/no\/wp-json\/wp\/v2\/posts\/135970\/revisions"}],"wp:featuredmedia":[{"embeddable":true,"href":"https:\/\/www.europesays.com\/no\/wp-json\/wp\/v2\/media\/135971"}],"wp:attachment":[{"href":"https:\/\/www.europesays.com\/no\/wp-json\/wp\/v2\/media?parent=135970"}],"wp:term":[{"taxonomy":"category","embeddable":true,"href":"https:\/\/www.europesays.com\/no\/wp-json\/wp\/v2\/categories?post=135970"},{"taxonomy":"post_tag","embeddable":true,"href":"https:\/\/www.europesays.com\/no\/wp-json\/wp\/v2\/tags?post=135970"}],"curies":[{"name":"wp","href":"https:\/\/api.w.org\/{rel}","templated":true}]}}