{"id":135972,"date":"2026-01-13T17:00:09","date_gmt":"2026-01-13T17:00:09","guid":{"rendered":"https:\/\/www.europesays.com\/no\/135972\/"},"modified":"2026-01-13T17:00:09","modified_gmt":"2026-01-13T17:00:09","slug":"nyhet-nodvarsel-i-morgen-testes-nodvarsel-pa-telefonen-din","status":"publish","type":"post","link":"https:\/\/www.europesays.com\/no\/135972\/","title":{"rendered":"Nyhet, N\u00f8dvarsel | I morgen testes n\u00f8dvarsel p\u00e5 telefonen din"},"content":{"rendered":"\n<p>Dette skjer som en del av en felles nasjonal varslingspr\u00f8ve.<\/p>\n<p>Det er politiet som sender ut test av n\u00f8dvarsel p\u00e5 mobil.<\/p>\n<p>Det er plassert cirka 1 250 sireneanlegg rundt om i landet som skal varsle befolkningen ved akutt fare. Sirenene er stort sett plassert i byer og tettsteder og signalene kan h\u00f8res av over halvparten av befolkningen.<\/p>\n<p>Sivilforsvaret tester samtidig tyfonene med signalet \u00abViktig melding \u2013 s\u00f8k informasjon\u00bb.<\/p>\n<p>Varslingspr\u00f8ven den 14. januar gj\u00f8res over hele landet, rundt kl. 12.<\/p>\n<p>Det betyr at mobiltelefoner i hele landet vil vibrere og spille av et h\u00f8yt lydsignal, samtidig som tyfonene uler. <\/p>\n<p>\u00abDel gjerne informasjon om varslingspr\u00f8ven med dine n\u00e6rmeste, slik at flest mulig er forberedt og vet at dette bare er en test\u00bb, skriver <a href=\"https:\/\/www.halden.kommune.no\/\" rel=\"Follow nofollow noopener\" target=\"_blank\">Halden kommune<\/a> p\u00e5 sin hjemmeside.<\/p>\n<p>Varslingspr\u00f8ven vil h\u00f8res godt, spesielt der mange mennesker er samlet og mange mobiltelefoner vil spille av lyd samtidig. <\/p>\n<p>Testen g\u00e5r ut over mobilnettet i hele landet. Alle nyere og oppdaterte mobiltelefoner og enheter som befinner seg i Norge og som er koblet p\u00e5 4G\/5G kan motta testen.<\/p>\n<p><b>Hvorfor teste?<\/b><\/p>\n<p>\u00abN\u00f8dvarsel p\u00e5 mobil testes til hele befolkningen b\u00e5de for \u00e5 gj\u00f8re befolkningen kjent med hvordan det oppleves \u00e5 f\u00e5 et n\u00f8dvarsel og for \u00e5 sikre at systemet fungerer som det skal. I en reell situasjon inneholder et n\u00f8dvarsel informasjon om hva som skjer, og hva du b\u00f8r gj\u00f8re for \u00e5 beskytte deg selv.\u00bb<\/p>\n","protected":false},"excerpt":{"rendered":"Dette skjer som en del av en felles nasjonal varslingspr\u00f8ve. Det er politiet som sender ut test av&hellip;\n","protected":false},"author":2,"featured_media":2080,"comment_status":"","ping_status":"","sticky":false,"template":"","format":"standard","meta":{"footnotes":""},"categories":[5],"tags":[36,20,21,24,25,15,19,22,23,17,18,13,30,28,29,7259,447,14,16,9857,1510,26,27],"class_list":{"0":"post-135972","1":"post","2":"type-post","3":"status-publish","4":"format-standard","5":"has-post-thumbnail","7":"category-overskrifter","8":"tag-art","9":"tag-breaking-news","10":"tag-breakingnews","11":"tag-featured-news","12":"tag-featurednews","13":"tag-headlines","14":"tag-hovedoppslag","15":"tag-latest-news","16":"tag-latestnews","17":"tag-main-news","18":"tag-mainnews","19":"tag-news","20":"tag-no","21":"tag-norge","22":"tag-norway","23":"tag-nodvarsel","24":"tag-nyhet","25":"tag-nyheter","26":"tag-overskrifter","27":"tag-sivilforsvaret","28":"tag-story","29":"tag-top-stories","30":"tag-topstories"},"share_on_mastodon":{"url":"https:\/\/pubeurope.com\/@no\/115888863681291953","error":""},"_links":{"self":[{"href":"https:\/\/www.europesays.com\/no\/wp-json\/wp\/v2\/posts\/135972","targetHints":{"allow":["GET"]}}],"collection":[{"href":"https:\/\/www.europesays.com\/no\/wp-json\/wp\/v2\/posts"}],"about":[{"href":"https:\/\/www.europesays.com\/no\/wp-json\/wp\/v2\/types\/post"}],"author":[{"embeddable":true,"href":"https:\/\/www.europesays.com\/no\/wp-json\/wp\/v2\/users\/2"}],"replies":[{"embeddable":true,"href":"https:\/\/www.europesays.com\/no\/wp-json\/wp\/v2\/comments?post=135972"}],"version-history":[{"count":0,"href":"https:\/\/www.europesays.com\/no\/wp-json\/wp\/v2\/posts\/135972\/revisions"}],"wp:featuredmedia":[{"embeddable":true,"href":"https:\/\/www.europesays.com\/no\/wp-json\/wp\/v2\/media\/2080"}],"wp:attachment":[{"href":"https:\/\/www.europesays.com\/no\/wp-json\/wp\/v2\/media?parent=135972"}],"wp:term":[{"taxonomy":"category","embeddable":true,"href":"https:\/\/www.europesays.com\/no\/wp-json\/wp\/v2\/categories?post=135972"},{"taxonomy":"post_tag","embeddable":true,"href":"https:\/\/www.europesays.com\/no\/wp-json\/wp\/v2\/tags?post=135972"}],"curies":[{"name":"wp","href":"https:\/\/api.w.org\/{rel}","templated":true}]}}