{"id":135981,"date":"2026-01-13T17:08:08","date_gmt":"2026-01-13T17:08:08","guid":{"rendered":"https:\/\/www.europesays.com\/no\/135981\/"},"modified":"2026-01-13T17:08:08","modified_gmt":"2026-01-13T17:08:08","slug":"regimet-i-iran-kveler-all-informasjon","status":"publish","type":"post","link":"https:\/\/www.europesays.com\/no\/135981\/","title":{"rendered":"Regimet i Iran kveler all informasjon:"},"content":{"rendered":"<p class=\"extendedContent hyperion-css-eyn926\" data-test-tag=\"lead-text\">\u2013 De vil gj\u00f8re Iran til Nord-Korea, sier en iraner til Aftenposten. Tusenvis kan v\u00e6re drept. <\/p>\n<p><img decoding=\"async\" class=\"image-asset hyperion-css-u06ts1\" data-test-tag=\"image-asset\" src=\"https:\/\/www.europesays.com\/no\/wp-content\/uploads\/2026\/01\/6c929c18-1213-4ce7-84cd-36ce286a210d.jpeg\"  alt=\"Videoer som sirkulerer p\u00e5 sosiale medier viser d\u00f8de og s\u00f8rgende ved et likhus i utkanten av Irans hovedstad Teheran. Dette bildet er en skjermdump fra en video som skal v\u00e6re tatt sist helg. Nyhetsbyr\u00e5et AP har verifisert videoen. \"  loading=\"eager\" fetchpriority=\"high\" style=\"aspect-ratio:2048 \/ 1365\"\/>Videoer som sirkulerer p\u00e5 sosiale medier viser d\u00f8de og s\u00f8rgende ved et likhus i utkanten av Irans hovedstad Teheran. Dette bildet er en skjermdump fra en video som skal v\u00e6re tatt sist helg. Nyhetsbyr\u00e5et AP har verifisert videoen. Foto: AP \/ NTB<\/p>\n<p>Publisert: 13.01.2026 17:31 |\u00a0Oppdatert: 13.01.2026 17:52<\/p>\n<p class=\"paywall hyperion-css-1j42uic\">For iranere er sosiale medier blitt et digitalt mareritt. De stirrer p\u00e5 uklare ansikter av drepte demonstranter, livredde for \u00e5 kjenne igjen sine egne.<\/p>\n<p class=\"paywall hyperion-css-1j42uic\">\u2013 Det ligner p\u00e5 s\u00f8steren min. V\u00e6r s\u00e5 snill, kan dere si meg hvem denne personen er? skriver Laleh i en melding til Aftenposten.<\/p>\n<p class=\"hyperion-css-1qm9e9t\">Les hele saken med abonnement<\/p>\n<p>Allerede abonnent? Logg inn<\/p>\n","protected":false},"excerpt":{"rendered":"\u2013 De vil gj\u00f8re Iran til Nord-Korea, sier en iraner til Aftenposten. Tusenvis kan v\u00e6re drept. Videoer som&hellip;\n","protected":false},"author":2,"featured_media":135982,"comment_status":"","ping_status":"","sticky":false,"template":"","format":"standard","meta":{"footnotes":""},"categories":[5],"tags":[20,21,24,25,15,19,22,23,17,18,13,30,28,29,14,16,26,27],"class_list":{"0":"post-135981","1":"post","2":"type-post","3":"status-publish","4":"format-standard","5":"has-post-thumbnail","7":"category-overskrifter","8":"tag-breaking-news","9":"tag-breakingnews","10":"tag-featured-news","11":"tag-featurednews","12":"tag-headlines","13":"tag-hovedoppslag","14":"tag-latest-news","15":"tag-latestnews","16":"tag-main-news","17":"tag-mainnews","18":"tag-news","19":"tag-no","20":"tag-norge","21":"tag-norway","22":"tag-nyheter","23":"tag-overskrifter","24":"tag-top-stories","25":"tag-topstories"},"share_on_mastodon":{"url":"https:\/\/pubeurope.com\/@no\/115888895076156815","error":""},"_links":{"self":[{"href":"https:\/\/www.europesays.com\/no\/wp-json\/wp\/v2\/posts\/135981","targetHints":{"allow":["GET"]}}],"collection":[{"href":"https:\/\/www.europesays.com\/no\/wp-json\/wp\/v2\/posts"}],"about":[{"href":"https:\/\/www.europesays.com\/no\/wp-json\/wp\/v2\/types\/post"}],"author":[{"embeddable":true,"href":"https:\/\/www.europesays.com\/no\/wp-json\/wp\/v2\/users\/2"}],"replies":[{"embeddable":true,"href":"https:\/\/www.europesays.com\/no\/wp-json\/wp\/v2\/comments?post=135981"}],"version-history":[{"count":0,"href":"https:\/\/www.europesays.com\/no\/wp-json\/wp\/v2\/posts\/135981\/revisions"}],"wp:featuredmedia":[{"embeddable":true,"href":"https:\/\/www.europesays.com\/no\/wp-json\/wp\/v2\/media\/135982"}],"wp:attachment":[{"href":"https:\/\/www.europesays.com\/no\/wp-json\/wp\/v2\/media?parent=135981"}],"wp:term":[{"taxonomy":"category","embeddable":true,"href":"https:\/\/www.europesays.com\/no\/wp-json\/wp\/v2\/categories?post=135981"},{"taxonomy":"post_tag","embeddable":true,"href":"https:\/\/www.europesays.com\/no\/wp-json\/wp\/v2\/tags?post=135981"}],"curies":[{"name":"wp","href":"https:\/\/api.w.org\/{rel}","templated":true}]}}