{"id":135983,"date":"2026-01-13T17:09:07","date_gmt":"2026-01-13T17:09:07","guid":{"rendered":"https:\/\/www.europesays.com\/no\/135983\/"},"modified":"2026-01-13T17:09:07","modified_gmt":"2026-01-13T17:09:07","slug":"neste-ars-tour-de-ski-avvikles-i-tre-land-starter-i-les-rousses","status":"publish","type":"post","link":"https:\/\/www.europesays.com\/no\/135983\/","title":{"rendered":"Neste \u00e5rs Tour de Ski avvikles i tre land \u2013 starter i Les Rousses"},"content":{"rendered":"\n<p class=\"_lead_o9xde_2 _lead_xtcu6_50 layout-component text-serif-m layout-normal text-serif-l layout-component layout-wide layout-padded _wide_17hqh_1 layout-padded\">\u00c5rets utgave av Tour de Ski ble i sin helhet avviklet i Italia, men neste \u00e5r skal deltakerne i aksjon i tre land. Da starter det i franske Les Rousses.<\/p>\n<p><img alt=\"Johannes H\u00f8sflot Kl\u00e6bo under \u00e5rets Tour de Ski, som i sin helhet ble avviklet i Italia. Neste sesong skal det konkurreres i tre land.  Foto: Terje Pedersen \/ NTB\" class=\"_image_qp4xg_65 layout-component layout-wide\" data-fullscreen- data-track-element-type=\"Article image fullscreen\" data-track-name=\"ImageFullscreen\" fetchpriority=\"high\" decoding=\"sync\" loading=\"eager\" height=\"2244\" itemprop=\"image\"  src=\"https:\/\/www.europesays.com\/no\/wp-content\/uploads\/2026\/01\/d8cdb2e4-405a-4c07-842c-4b3553ee1708.jpeg\"  style=\"object-position:0% 0%\" width=\"3366\"\/>Johannes H\u00f8sflot Kl\u00e6bo under \u00e5rets Tour de Ski, som i sin helhet ble avviklet i Italia. Neste sesong skal det konkurreres i tre land.  Foto: Terje Pedersen \/ NTB<\/p>\n<ul aria-hidden=\"true\" class=\"_images_ntbth_112\">\n<li><a class=\"_link_ntbth_117\" href=\"https:\/\/www.vg.no\/forfatter\/ntb\" style=\"z-index:1\" title=\"NTB\" rel=\"nofollow noopener\" target=\"_blank\"><img alt=\"Bilde av NTB\" class=\"_image_ntbth_93\" fetchpriority=\"low\" loading=\"lazy\" decoding=\"async\" itemprop=\"image\"  src=\"https:\/\/www.europesays.com\/no\/wp-content\/uploads\/2026\/01\/1768324147_508_c33980b0-5d07-4027-84a1-813f90a7c8d6.png\"  width=\"480\"\/><\/a><\/li>\n<\/ul>\n<p> Oppdatert tirsdag 13. januar kl. 18:03     <\/p>\n<p class=\"_paragraph_o9xde_4 _paragraph_xtcu6_10 layout-component text-serif-m layout-normal text-serif-m layout-padded\">Oberstdorf i Tyskland og Val di Fiemme i Italia blir \u00f8vrige konkurransesteder, har FIS-styret bestemt. Det g\u00e5r fram i en pressemelding fra forbundet.<\/p>\n<p class=\"_paragraph_o9xde_4 _paragraph_xtcu6_10 layout-component text-serif-m layout-normal text-serif-m layout-padded\">Ogs\u00e5 neste \u00e5r skal avslutningsetappen g\u00e5 opp monsterbakken i Alpe Cermis. Hele touren skal avvikles i l\u00f8pet av en uke.<\/p>\n<p class=\"_paragraph_o9xde_4 _paragraph_xtcu6_10 layout-component text-serif-m layout-normal text-serif-m layout-padded\">Det blir f\u00f8rste gang Tour de Ski er innom Frankrike. Les Rousses er allerede p\u00e5 verdenscupkalenderen, men arrang\u00f8ren der uttalte i fjor h\u00f8st at de \u00f8nsket \u00e5 bli del av Tour de Ski-konseptet framfor \u00e5 arrangere en egen verdenscuphelg.<\/p>\n<p class=\"_paragraph_o9xde_4 _paragraph_xtcu6_10 layout-component text-serif-m layout-normal text-serif-m layout-padded\">Det er \u00f8konomisk gunstigere \u00e5 v\u00e6re en del av touren, som har egne sponsorer.<\/p>\n<p>Delvis medhold<\/p>\n<p class=\"_paragraph_o9xde_4 _paragraph_xtcu6_10 layout-component text-serif-m layout-normal text-serif-m layout-padded\">De to siste vintrene ble det konkurrert bare i italienske Toblach og Val di Fiemme. Tidligere har touren for det meste v\u00e6rt innom minst to land.<\/p>\n<p class=\"_paragraph_o9xde_4 _paragraph_xtcu6_10 layout-component text-serif-m layout-normal text-serif-m layout-padded\">Johannes H\u00f8sflot Kl\u00e6bo kritiserte i podkasten Skirious Problems i vinter at Tour de Ski er blitt stadig kortere.<\/p>\n<p class=\"_paragraph_o9xde_4 _paragraph_xtcu6_10 layout-component text-serif-m layout-normal text-serif-m layout-padded\">\u2013 F\u00f8r reiste man rundt til masse forskjellige steder, med ni etapper p\u00e5 ti dager. Jeg liker ikke at de korter ned alt, sa han.<\/p>\n<p class=\"_paragraph_o9xde_4 _paragraph_xtcu6_10 layout-component text-serif-m layout-normal text-serif-m layout-padded\">Selv om deltakerne igjen skal flytte seg mellom tre land, blir touren fortsatt avviklet i l\u00f8pet av bare en uke.<\/p>\n<p class=\"_paragraph_o9xde_4 _paragraph_xtcu6_10 layout-component text-serif-m layout-normal text-serif-m layout-padded\">Ved siden av berammingen av Tour de Ski har FIS-styret ogs\u00e5 formelt vedtatt at kvinnene skal f\u00e5 plass i den tysk-\u00f8sterrikske hoppuka fra neste sesong, slik det tidligere ble kjent.<\/p>\n<p>Renn i Norge<\/p>\n<p class=\"_paragraph_o9xde_4 _paragraph_xtcu6_10 layout-component text-serif-m layout-normal text-serif-m layout-padded\">FIS-styret har gjort flere vedtak om terminlistene for neste \u00e5r, og for alpint og nordiske grener foreligger utkast for hele sesongen.<\/p>\n<p class=\"_paragraph_o9xde_4 _paragraph_xtcu6_10 layout-component text-serif-m layout-normal text-serif-m layout-padded\">I alpint f\u00e5r Narvik verdenscuprenn i utfor og super-G for kvinner f\u00f8rste helg i mars, mens Kvitfjell f\u00e5r fartsrenn for menn den samme helgen.<\/p>\n<p class=\"_paragraph_o9xde_4 _paragraph_xtcu6_10 layout-component text-serif-m layout-normal text-serif-m layout-padded\">Lillehammer f\u00e5r verdenscup\u00e5pningen i hopp for menn og kvinner, avhengig av at visse betingelser oppfylles. Gran\u00e5sen f\u00e5r verdenscup i langrenn og kombinert f\u00f8rste helg i desember, ogs\u00e5 det med noen betingelser.<\/p>\n<p class=\"_paragraph_o9xde_4 _paragraph_xtcu6_10 layout-component text-serif-m layout-normal text-serif-m layout-padded\">For Lillehammer gjelder det utvikling av arrangementet (\u00abevent quality enhancement\u00bb), for Trondheim har det \u00e5 gj\u00f8re med godkjenning av konkurranseprogrammet (\u00abprogram approval\u00bb).<\/p>\n<p class=\"_paragraph_o9xde_4 _paragraph_xtcu6_10 layout-component text-serif-m layout-normal text-serif-m layout-padded\">Det blir som vanlig hopprenn i Holmenkollen og Vikersund i mars, de f\u00f8rste etter VM i Falun. Helgen 12.-14. mars blir det verdenscup i b\u00e5de langrenn, kombinert og hopp i Holmenkollen, og 16. mars er det verdenscupsprint langrenn i Drammen.<\/p>\n<p class=\"_paragraph_o9xde_4 _paragraph_xtcu6_10 layout-component text-serif-m layout-normal text-serif-m layout-padded\">Verdenscupene avsluttes i Ulricehamn (langrenn), Planica (hopp menn) og Vikersund (hopp kvinner), mens verdenscupfinalen i kombinert enn\u00e5 ikke er berammet.<\/p>\n<p class=\"_paragraph_o9xde_4 _paragraph_xtcu6_10 layout-component text-serif-m layout-normal text-serif-m layout-padded\">Terminlistene skal endelig vedtas i v\u00e5r, og da skal ogs\u00e5 terminlistene for fristil og snowboard v\u00e6re klare.<\/p>\n","protected":false},"excerpt":{"rendered":"\u00c5rets utgave av Tour de Ski ble i sin helhet avviklet i Italia, men neste \u00e5r skal deltakerne&hellip;\n","protected":false},"author":2,"featured_media":135984,"comment_status":"","ping_status":"","sticky":false,"template":"","format":"standard","meta":{"footnotes":""},"categories":[59],"tags":[398,30,28,29,83,82,12662],"class_list":{"0":"post-135983","1":"post","2":"type-post","3":"status-publish","4":"format-standard","5":"has-post-thumbnail","7":"category-sport","8":"tag-langrenn","9":"tag-no","10":"tag-norge","11":"tag-norway","12":"tag-sport","13":"tag-sports","14":"tag-tour-de-ski"},"share_on_mastodon":{"url":"https:\/\/pubeurope.com\/@no\/115888898919078219","error":""},"_links":{"self":[{"href":"https:\/\/www.europesays.com\/no\/wp-json\/wp\/v2\/posts\/135983","targetHints":{"allow":["GET"]}}],"collection":[{"href":"https:\/\/www.europesays.com\/no\/wp-json\/wp\/v2\/posts"}],"about":[{"href":"https:\/\/www.europesays.com\/no\/wp-json\/wp\/v2\/types\/post"}],"author":[{"embeddable":true,"href":"https:\/\/www.europesays.com\/no\/wp-json\/wp\/v2\/users\/2"}],"replies":[{"embeddable":true,"href":"https:\/\/www.europesays.com\/no\/wp-json\/wp\/v2\/comments?post=135983"}],"version-history":[{"count":0,"href":"https:\/\/www.europesays.com\/no\/wp-json\/wp\/v2\/posts\/135983\/revisions"}],"wp:featuredmedia":[{"embeddable":true,"href":"https:\/\/www.europesays.com\/no\/wp-json\/wp\/v2\/media\/135984"}],"wp:attachment":[{"href":"https:\/\/www.europesays.com\/no\/wp-json\/wp\/v2\/media?parent=135983"}],"wp:term":[{"taxonomy":"category","embeddable":true,"href":"https:\/\/www.europesays.com\/no\/wp-json\/wp\/v2\/categories?post=135983"},{"taxonomy":"post_tag","embeddable":true,"href":"https:\/\/www.europesays.com\/no\/wp-json\/wp\/v2\/tags?post=135983"}],"curies":[{"name":"wp","href":"https:\/\/api.w.org\/{rel}","templated":true}]}}