{"id":135985,"date":"2026-01-13T17:12:31","date_gmt":"2026-01-13T17:12:31","guid":{"rendered":"https:\/\/www.europesays.com\/no\/135985\/"},"modified":"2026-01-13T17:12:31","modified_gmt":"2026-01-13T17:12:31","slug":"trafikk-bil-marius-merket-godt-momskapplopet-for-jul-namdalsavisa","status":"publish","type":"post","link":"https:\/\/www.europesays.com\/no\/135985\/","title":{"rendered":"Trafikk, Bil | Marius merket godt momskappl\u00f8pet f\u00f8r jul &#8211; Namdalsavisa"},"content":{"rendered":"<ol>\n<li><a href=\"https:\/\/news.google.com\/rss\/articles\/CBMihwFBVV95cUxORlUwOEVPa2ZmbV9yWDRGdDRfaW9DejlleF9vNGlXUG5hTFByZjhJcDBqWnRTbHN4YWhmeWVEcWxOMkhrVm5iUzlXdXBTNVBfNGtjbHZvN3J1c2FZLTh5Z19lS3JEblF5VDR3cnNfRFkzdU9kYjZ6Ym9rUzVXN0dBUEhJVnZLTGc?oc=5\" target=\"_blank\" rel=\"nofollow noopener\">Trafikk, Bil | Marius merket godt momskappl\u00f8pet f\u00f8r jul<\/a>&nbsp;&nbsp;Namdalsavisa<\/li>\n<li><a href=\"https:\/\/news.google.com\/rss\/articles\/CBMivgFBVV95cUxQV2N2OWM4dUZZYVl2bnUxOWVJZWtlcXVsMWJMTDB6SXhBWS1iNWstY2NpckVJNHgtUFNUNzVIMHE0bTRuT3FldjRzY19NRjljTDBmTnczLW9qczU0MGhrOEluajJwelA3ajRKc3JZSUVnQlMyeHFpTEJXQnlvcDdrQ2RTTndCczIxekYzM1hVSTU1djlLeEtpRTBXTUFfR2I4VnA5VjdmYVhnTmM3d2RjT2NXY0JjcXlFeC1udFRB?oc=5\" target=\"_blank\" rel=\"nofollow noopener\">Frykter stille m\u00e5neder hos bilforhandlerne etter rekordsalget av elbiler<\/a>&nbsp;&nbsp;NRK<\/li>\n<li><a href=\"https:\/\/news.google.com\/rss\/articles\/CBMimgFBVV95cUxNQ3RaNnRVOXVGb2VnU0tWdnA0bS1fUFF4NUliYVplM1NTSzRoanUzLWdJcmJOVEFudkdsV29PenZvZFJRTldDQkotNDNQRU5TbG1NWjhxVmUxTkczR0hmOWFOQTdNSWIwaW9rLXJrdkpPN0wwclB5STdLUUd2R3YtXzRMVVJQbzNBZ3hTbEZoVDJiSV9STTZjMVB3?oc=5\" target=\"_blank\" rel=\"nofollow noopener\">100 prosent elbilandel i 107 kommuner i 2025<\/a>&nbsp;&nbsp;adressa.no<\/li>\n<li><a href=\"https:\/\/news.google.com\/rss\/articles\/CBMihAFBVV95cUxPRmlET1Rrd0g3SHdpdVlEM19QcUhwdG5SWVdQSXNFR1BSbGV5bVNKWUZYRHRJZUx6TUpkNlR5OGNmUElXVGsyakNwQWRhbVdOTEpZSXhveTlWVDFmYkh6V3phMi1FeXR4MlE3ODdWV2poOXRRU29aVnlLYmt6X3hZX2tneGQ?oc=5\" target=\"_blank\" rel=\"nofollow noopener\">Her velger alle elbil \u2013 dette er viktig \u00e5rsak<\/a>&nbsp;&nbsp;TV2.no<\/li>\n<li><a href=\"https:\/\/news.google.com\/rss\/articles\/CBMirAFBVV95cUxNU2J1dnZSZFBlYl9NXzA3NS0tVDRkUHE0aUxpakt2X01hSW43SG9PazFRaU9zNzZiWmFETkJHSWczX1VJX1paVDNkeDJhaTRGS2xjdzFBWkM4SXhNOXdySHVuQjFiVWpMbFhPRTVrbks3R1AwT1h5YUVPS1VVdjZrNUxmbW9oZEowcGVzTGJlM2FQMkcxdGVJNmpITWZRZjE0OENyWS1kbDZsRUw2?oc=5\" target=\"_blank\" rel=\"nofollow noopener\">Bil og motor, Samferdsel | Elbil-revolusjon i to Dalane-kommuner: Her valgte alle elektrisk<\/a>&nbsp;&nbsp;Dalane Tidende<\/li>\n<\/ol>\n","protected":false},"excerpt":{"rendered":"Trafikk, Bil | Marius merket godt momskappl\u00f8pet f\u00f8r jul&nbsp;&nbsp;Namdalsavisa Frykter stille m\u00e5neder hos bilforhandlerne etter rekordsalget av elbiler&nbsp;&nbsp;NRK&hellip;\n","protected":false},"author":2,"featured_media":135986,"comment_status":"","ping_status":"","sticky":false,"template":"","format":"standard","meta":{"footnotes":""},"categories":[56],"tags":[60,61,62,30,28,29],"class_list":{"0":"post-135985","1":"post","2":"type-post","3":"status-publish","4":"format-standard","5":"has-post-thumbnail","7":"category-naeringsliv","8":"tag-business","9":"tag-economy","10":"tag-naeringsliv","11":"tag-no","12":"tag-norge","13":"tag-norway"},"share_on_mastodon":{"url":"https:\/\/pubeurope.com\/@no\/115888911014209277","error":""},"_links":{"self":[{"href":"https:\/\/www.europesays.com\/no\/wp-json\/wp\/v2\/posts\/135985","targetHints":{"allow":["GET"]}}],"collection":[{"href":"https:\/\/www.europesays.com\/no\/wp-json\/wp\/v2\/posts"}],"about":[{"href":"https:\/\/www.europesays.com\/no\/wp-json\/wp\/v2\/types\/post"}],"author":[{"embeddable":true,"href":"https:\/\/www.europesays.com\/no\/wp-json\/wp\/v2\/users\/2"}],"replies":[{"embeddable":true,"href":"https:\/\/www.europesays.com\/no\/wp-json\/wp\/v2\/comments?post=135985"}],"version-history":[{"count":0,"href":"https:\/\/www.europesays.com\/no\/wp-json\/wp\/v2\/posts\/135985\/revisions"}],"wp:featuredmedia":[{"embeddable":true,"href":"https:\/\/www.europesays.com\/no\/wp-json\/wp\/v2\/media\/135986"}],"wp:attachment":[{"href":"https:\/\/www.europesays.com\/no\/wp-json\/wp\/v2\/media?parent=135985"}],"wp:term":[{"taxonomy":"category","embeddable":true,"href":"https:\/\/www.europesays.com\/no\/wp-json\/wp\/v2\/categories?post=135985"},{"taxonomy":"post_tag","embeddable":true,"href":"https:\/\/www.europesays.com\/no\/wp-json\/wp\/v2\/tags?post=135985"}],"curies":[{"name":"wp","href":"https:\/\/api.w.org\/{rel}","templated":true}]}}