{"id":135987,"date":"2026-01-13T17:13:17","date_gmt":"2026-01-13T17:13:17","guid":{"rendered":"https:\/\/www.europesays.com\/no\/135987\/"},"modified":"2026-01-13T17:13:17","modified_gmt":"2026-01-13T17:13:17","slug":"sebastian-solberg-pa-spontan-blatur-med-en-tiktok-sjarmor","status":"publish","type":"post","link":"https:\/\/www.europesays.com\/no\/135987\/","title":{"rendered":"Sebastian Solberg p\u00e5 spontan bl\u00e5tur med en TikTok-sjarm\u00f8r"},"content":{"rendered":"<p class=\"kicker \" style=\"\">Sebastian Solberg:<\/p>\n<p>    Influenseren skal p\u00e5 spontan bl\u00e5tur med en TikTok-kar han aldri har truffet f\u00f8r.<\/p>\n<p>\n    BL\u00c5TUR: Sebastian Solberg har pent m\u00e5ttet forandre planene om \u00e5 dra p\u00e5 ferie helt alene. Foto: Andreas Fadum\/Se og H\u00f8r\n  <\/p>\n<p>Influenseren Sebastian Solberg (34) delte nylig p\u00e5 sosiale medier at han tirsdag 13. januar skal p\u00e5 bl\u00e5tur med en annen offentlig profil som han aldri har m\u00f8tt f\u00f8r.<\/p>\n<p>    <a itemprop=\"url\" href=\"https:\/\/www.seher.no\/kjendis\/en-annerledes-jul\/84002166\" rel=\"nofollow noopener\" target=\"_blank\"><\/p>\n<p>        <img loading=\"lazy\" decoding=\"async\" src=\"https:\/\/www.europesays.com\/no\/wp-content\/uploads\/2026\/01\/84016926.webp.webp\" width=\"980\" height=\"441\" title=\"- En annerledes jul\" alt=\"\" class=\"lazyload\" style=\"--aspect-ratio-image: 2.22; \"\/><\/p>\n<p>        &#8211; En annerledes jul<\/p>\n<p>    <\/a><\/p>\n<p class=\"font-weight-bold m-font-weight-bold\" data-lab-font_weight=\"font-weight-bold\">Men hvem han skal reise med og hvor turen g\u00e5r, har han ikke villet avsl\u00f8re \u2013 f\u00f8r n\u00e5. <\/p>\n<p>\u00abJa-\u00e5r\u00bb i \u00e5r\t<\/p>\n<p>I starten av 2025 delte Solberg at han og ekskj\u00e6resten\u00a0<a href=\"https:\/\/www.dagbladet.no\/kjendis\/alt-raknet-rundt-meg\/83833894\" rel=\"nofollow noopener\" target=\"_blank\">skulle g\u00e5 hver til sitt etter nesten ti \u00e5r.<\/a>\u00a0De rakk \u00e5 f\u00e5 fire barn sammen.<\/p>\n<p>34-\u00e5ringen har delt \u00e5pent om at bruddet var tungt og det har v\u00e6rt et t\u00f8ft \u00e5r for ham.<\/p>\n<p>        T\u00d8FT: Sebastian Solberg \u00e5pner seg om at det siste \u00e5ret har v\u00e6rt vanskelig. Reporter: Nora Skavhaug \/ R\u00f8d L\u00f8per. Video: Danny Son Ngoc To. <\/p>\n<p>Etter bruddet i fjor har Solberg i 2026 bestemt seg for \u00e5 bruke ukene uten barna sine p\u00e5 en helt ny m\u00e5te. I \u00e5r skal han ha det han kaller et \u00abja-\u00e5r\u00bb. Og det har allerede gitt resultater han ikke hadde sett for seg.<\/p>\n<p class=\"font-weight-bold m-font-weight-bold\" data-lab-font_weight=\"font-weight-bold\">&#8211; Jeg har hatt en fantastisk start p\u00e5 2026. Det har v\u00e6rt et meget bra \u00e5r s\u00e5 langt, og det sl\u00e5r allerede 2025 ned i st\u00f8vlene, sier Solberg til Se og H\u00f8r.<\/p>\n<p>        <img loading=\"lazy\" decoding=\"async\" src=\"https:\/\/www.europesays.com\/no\/wp-content\/uploads\/2026\/01\/1768324391_441_84090640.webp.webp\" width=\"667\" height=\"1001\" title=\"SKADET: H\u00f8sten 2025 m\u00e5tte influenseren g\u00e5 en periode p\u00e5 krykker etter det han kalte en \u00abufrivillig spagat, hvor begge kn\u00e6rne ble vridd feil vei\u00bb. Foto: Andreas Fadum\/Se og H\u00f8r\" alt=\"\" class=\"\" style=\"--aspect-ratio-image: 0.67; \"\/><\/p>\n<p>\n        SKADET: H\u00f8sten 2025 m\u00e5tte influenseren g\u00e5 en periode p\u00e5 krykker etter det han kalte en \u00abufrivillig spagat, hvor begge kn\u00e6rne ble vridd feil vei\u00bb. Foto: Andreas Fadum\/Se og H\u00f8r\n    <\/p>\n<p>&#8211; I fjor satt jeg jo hjemme og var bare lei meg. I \u00e5r har jeg tenkt litt annerledes p\u00e5 det. Jeg har lyst til \u00e5 bruke de ukene jeg er alene, fortsetter han.<\/p>\n<p>Han p\u00e5peker at det fremdeles er tungt \u00e5 ikke ha barna sine 100 prosent. Derfor er planen hans i \u00e5r \u00e5 reise p\u00e5 mange turer alene for \u00e5 fylle ukene.<\/p>\n<p>Useri\u00f8s invitasjon\t<\/p>\n<p>Solberg legger jevnlig ut innhold p\u00e5 Snapchat. Da han delte at han skulle p\u00e5 tur, fikk han masse meldinger fra folk som hadde lyst til \u00e5 v\u00e6re med.<\/p>\n<p>        \u00abALLE ELSKER DAVID\u00bb: Lucas Eriksen forteller hvordan det g\u00e5r med kj\u00e6rligheten. Video: \u00abAlle elsker David\u00bb\/TV 2, R\u00f8d L\u00f8per\/Nora Skavhaug<\/p>\n<p class=\"font-weight-bold m-font-weight-bold\" data-lab-font_weight=\"font-weight-bold\">En av dem var TikTok-profilen Emil Alexander Nilsen (26).<\/p>\n<p>&#8211; S\u00e5 sa jeg bare s\u00e5nn: Ja ja, herregud, bli med, det blir dritg\u00f8y. Og s\u00e5 trodde jeg jo ikke det kom til \u00e5 skje. Man sier jo s\u00e5nn for \u00e5 v\u00e6re h\u00f8flig, forteller Solberg sp\u00f8kefullt.<\/p>\n<p>    <a itemprop=\"url\" href=\"https:\/\/www.seher.no\/kjendis\/roper-gjort-et-unntak\/83970138\" rel=\"nofollow noopener\" target=\"_blank\"><\/p>\n<p>        <img loading=\"lazy\" decoding=\"async\" src=\"https:\/\/www.europesays.com\/no\/wp-content\/uploads\/2026\/01\/83970199.webp.webp\" width=\"980\" height=\"441\" title=\"R\u00f8per: - Gjort et unntak\" alt=\"\" class=\"lazyload\" style=\"--aspect-ratio-image: 2.22; \"\/><\/p>\n<p>        R\u00f8per: &#8211; Gjort et unntak<\/p>\n<p>    <\/a><\/p>\n<p>Men Nilsen tok invitasjonen p\u00e5 alvor. Han ordnet fri fra jobben og vippset Solberg penger for turen.<\/p>\n<p>        <img loading=\"lazy\" decoding=\"async\" src=\"https:\/\/www.europesays.com\/no\/wp-content\/uploads\/2026\/01\/1768324394_215_84090650.webp.webp\" width=\"667\" height=\"888\" title=\"TIKTOK-PROFIL: Emil Alexander Nilsen har over 30 000 f\u00f8lgere p\u00e5 TikTok og er kjent for \u00e5 legge ut humoristiske videoer. Foto: @emilalexs\/Instagram\" alt=\"\" class=\"\" style=\"--aspect-ratio-image: 0.75; \"\/><\/p>\n<p>\n        TIKTOK-PROFIL: Emil Alexander Nilsen har over 30 000 f\u00f8lgere p\u00e5 TikTok og er kjent for \u00e5 legge ut humoristiske videoer. Foto: @emilalexs\/Instagram\n    <\/p>\n<p>&#8211; Da tenkte jeg bare: OK, det her er j\u00e6vla weird, for vi har aldri m\u00f8tt hverandre f\u00f8r. Vi har bare snakket sammen p\u00e5 TikTok og kommentert videoer til hverandre, sier 34-\u00e5ringen.<\/p>\n<p> Da Nilsen ringte til Solberg p\u00e5 s\u00f8ndag, gikk det opp for dem at de ikke engang hadde telefonnumrene til hverandre.<\/p>\n<p>    <a itemprop=\"url\" href=\"https:\/\/www.seher.no\/kjendis\/alt-raknet-rundt-meg\/83834516\" rel=\"nofollow noopener\" target=\"_blank\"><\/p>\n<p>        <img loading=\"lazy\" decoding=\"async\" src=\"https:\/\/www.europesays.com\/no\/wp-content\/uploads\/2026\/01\/1768324395_247_83834229.webp.webp\" width=\"980\" height=\"441\" title=\"- Alt raknet rundt meg\" alt=\"\" class=\"lazyload\" style=\"--aspect-ratio-image: 2.22; \"\/><\/p>\n<p>        &#8211; Alt raknet rundt meg<\/p>\n<p>    <\/a><\/p>\n<p>&#8211; Jeg er jo ikke verdens mest organiserte fyr, og det er tydeligvis ikke han heller, sier Solberg.<\/p>\n<p>Videre forteller han at Nilsen sendte ham melding p\u00e5 mandag og ville vite n\u00e5r p\u00e5 fredag de kommer hjem.<\/p>\n<p>        \u00abFARMEN KJENDIS\u00bb: S\u00f8lje Bergmann forteller historien bak det ikoniske \u00f8yeblikket. Video: \u00abFarmen kjendis\u00bb\/TV 2, R\u00f8d L\u00f8per\/Nora Skavhaug<\/p>\n<p>&#8211; Vi kommer ikke hjem p\u00e5 fredag, vi kommer hjem p\u00e5 mandag, svarte jeg da.\u00a0Jeg tror jo det kommer til \u00e5 g\u00e5 ekstremt d\u00e5rlig, det her, men det kommer til \u00e5 bli veldig g\u00f8y, ler han.<\/p>\n<p>Ingenting planlagt\t<\/p>\n<p>Solberg og Nilsen skal p\u00e5 ferie til Gran Canaria, hvor i hvert fall Solberg skal f\u00e5 oppleve all inclusive for aller f\u00f8rste gang. Utover dette er ingenting for turen planlagt.<\/p>\n<p>    <a itemprop=\"url\" href=\"https:\/\/www.seher.no\/kjendis\/skal-klare-det-pa-tre-uker\/83833458\" rel=\"nofollow noopener\" target=\"_blank\"><\/p>\n<p>        <img loading=\"lazy\" decoding=\"async\" src=\"https:\/\/www.europesays.com\/no\/wp-content\/uploads\/2026\/01\/83834222.webp.webp\" width=\"980\" height=\"441\" title=\"- Falt av barkrakken\" alt=\"\" class=\"lazyload\" style=\"--aspect-ratio-image: 2.22; \"\/><\/p>\n<p>        &#8211; Falt av barkrakken<\/p>\n<p>    <\/a><\/p>\n<p class=\"font-weight-bold m-font-weight-bold\" data-lab-font_weight=\"font-weight-bold\">&#8211; Jeg tenker jeg skal overraske Emil i morgen med at jeg ikke har planlagt noe, ler han.<\/p>\n<p>Det er noen \u00e5rs aldersforskjell p\u00e5 de to reisekompisene, men det bekymrer ikke Solberg overhodet.<\/p>\n<p>        ANGSTANFALL: Det ble en dramatisk start p\u00e5 \u00abFarmen kjendis\u00bb-oppholdet for komiker Jonas Lihaug Fredriksen. Reporter: Nora Skavhaug. Video: Sanne Holt\/ TV 2\/ R\u00f8d L\u00f8per<\/p>\n<p>&#8211; Jeg har jo venner fra 20 til 60 \u00e5r. S\u00e5 det kan bli bra. Det verste som kan skje er jo at vi ikke g\u00e5r overens i det hele tatt, og jeg sier s\u00e5nn: Du kan ikke bo her. Du m\u00e5 finne et annet sted.<\/p>\n<p class=\"font-weight-bold m-font-weight-bold\" data-lab-font_weight=\"font-weight-bold\">Solberg regner med at noen kommer til \u00e5 tenke at de to skal p\u00e5 date.<\/p>\n<p>    <a itemprop=\"url\" href=\"https:\/\/www.seher.no\/kjendis\/startet-dagen-i-ambulanse\/83829703\" rel=\"nofollow noopener\" target=\"_blank\"><\/p>\n<p>        <img loading=\"lazy\" decoding=\"async\" src=\"https:\/\/www.europesays.com\/no\/wp-content\/uploads\/2026\/01\/83829700.webp.webp\" width=\"980\" height=\"441\" title=\"- Startet dagen i ambulanse\" alt=\"\" class=\"lazyload\" style=\"--aspect-ratio-image: 2.22; \"\/><\/p>\n<p>        &#8211; Startet dagen i ambulanse<\/p>\n<p>    <\/a><\/p>\n<p>Dette avkrefter han med en gang og sier han heller ser for seg et nytt vennskap enn en fremtidig stefar til barna sine.<\/p>\n","protected":false},"excerpt":{"rendered":"Sebastian Solberg: Influenseren skal p\u00e5 spontan bl\u00e5tur med en TikTok-kar han aldri har truffet f\u00f8r. BL\u00c5TUR: Sebastian Solberg&hellip;\n","protected":false},"author":2,"featured_media":135988,"comment_status":"","ping_status":"","sticky":false,"template":"","format":"standard","meta":{"footnotes":""},"categories":[12],"tags":[20,21,15581,24,25,15,479,22,23,13,30,28,29,14,16,774,26,27,42,43,44,45],"class_list":{"0":"post-135987","1":"post","2":"type-post","3":"status-publish","4":"format-standard","5":"has-post-thumbnail","7":"category-verden","8":"tag-breaking-news","9":"tag-breakingnews","10":"tag-emil-alexander-nilsen","11":"tag-featured-news","12":"tag-featurednews","13":"tag-headlines","14":"tag-kjendis","15":"tag-latest-news","16":"tag-latestnews","17":"tag-news","18":"tag-no","19":"tag-norge","20":"tag-norway","21":"tag-nyheter","22":"tag-overskrifter","23":"tag-sebastian-solberg","24":"tag-top-stories","25":"tag-topstories","26":"tag-verden","27":"tag-world","28":"tag-world-news","29":"tag-worldnews"},"share_on_mastodon":{"url":"https:\/\/pubeurope.com\/@no\/115888914803071119","error":""},"_links":{"self":[{"href":"https:\/\/www.europesays.com\/no\/wp-json\/wp\/v2\/posts\/135987","targetHints":{"allow":["GET"]}}],"collection":[{"href":"https:\/\/www.europesays.com\/no\/wp-json\/wp\/v2\/posts"}],"about":[{"href":"https:\/\/www.europesays.com\/no\/wp-json\/wp\/v2\/types\/post"}],"author":[{"embeddable":true,"href":"https:\/\/www.europesays.com\/no\/wp-json\/wp\/v2\/users\/2"}],"replies":[{"embeddable":true,"href":"https:\/\/www.europesays.com\/no\/wp-json\/wp\/v2\/comments?post=135987"}],"version-history":[{"count":0,"href":"https:\/\/www.europesays.com\/no\/wp-json\/wp\/v2\/posts\/135987\/revisions"}],"wp:featuredmedia":[{"embeddable":true,"href":"https:\/\/www.europesays.com\/no\/wp-json\/wp\/v2\/media\/135988"}],"wp:attachment":[{"href":"https:\/\/www.europesays.com\/no\/wp-json\/wp\/v2\/media?parent=135987"}],"wp:term":[{"taxonomy":"category","embeddable":true,"href":"https:\/\/www.europesays.com\/no\/wp-json\/wp\/v2\/categories?post=135987"},{"taxonomy":"post_tag","embeddable":true,"href":"https:\/\/www.europesays.com\/no\/wp-json\/wp\/v2\/tags?post=135987"}],"curies":[{"name":"wp","href":"https:\/\/api.w.org\/{rel}","templated":true}]}}