{"id":135991,"date":"2026-01-13T17:15:11","date_gmt":"2026-01-13T17:15:11","guid":{"rendered":"https:\/\/www.europesays.com\/no\/135991\/"},"modified":"2026-01-13T17:15:11","modified_gmt":"2026-01-13T17:15:11","slug":"ulykker-og-hendelser-sandvika-har-funnet-feil-som-lammet-togtrafikken-budstikka","status":"publish","type":"post","link":"https:\/\/www.europesays.com\/no\/135991\/","title":{"rendered":"Ulykker og hendelser, Sandvika | Har funnet feil som lammet togtrafikken &#8211; Budstikka"},"content":{"rendered":"<ol>\n<li><a href=\"https:\/\/news.google.com\/rss\/articles\/CBMihgFBVV95cUxPcUVYVDZjY0RzRV9OZHpHelh0VWZCQ2w3UG5oN3JNekJuOVFtbUlQR0VXMURiSHVHcGRRY2hHdFg5MERsM2pGcER4NExPVktQdDYzNlZEUnBzWnpPYlJxejh2RzBXZVJObmxmMHVkaXpzbUFJX2JUM05vQXdOcHRSb21td3hlZw?oc=5\" target=\"_blank\" rel=\"nofollow noopener\">Ulykker og hendelser, Sandvika | Har funnet feil som lammet togtrafikken<\/a>&nbsp;&nbsp;Budstikka<\/li>\n<li><a href=\"https:\/\/news.google.com\/rss\/articles\/CBMiiAFBVV95cUxQZ0JLOVZETkRNMEJweHdpd2VhQkpKMnhWNXNrV0Z4YkQtbm5NVmladDY3U2Y4bVJDWGVUQ1ZKcDhQMnFYRUZoQzhJQWdKOEIweExkM2I2M2NucDhTcm05Z0NCNUdzOUJYUkd2dVhPLU1PRGlpcllxbi1hWDVjQzZhNFdFYWlxckJM?oc=5\" target=\"_blank\" rel=\"nofollow noopener\">Togtrafikken stengt etter r\u00f8ykutvikling<\/a>&nbsp;&nbsp;Dagbladet<\/li>\n<li><a href=\"https:\/\/news.google.com\/rss\/articles\/CBMixwFBVV95cUxPRUt4d3poZTgxLXBvUzNTbVgyWEY0SldFM29aWkdEeFZaZVRkUGdUZU00b28yaUFuRWxMT2ZqNEQ2VlctNTd2RFJtWkRWRHF0Rzd3bDM0cFB3czdzcGN1aEs0N25KZWJMcXNtUHF3WTFxdkdwaDRkVUtZSXVWQTZHYzdUQ1VUMmNrTXIwUVRiQW5yV1dDVmRYamhyNUc5bmpqWlhHQW10NExBVHdOZUwtM21WZE8tRzJ5b0tCa1VSRTZDZk43eXpn?oc=5\" target=\"_blank\" rel=\"nofollow noopener\">S\u00f8r-Korea: P\u00e5talemyndigheten vil d\u00f8mme eks-president til d\u00f8den<\/a>&nbsp;&nbsp;TV2.no<\/li>\n<li><a href=\"https:\/\/news.google.com\/rss\/articles\/CBMiuwFBVV95cUxPV3QzcUtOSE03eEc4Wngydzcyam4wbXNONEVjNlpTdzN0NkFIc1F2V1RYZnA0eFdoVVRyQlBiS3BtYjhPalYwMFN1Z3FrZWpid1BLd0tMZWp4enQxcmNWcERmM2U4NnpnWGdKWkRLN3BZUjNxTjVBMFNFWTBzdG4zbG9xdXB1bFFFZDA5SDBxV2tLUEFQSDladXZpM1hJTTF4Y0Q1WXgzSHhieUZrODk0OFc4WmRGcGtxN0g4?oc=5\" target=\"_blank\" rel=\"nofollow noopener\">R\u00f8ykutvikling ved Nationaltheatret stasjon \u2013 situasjonen er under kontroll<\/a>&nbsp;&nbsp;adressa.no<\/li>\n<li><a href=\"https:\/\/news.google.com\/rss\/articles\/CBMijgFBVV95cUxPUHdaYkR2el9wR2JpUjlRcy15bnQwSGNLVE9IcHBTRlQzY1ZmWFJDMm9OMU5LVVpBbVl0VUFqOVBJQmJIcEFEWHhTWDVzTy1zQWtHSllMb2FxWVU2bmZCNlBYY3drb1FROU1KZWZhRTRMSldkRmNIRHVfS2hpeE1HUXl2Tzc2YmtCYUZqZHlB?oc=5\" target=\"_blank\" rel=\"nofollow noopener\">R\u00f8ykutvikling i gammelt lokaltog stanset trafikken i Oslotunnelen<\/a>&nbsp;&nbsp;Teknisk Ukeblad<\/li>\n<\/ol>\n","protected":false},"excerpt":{"rendered":"Ulykker og hendelser, Sandvika | Har funnet feil som lammet togtrafikken&nbsp;&nbsp;Budstikka Togtrafikken stengt etter r\u00f8ykutvikling&nbsp;&nbsp;Dagbladet S\u00f8r-Korea: P\u00e5talemyndigheten vil&hellip;\n","protected":false},"author":2,"featured_media":135992,"comment_status":"","ping_status":"","sticky":false,"template":"","format":"standard","meta":{"footnotes":""},"categories":[5],"tags":[20,21,24,25,15,19,22,23,17,18,13,30,28,29,14,16,26,27],"class_list":{"0":"post-135991","1":"post","2":"type-post","3":"status-publish","4":"format-standard","5":"has-post-thumbnail","7":"category-overskrifter","8":"tag-breaking-news","9":"tag-breakingnews","10":"tag-featured-news","11":"tag-featurednews","12":"tag-headlines","13":"tag-hovedoppslag","14":"tag-latest-news","15":"tag-latestnews","16":"tag-main-news","17":"tag-mainnews","18":"tag-news","19":"tag-no","20":"tag-norge","21":"tag-norway","22":"tag-nyheter","23":"tag-overskrifter","24":"tag-top-stories","25":"tag-topstories"},"share_on_mastodon":{"url":"https:\/\/pubeurope.com\/@no\/115888922581433667","error":""},"_links":{"self":[{"href":"https:\/\/www.europesays.com\/no\/wp-json\/wp\/v2\/posts\/135991","targetHints":{"allow":["GET"]}}],"collection":[{"href":"https:\/\/www.europesays.com\/no\/wp-json\/wp\/v2\/posts"}],"about":[{"href":"https:\/\/www.europesays.com\/no\/wp-json\/wp\/v2\/types\/post"}],"author":[{"embeddable":true,"href":"https:\/\/www.europesays.com\/no\/wp-json\/wp\/v2\/users\/2"}],"replies":[{"embeddable":true,"href":"https:\/\/www.europesays.com\/no\/wp-json\/wp\/v2\/comments?post=135991"}],"version-history":[{"count":0,"href":"https:\/\/www.europesays.com\/no\/wp-json\/wp\/v2\/posts\/135991\/revisions"}],"wp:featuredmedia":[{"embeddable":true,"href":"https:\/\/www.europesays.com\/no\/wp-json\/wp\/v2\/media\/135992"}],"wp:attachment":[{"href":"https:\/\/www.europesays.com\/no\/wp-json\/wp\/v2\/media?parent=135991"}],"wp:term":[{"taxonomy":"category","embeddable":true,"href":"https:\/\/www.europesays.com\/no\/wp-json\/wp\/v2\/categories?post=135991"},{"taxonomy":"post_tag","embeddable":true,"href":"https:\/\/www.europesays.com\/no\/wp-json\/wp\/v2\/tags?post=135991"}],"curies":[{"name":"wp","href":"https:\/\/api.w.org\/{rel}","templated":true}]}}