{"id":136028,"date":"2026-01-13T17:48:32","date_gmt":"2026-01-13T17:48:32","guid":{"rendered":"https:\/\/www.europesays.com\/no\/136028\/"},"modified":"2026-01-13T17:48:32","modified_gmt":"2026-01-13T17:48:32","slug":"vanskelig-a-forsta-at-de-ikke-er-apne-nrk-sport-sportsnyheter-resultater-og-sendeplan","status":"publish","type":"post","link":"https:\/\/www.europesays.com\/no\/136028\/","title":{"rendered":"\u00abVanskelig \u00e5 forst\u00e5 at de ikke er \u00e5pne\u00bb \u2013 NRK Sport \u2013 Sportsnyheter, resultater og sendeplan"},"content":{"rendered":"<p>F\u00f8r jul, for ganske n\u00f8yaktig en m\u00e5ned siden, varslet jeg om at landslagsledelsen kom til \u00e5 havne i en utrivelig spagat. I l\u00f8pet av to rennhelger i verdenscupen hadde ni norske herrer v\u00e6rt p\u00e5 pallen, og til OL f\u00e5r bare \u00e5tte menn reise.<\/p>\n<p>Siden den gang har det blitt konkurrert i Davos, og senere under Tour de ski i Toblach og Val di Fiemme.<\/p>\n<p><strong>Noen har styrket sitt kandidatur. Noen har svekket sitt. Og for noen er det lille de hadde av h\u00e5p helt borte.<\/strong><\/p>\n<p>For f\u00f8rste gang p\u00e5 mange \u00e5r har jeg f\u00e5tt vitne \u00abdramaet\u00bb fra utsiden, og jeg m\u00e5 si det er noe fascinerende ved det. Ut\u00f8vere som erkl\u00e6rer seg selv klare, journalister som sklir ut av sin rolle som objektiv og legger inn en \u00abvirker \u00e5 v\u00e6re n\u00e6rmest de siste plassene\u00bb-formulering \u2013 og eksperter som naturlig nok mener noe.<\/p>\n<p>Det har blitt referert flere ganger til sesonginformasjonen til Norges Skiforbund langrenn i l\u00f8pet av de to siste ukene enn jeg har opplevd gjennom hele<br \/>min aktive skikarriere.<\/p>\n<p><strong>S\u00e5 kan man jo stille seg sp\u00f8rsm\u00e5let: Hvorfor skjer det?<\/strong><\/p>\n<p>Tenker ledelsen annerledes?<\/p>\n<p>Sesonginformasjonen viser til at et OL-lag skal offentliggj\u00f8res med tredje og siste uttak etter Tour de ski, men at Skiforbundet i spesielle tilfeller vil kunne gj\u00f8re en siste komplettering av troppen etter NM p\u00e5 ski.<\/p>\n<p>Resultatet etter Tour de ski var at kun Mattis Stenshagen, som vant to verdenscuprenn gjennom touren, ble klar. Det betyr at det fortsatt er to plasser igjen p\u00e5 herresiden.&#8217;<\/p>\n<p>Det sesonginformasjonen ikke sier noen ting om, er sammensetningen av l\u00f8perne i troppen til OL.<\/p>\n<p><img decoding=\"async\"   src=\"data:image\/gif;base64,R0lGODlhAQABAIAAAAAAAP\/\/\/yH5BAEAAAAALAAAAAABAAEAAAIBRAA7\" loading=\"eager\" alt=\"Trener Erik Myhr Nossum og trener Arlid Monsen\" title=\"Foto: Terje Pedersen \/ NTB\"\/><\/p>\n<p class=\"\">M\u00c5 BLI ENIGE: Om Arild Monsen og Eirik Myhr Nossum tenker likt f\u00f8r det siste OL-uttaket, vet bare Monsen og Nossum.<\/p>\n<p>Foto: Terje Pedersen \/ NTB<\/p>\n<p><strong>Mange, meg selv inkludert, har tenkt at Norge sannsynligvis bare kom til \u00e5 reise med \u00e9n spesialsprinter til OL og at Harald \u00d8stberg Amundsen kom til \u00e5 f\u00e5 den \u00absiste\u00bb plassen p\u00e5 det sprintlaget sammen med Kl\u00e6bo, Valnes og denne ene. Men tenker ledelsen kanskje annerledes?<\/strong><\/p>\n<p>For ser man p\u00e5 resultatene til Ansgar Evensen og Oskar Opstad Vike i klassisk sprint, s\u00e5 er det ikke vanskelig \u00e5 argumentere for at de begge fortjener en plass i OL-troppen.<\/p>\n<p>Uttaket til OL gj\u00f8res skal gj\u00f8res ut fra kriterier som er rangert i denne rekkef\u00f8lgen:<\/p>\n<p><strong>1. Relevante resultater i World Cup 2025\/26<\/strong><\/p>\n<p><strong>2. Resultater i 2024\/25<\/strong><\/p>\n<p><strong>3. Prestasjoner i tidligere mesterskap er meritterende<\/strong><\/p>\n<p>Tallenes tale<\/p>\n<p><strong>Ansgar Evensen <\/strong>har tredjeplass fra Ruka, etterfulgt av finaleplasser b\u00e5de i Trondheim og Val di Fiemme. I fjor tok han to andreplasser i verdenscupen i klassisk sprint.<\/p>\n<p><strong>Oskar Opstad Vike<\/strong> har andreplass fra Trondheim og en sjuendeplass fra Ruka. I fjor tok han en pallplass i verdenscupen i klassisk sprint, i det som var hans f\u00f8rste sesong som seniorl\u00f8per.<\/p>\n<p>I et VM, der Norge kan melde p\u00e5 12 ut\u00f8vere pluss tittelforsvarere, hadde de v\u00e6rt selvskrevne p\u00e5 laget. Situasjonen med bare \u00e5tte plasser, gj\u00f8r det hele mer komplisert.<\/p>\n<p>P\u00e5 distansesiden har <strong>Emil Iversen<\/strong> tatt seg selv ut til OL, og en haug med eksperter har gjort det samme. Formkurve og resultater gj\u00f8r at jeg ogs\u00e5 kan istemme og si at det selvsagt hadde v\u00e6rt fortjent.<\/p>\n<p><strong>Men fortjener han i st\u00f8rre grad \u00e5 v\u00e6re i OL enn Evensen og\/eller Vike? Ut\u00f8vere som papiret har minst like store medaljesjanser?<\/strong><\/p>\n<p>Den eneste som har v\u00e6rt i n\u00e6rheten<\/p>\n<p>I min kommentar i desember stilte jeg sp\u00f8rsm\u00e5let om hvilke muligheter det egentlig var til \u00e5 g\u00e5 seg inn p\u00e5 OL-laget gjennom Tour de ski. Med unntak av den klassiske sprinten var det ingen andre OL-\u00f8velser p\u00e5 programmet.<\/p>\n<p>Men ut\u00f8vere med allerede gode resultater, kunne bekrefte form.<\/p>\n<p>Det klarte ikke <strong>Andreas Fjorden Ree.<\/strong> Men han er den eneste som har i v\u00e6rt i n\u00e6rheten av \u00e5 tukte Einar Hedegart p\u00e5 OL-\u00f8velsen 10 km fri i vinter. S\u00e5nn sett kan man vel argumentere for at han har den eneste gullkandidaten av disse fire?<\/p>\n<p>Ree har ogs\u00e5 en sterk fjerdeplass fra klassisk distanse i Ruka, med b\u00e5de Martin L\u00f8wstr\u00f8m Nyenget og \u00f8sterrikeren Mika Vermeulen p\u00e5 startstreken (som begge ikke var i Tour de Ski).<\/p>\n<p>Tause<\/p>\n<p><strong>Problemet slik jeg ser det knytter seg f\u00f8rst og fremst til kommunikasjonen fra Skiforbundets side. For oppi alt dette forholder de seg helt tause.<\/strong><\/p>\n<p>De har ikke villet svare p\u00e5 sp\u00f8rsm\u00e5l som knytter seg til sammensetning av l\u00f8pere til OL. Ei heller gitt noen forklaring p\u00e5 hvorfor dette er en spesiell situasjon og at man vil avvente resultatene i NM f\u00f8r de gj\u00f8r de gj\u00f8r den endelige kompletteringen av troppen.<\/p>\n<p><img decoding=\"async\"   src=\"data:image\/gif;base64,R0lGODlhAQABAIAAAAAAAP\/\/\/yH5BAEAAAAALAAAAAABAAEAAAIBRAA7\" loading=\"eager\" alt=\"Mattis Stenshagen\" title=\"Foto: Terje Pedersen \/ NTB\"\/><\/p>\n<p class=\"\">MUNNKURV: Her visste Mattis Stenshagen at han var klar for OL, men det hadde han f\u00e5tt beskjed om \u00e5 ikke avsl\u00f8re.<\/p>\n<p>Foto: Terje Pedersen \/ NTB<\/p>\n<p>S\u00f8ndagen i Tour de ski sier trener Eirik Myhr Nossum til media at det ikke blir noe OL-uttak f\u00f8r NM. Da har allerede Mattis Stenshagen f\u00e5tt beskjed dagen f\u00f8r at han er klar.<\/p>\n<p><strong>Da er det direkte l\u00f8gn og utvilsomt en d\u00e5rlig kommunikasjonsstrategi.<\/strong><\/p>\n<p>Om det er slik jeg tror, at de vurderer sammensetningen av troppen og vurderer disse fire ut\u00f8verne, s\u00e5 er det vanskelig \u00e5 forst\u00e5 at de ikke er \u00e5pne om nettopp det.<\/p>\n<p>\u00c5pner for spekulasjon<\/p>\n<p>Alle disse fire ut\u00f8verne har kvalifiserende resultater \u2013 noen vil bli skuffet uansett. Det \u00e5 utvise skj\u00f8nn er den eneste m\u00e5ten man klarer \u00e5 komme seg videre p\u00e5.<\/p>\n<p>Man kunne lett avv\u00e6pnet hele situasjonen og skapt mer forst\u00e5else. Kanskje de til og med brenner inne med noen gode poenger?<\/p>\n<p>I stedet danner det grobunn for at man kan spekulere i om de fortsatt holder d\u00f8ra p\u00e5 gl\u00f8tt for ut\u00f8vere utover disse fire nevnte.<\/p>\n<p><strong>Om s\u00e5 er tilfelle, kan man bare skrote sesonginformasjonen en gang for alle.<\/strong><\/p>\n<p>Da slipper man i alle fall \u00e5 svare p\u00e5 det i fremtiden.<\/p>\n<p>Publisert<\/p>\n<p>13.01.2026, kl. 05.08<\/p>\n<p>Oppdatert<\/p>\n<p>13.01.2026, kl. 11.19<\/p>\n","protected":false},"excerpt":{"rendered":"F\u00f8r jul, for ganske n\u00f8yaktig en m\u00e5ned siden, varslet jeg om at landslagsledelsen kom til \u00e5 havne i&hellip;\n","protected":false},"author":2,"featured_media":136029,"comment_status":"","ping_status":"","sticky":false,"template":"","format":"standard","meta":{"footnotes":""},"categories":[59],"tags":[30,28,29,83,82],"class_list":{"0":"post-136028","1":"post","2":"type-post","3":"status-publish","4":"format-standard","5":"has-post-thumbnail","7":"category-sport","8":"tag-no","9":"tag-norge","10":"tag-norway","11":"tag-sport","12":"tag-sports"},"share_on_mastodon":{"url":"https:\/\/pubeurope.com\/@no\/115889052542597033","error":""},"_links":{"self":[{"href":"https:\/\/www.europesays.com\/no\/wp-json\/wp\/v2\/posts\/136028","targetHints":{"allow":["GET"]}}],"collection":[{"href":"https:\/\/www.europesays.com\/no\/wp-json\/wp\/v2\/posts"}],"about":[{"href":"https:\/\/www.europesays.com\/no\/wp-json\/wp\/v2\/types\/post"}],"author":[{"embeddable":true,"href":"https:\/\/www.europesays.com\/no\/wp-json\/wp\/v2\/users\/2"}],"replies":[{"embeddable":true,"href":"https:\/\/www.europesays.com\/no\/wp-json\/wp\/v2\/comments?post=136028"}],"version-history":[{"count":0,"href":"https:\/\/www.europesays.com\/no\/wp-json\/wp\/v2\/posts\/136028\/revisions"}],"wp:featuredmedia":[{"embeddable":true,"href":"https:\/\/www.europesays.com\/no\/wp-json\/wp\/v2\/media\/136029"}],"wp:attachment":[{"href":"https:\/\/www.europesays.com\/no\/wp-json\/wp\/v2\/media?parent=136028"}],"wp:term":[{"taxonomy":"category","embeddable":true,"href":"https:\/\/www.europesays.com\/no\/wp-json\/wp\/v2\/categories?post=136028"},{"taxonomy":"post_tag","embeddable":true,"href":"https:\/\/www.europesays.com\/no\/wp-json\/wp\/v2\/tags?post=136028"}],"curies":[{"name":"wp","href":"https:\/\/api.w.org\/{rel}","templated":true}]}}