{"id":136032,"date":"2026-01-13T17:52:11","date_gmt":"2026-01-13T17:52:11","guid":{"rendered":"https:\/\/www.europesays.com\/no\/136032\/"},"modified":"2026-01-13T17:52:11","modified_gmt":"2026-01-13T17:52:11","slug":"iran-demonstrasjoner-kaller-inn-iranske-ambassadorer","status":"publish","type":"post","link":"https:\/\/www.europesays.com\/no\/136032\/","title":{"rendered":"Iran, Demonstrasjoner | Kaller inn Iranske ambassad\u00f8rer"},"content":{"rendered":"\n<p>Bakgrunnen er den brutale volden som det iranske regimet bruker for \u00e5 stanse demonstrasjonene, og som if\u00f8lge iranske eksilgrupper har f\u00f8rt til at hundrevis av mennesker, muligens tusenvis, er drept.<\/p>\n<p>Utenriksdepartementene i Madrid og Helsingfors var f\u00f8rst ute. Deretter fulgte Amsterdam og K\u00f8benhavn.<\/p>\n<p>Tirsdag ettermiddag ble ogs\u00e5 den iranske ambassad\u00f8ren i Frankrike kalt inn p\u00e5 teppet p\u00e5 bakgrunn av det utenriksminister Jean-Noel Barrot kaller en \u00abut\u00e5lelig og inhuman\u00bb reaksjon p\u00e5 protestene.<\/p>\n<p>\u2013 Jeg har formidlet min ford\u00f8mmelse til min iranske motpart. Det vil bli gjentatt til den iranske ambassad\u00f8ren i Paris, som jeg kalte inn i dag, sier han.<\/p>\n<p><b>Les ogs\u00e5:<a class=\"simple-relation related-teaser article--c-eRUmMG article--c-eRUmMG-fZoQSp-design-nettavisen article--c-eRUmMG-gwthdJ-cv\" href=\"https:\/\/www.nettavisen.no\/trump-innforer-straffetoll-for-alle-som-handler-med-iran\/s\/5-95-2821570\" rel=\"nofollow noopener\" target=\"_blank\">Trump innf\u00f8rer straffetoll for alle som handler med Iran<\/a><\/b><\/p>\n<p>\u2013 Dreper i stillhet<\/p>\n<p>Finlands utenriksminister Elina Valtonen anklager regimet i Iran for \u00e5 \u00abdrepe og undertrykke i stillhet\u00bb ettersom nettforbindelsen i Iran er kuttet.<\/p>\n<p>\u2013 Dette kommer vi ikke til \u00e5 tolerere. Vi st\u00e5r sammen med folket i Iran, b\u00e5de kvinner og menn, skriver hun p\u00e5 <a href=\"https:\/\/x.com\/elinavaltonen\/status\/2010950229000933674\" rel=\"nofollow\">X<\/a>.<\/p>\n<p>If\u00f8lge Valtonen unders\u00f8ker Finland sammen med EU hvordan det er mulig \u00e5 gi det iranske folket friheten tilbake.<\/p>\n<p>   <img decoding=\"async\" width=\"8383\" height=\"5589\" fetchpriority=\"low\"  loading=\"lazy\"  src=\"https:\/\/www.europesays.com\/no\/wp-content\/uploads\/2026\/01\/cueres_scp-ggtitngfa_gGT2iTngf1A.jpg\" alt=\"Finland's Foreign Minister Elina Valtonen speaks with the media as she arrives for a meeting of NATO foreign ministers at NATO headquarters in Brussels, Wednesday, Dec. 3, 2025. (AP Photo\/Virginia Mayo)\" class=\"brick-c-cFOWSL\" style=\"--brick-image-ratio: 8383 \/ 5589;\"\/><\/p>\n<p>      VIL IKKE TOLERERE: Finlands utenriksminister Elina Valtonen, her under en pressekonferanse i Nato-hovedkvarteret i Brussel i desembeR.<br \/>\n      Foto: Virginia Mayo \/ AP \/ NTB\n    <\/p>\n<p>I Spania ba utenriksminister Jos\u00e9 Manuel Albares om at iranske menn og kvinners rett til fredelige protester og ytringsfrihet m\u00e5 respekteres, og at arrestasjoner uten lov og dom m\u00e5 stanse.<\/p>\n<p><b>Les ogs\u00e5: <a class=\"simple-relation related-teaser article--c-eRUmMG article--c-eRUmMG-fZoQSp-design-nettavisen article--c-eRUmMG-gwthdJ-cv\" href=\"https:\/\/www.nettavisen.no\/eksperter-irans-jamming-av-starlink-er-uten-sidestykke\/s\/5-95-2821549\" rel=\"nofollow noopener\" target=\"_blank\">Eksperter: Irans jamming av Starlink er uten sidestykke<\/a><\/b><\/p>\n<p>\u2013 Brutal historie<\/p>\n<p>Nederlands utenriksminister David van Weel ford\u00f8mmer ogs\u00e5 volden og sier at Iran m\u00e5 gjenopprette nettforbindelsen med umiddelbar virkning.<\/p>\n<p>I Danmark var den iranske ambassad\u00f8ren bortreist, dermed var den en annen iransk diplomat som ble innkalt.<\/p>\n<p>\u2013 Det iranske regimet har en lang og brutal historikk med \u00e5 sl\u00e5 hardt ned p\u00e5 folkets protester. Det har vi igjen v\u00e6rt vitne til de siste ukene, og det er ganske enkelt uakseptabelt, sier utenriksminister Lars L\u00f8kke Rasmussen.<\/p>\n<p>Ogs\u00e5 FNs h\u00f8ykommiss\u00e6r for menneskerettigheter Volker T\u00fcrk ford\u00f8mte tirsdag volden.<\/p>\n<p><b>Les ogs\u00e5: <a class=\"simple-relation related-teaser article--c-eRUmMG article--c-eRUmMG-fZoQSp-design-nettavisen article--c-eRUmMG-gwthdJ-cv\" href=\"https:\/\/www.nettavisen.no\/nato-sjefen-hyller-trump\/s\/5-95-2821001\" rel=\"nofollow noopener\" target=\"_blank\">Nato-sjefen hyller Trump<\/a><\/b><\/p>\n<p>\u2013 Slutt med terroriststempel<\/p>\n<p>\u2013 Drapene p\u00e5 fredelige demonstranter m\u00e5 stanse, og det \u00e5 stemple demonstrantene som terrorister for \u00e5 rettferdiggj\u00f8re volden mot dem, er uakseptabelt, sa T\u00fcrk.<\/p>\n<p>Oslo-baserte Iran Human Rights opplyste mandag at de har verifisert at minst 648 mennesker er blitt drept i protestb\u00f8lgen siden romjulen, men at tallet trolig er mye h\u00f8yere. Ettersom nett- og telefonforbindelsen i Iran er stengt, er det vanskelig \u00e5 f\u00e5 verifisert de reelle drapstallene.<\/p>\n<p>(\u00a9NTB)<\/p>\n","protected":false},"excerpt":{"rendered":"Bakgrunnen er den brutale volden som det iranske regimet bruker for \u00e5 stanse demonstrasjonene, og som if\u00f8lge iranske&hellip;\n","protected":false},"author":2,"featured_media":136033,"comment_status":"","ping_status":"","sticky":false,"template":"","format":"standard","meta":{"footnotes":""},"categories":[12],"tags":[20,21,24,25,15,22,23,13,30,28,29,14,16,26,27,42,43,44,45],"class_list":{"0":"post-136032","1":"post","2":"type-post","3":"status-publish","4":"format-standard","5":"has-post-thumbnail","7":"category-verden","8":"tag-breaking-news","9":"tag-breakingnews","10":"tag-featured-news","11":"tag-featurednews","12":"tag-headlines","13":"tag-latest-news","14":"tag-latestnews","15":"tag-news","16":"tag-no","17":"tag-norge","18":"tag-norway","19":"tag-nyheter","20":"tag-overskrifter","21":"tag-top-stories","22":"tag-topstories","23":"tag-verden","24":"tag-world","25":"tag-world-news","26":"tag-worldnews"},"share_on_mastodon":{"url":"https:\/\/pubeurope.com\/@no\/115889068068710650","error":""},"_links":{"self":[{"href":"https:\/\/www.europesays.com\/no\/wp-json\/wp\/v2\/posts\/136032","targetHints":{"allow":["GET"]}}],"collection":[{"href":"https:\/\/www.europesays.com\/no\/wp-json\/wp\/v2\/posts"}],"about":[{"href":"https:\/\/www.europesays.com\/no\/wp-json\/wp\/v2\/types\/post"}],"author":[{"embeddable":true,"href":"https:\/\/www.europesays.com\/no\/wp-json\/wp\/v2\/users\/2"}],"replies":[{"embeddable":true,"href":"https:\/\/www.europesays.com\/no\/wp-json\/wp\/v2\/comments?post=136032"}],"version-history":[{"count":0,"href":"https:\/\/www.europesays.com\/no\/wp-json\/wp\/v2\/posts\/136032\/revisions"}],"wp:featuredmedia":[{"embeddable":true,"href":"https:\/\/www.europesays.com\/no\/wp-json\/wp\/v2\/media\/136033"}],"wp:attachment":[{"href":"https:\/\/www.europesays.com\/no\/wp-json\/wp\/v2\/media?parent=136032"}],"wp:term":[{"taxonomy":"category","embeddable":true,"href":"https:\/\/www.europesays.com\/no\/wp-json\/wp\/v2\/categories?post=136032"},{"taxonomy":"post_tag","embeddable":true,"href":"https:\/\/www.europesays.com\/no\/wp-json\/wp\/v2\/tags?post=136032"}],"curies":[{"name":"wp","href":"https:\/\/api.w.org\/{rel}","templated":true}]}}